
{"id":63472,"date":"2026-09-05T07:00:00","date_gmt":"2026-09-05T06:00:00","guid":{"rendered":"https:\/\/movery.it\/?p=63472"},"modified":"2026-09-01T12:00:07","modified_gmt":"2026-09-01T11:00:07","slug":"sentiero-di-punta-campanella-trekking-tra-natura-storia-e-panorami-su-capri","status":"publish","type":"post","link":"https:\/\/movery.it\/en\/sentiero-di-punta-campanella-trekking-tra-natura-storia-e-panorami-su-capri\/","title":{"rendered":"Sentiero di Punta Campanella: trekking tra natura, storia e panorami su Capri"},"content":{"rendered":"<div id=\"ez-toc-container\" class=\"ez-toc-v2_0_68_1 ez-toc-wrap-left counter-hierarchy ez-toc-counter ez-toc-custom ez-toc-container-direction\">\n<div class=\"ez-toc-title-container\">\n<p class=\"ez-toc-title\" >Table of Contents<\/p>\n<span class=\"ez-toc-title-toggle\"><\/span><\/div>\n<nav><ul class='ez-toc-list ez-toc-list-level-1' ><li class='ez-toc-page-1 ez-toc-heading-level-2'><a class=\"ez-toc-link ez-toc-heading-1\" href=\"https:\/\/movery.it\/en\/sentiero-di-punta-campanella-trekking-tra-natura-storia-e-panorami-su-capri\/#Dove_si_trova_Punta_Campanella\" title=\"Dove si trova Punta Campanella\">Dove si trova Punta Campanella<\/a><\/li><li class='ez-toc-page-1 ez-toc-heading-level-2'><a class=\"ez-toc-link ez-toc-heading-2\" href=\"https:\/\/movery.it\/en\/sentiero-di-punta-campanella-trekking-tra-natura-storia-e-panorami-su-capri\/#Il_percorso_da_Termini_a_Punta_Campanella\" title=\"Il percorso da Termini a Punta Campanella\">Il percorso da Termini a Punta Campanella<\/a><\/li><li class='ez-toc-page-1 ez-toc-heading-level-2'><a class=\"ez-toc-link ez-toc-heading-3\" href=\"https:\/\/movery.it\/en\/sentiero-di-punta-campanella-trekking-tra-natura-storia-e-panorami-su-capri\/#Punta_Campanella_tra_storia_e_leggenda\" title=\"Punta Campanella tra storia e leggenda\">Punta Campanella tra storia e leggenda<\/a><\/li><li class='ez-toc-page-1 ez-toc-heading-level-2'><a class=\"ez-toc-link ez-toc-heading-4\" href=\"https:\/\/movery.it\/en\/sentiero-di-punta-campanella-trekking-tra-natura-storia-e-panorami-su-capri\/#La_Torre_di_Punta_Campanella\" title=\"La Torre di Punta Campanella\">La Torre di Punta Campanella<\/a><\/li><li class='ez-toc-page-1 ez-toc-heading-level-2'><a class=\"ez-toc-link ez-toc-heading-5\" href=\"https:\/\/movery.it\/en\/sentiero-di-punta-campanella-trekking-tra-natura-storia-e-panorami-su-capri\/#Il_panorama_su_Capri\" title=\"Il panorama su Capri\">Il panorama su Capri<\/a><\/li><li class='ez-toc-page-1 ez-toc-heading-level-2'><a class=\"ez-toc-link ez-toc-heading-6\" href=\"https:\/\/movery.it\/en\/sentiero-di-punta-campanella-trekking-tra-natura-storia-e-panorami-su-capri\/#La_Baia_di_Ieranto\" title=\"La Baia di Ieranto\">La Baia di Ieranto<\/a><\/li><li class='ez-toc-page-1 ez-toc-heading-level-2'><a class=\"ez-toc-link ez-toc-heading-7\" href=\"https:\/\/movery.it\/en\/sentiero-di-punta-campanella-trekking-tra-natura-storia-e-panorami-su-capri\/#Il_Sentiero_di_Athena\" title=\"Il Sentiero di Athena\">Il Sentiero di Athena<\/a><\/li><li class='ez-toc-page-1 ez-toc-heading-level-2'><a class=\"ez-toc-link ez-toc-heading-8\" href=\"https:\/\/movery.it\/en\/sentiero-di-punta-campanella-trekking-tra-natura-storia-e-panorami-su-capri\/#Proposition_for_you\" title=\"Proposition for you\">Proposition for you<\/a><\/li><li class='ez-toc-page-1 ez-toc-heading-level-2'><a class=\"ez-toc-link ez-toc-heading-9\" href=\"https:\/\/movery.it\/en\/sentiero-di-punta-campanella-trekking-tra-natura-storia-e-panorami-su-capri\/#Come_vestirsi_per_lescursione\" title=\"Come vestirsi per l&#8217;escursione\">Come vestirsi per l&#8217;escursione<\/a><\/li><li class='ez-toc-page-1 ez-toc-heading-level-2'><a class=\"ez-toc-link ez-toc-heading-10\" href=\"https:\/\/movery.it\/en\/sentiero-di-punta-campanella-trekking-tra-natura-storia-e-panorami-su-capri\/#Quando_andare_a_Punta_Campanella\" title=\"Quando andare a Punta Campanella\">Quando andare a Punta Campanella<\/a><\/li><li class='ez-toc-page-1 ez-toc-heading-level-2'><a class=\"ez-toc-link ez-toc-heading-11\" href=\"https:\/\/movery.it\/en\/sentiero-di-punta-campanella-trekking-tra-natura-storia-e-panorami-su-capri\/#Come_arrivare_a_Termini\" title=\"Come arrivare a Termini\">Come arrivare a Termini<\/a><ul class='ez-toc-list-level-3' ><li class='ez-toc-heading-level-3'><a class=\"ez-toc-link ez-toc-heading-12\" href=\"https:\/\/movery.it\/en\/sentiero-di-punta-campanella-trekking-tra-natura-storia-e-panorami-su-capri\/#In_auto\" title=\"By car\">By car<\/a><\/li><li class='ez-toc-page-1 ez-toc-heading-level-3'><a class=\"ez-toc-link ez-toc-heading-13\" href=\"https:\/\/movery.it\/en\/sentiero-di-punta-campanella-trekking-tra-natura-storia-e-panorami-su-capri\/#Con_i_mezzi_pubblici\" title=\"By public transportation\">By public transportation<\/a><\/li><\/ul><\/li><li class='ez-toc-page-1 ez-toc-heading-level-2'><a class=\"ez-toc-link ez-toc-heading-14\" href=\"https:\/\/movery.it\/en\/sentiero-di-punta-campanella-trekking-tra-natura-storia-e-panorami-su-capri\/#Escursione_guidata_a_Punta_Campanella\" title=\"Escursione guidata a Punta Campanella\">Escursione guidata a Punta Campanella<\/a><\/li><\/ul><\/nav><\/div>\n\t\t<div data-elementor-type=\"wp-post\" data-elementor-id=\"63472\" class=\"elementor elementor-63472\">\n\t\t\t\t<div class=\"elementor-element elementor-element-3d181992 e-flex e-con-boxed e-con e-parent\" data-id=\"3d181992\" data-element_type=\"container\">\n\t\t\t\t\t<div class=\"e-con-inner\">\n\t\t\t\t<div class=\"elementor-element elementor-element-18467b01 elementor-widget elementor-widget-text-editor\" data-id=\"18467b01\" data-element_type=\"widget\" data-widget_type=\"text-editor.default\">\n\t\t\t\t<div class=\"elementor-widget-container\">\n\t\t\t\t\t\t\t<!-- wp:paragraph -->\n<p>The <strong>Sentiero di Punta Campanella<\/strong> \u00e8 uno degli itinerari escursionistici pi\u00f9 affascinanti della Penisola Sorrentina. Situato nel territorio di <strong>Massa Lubrense<\/strong>, conduce fino all\u2019estremit\u00e0 della penisola, nel punto in cui il Golfo di Napoli incontra quello di Salerno e dove l\u2019isola di Capri sembra essere a pochi passi dalla costa.<\/p>\n<!-- \/wp:paragraph --><!-- wp:paragraph -->\n<p>Percorrere questo sentiero significa immergersi in un paesaggio caratterizzato da macchia mediterranea, antiche mulattiere, testimonianze archeologiche e vedute spettacolari sul mare. \u00c8 una passeggiata ideale per chi desidera scoprire uno dei lati pi\u00f9 autentici e meno urbanizzati della Penisola Sorrentina.<\/p>\n<!-- \/wp:paragraph --><!-- wp:heading -->\n<h2 class=\"wp-block-heading\"><span class=\"ez-toc-section\" id=\"Dove_si_trova_Punta_Campanella\"><\/span>Dove si trova Punta Campanella<span class=\"ez-toc-section-end\"><\/span><\/h2>\n<!-- \/wp:heading --><!-- wp:paragraph -->\n<p>Punta Campanella rappresenta l\u2019estremit\u00e0 occidentale della Penisola Sorrentina e si trova nel comune di <strong>Massa Lubrense<\/strong>, in provincia di Napoli.<\/p>\n<!-- \/wp:paragraph --><!-- wp:paragraph -->\n<p>Il punto di partenza pi\u00f9 utilizzato per raggiungerla \u00e8 la frazione di <strong>Terms<\/strong>, piccolo borgo panoramico affacciato sull\u2019isola di Capri. Da Piazza Santa Croce si imbocca Via Campanella e, successivamente, l\u2019antica <strong>Minerva Street<\/strong>, una mulattiera di origine greco-romana che conserva ancora in alcuni tratti l&#8217;antica pavimentazione.<\/p>\n<!-- \/wp:paragraph --><!-- wp:paragraph -->\n<p>La posizione di Punta Campanella \u00e8 particolarmente suggestiva perch\u00e9 il promontorio separa geograficamente il <strong>Golfo di Napoli dal Golfo di Salerno<\/strong>.<\/p>\n<!-- \/wp:paragraph --><!-- wp:heading -->\n<h2 class=\"wp-block-heading\"><span class=\"ez-toc-section\" id=\"Il_percorso_da_Termini_a_Punta_Campanella\"><\/span>Il percorso da Termini a Punta Campanella<span class=\"ez-toc-section-end\"><\/span><\/h2>\n<!-- \/wp:heading --><!-- wp:paragraph -->\n<p><a href=\"https:\/\/movery.it\/en\/campania\/costiera-amalfitana\/sentiero-punta-campanella\/\">L&#8217;escursione prende<\/a> il via dal centro di Termini e procede in direzione del promontorio lungo Via Campanella.<\/p>\n<!-- \/wp:paragraph --><!-- wp:paragraph -->\n<p>Dopo poche centinaia di metri si raggiunge il bivio che conduce verso l&#8217;antica Via Minerva. Da questo momento il paesaggio cambia progressivamente: le abitazioni lasciano spazio alla vegetazione mediterranea e il panorama si apre sul mare.<\/p>\n<!-- \/wp:paragraph --><!-- wp:paragraph -->\n<p>Durante la discesa \u00e8 possibile osservare Capri sempre pi\u00f9 da vicino, mentre lungo il percorso compaiono antiche testimonianze della storia del territorio. Il punto pi\u00f9 spettacolare \u00e8 naturalmente l&#8217;arrivo a <strong>Punta Campanella<\/strong>, dove si trovano la torre di avvistamento e il faro. Da qui Capri appare vicinissima e, nelle giornate pi\u00f9 limpide, il panorama sul mare \u00e8 particolarmente suggestivo.<\/p>\n<!-- \/wp:paragraph --><!-- wp:paragraph -->\n<p>L&#8217;escursione proposta da Movery presenta una lunghezza di circa <strong>6,5 km<\/strong>, un dislivello complessivo di circa <strong>300 metri<\/strong> e una durata indicativa di circa <strong>5 ore comprese le soste<\/strong>.<\/p>\n<!-- \/wp:paragraph --><!-- wp:heading -->\n<h2 class=\"wp-block-heading\"><span class=\"ez-toc-section\" id=\"Punta_Campanella_tra_storia_e_leggenda\"><\/span>Punta Campanella tra storia e leggenda<span class=\"ez-toc-section-end\"><\/span><\/h2>\n<!-- \/wp:heading --><!-- wp:paragraph -->\n<p>Punta Campanella non \u00e8 soltanto una destinazione naturalistica, ma anche un luogo profondamente legato alla storia antica e alla mitologia.<\/p>\n<!-- \/wp:paragraph --><!-- wp:paragraph -->\n<p>Nell&#8217;antichit\u00e0 il promontorio era conosciuto come <strong>Promontorium Minervae<\/strong>. Secondo la tradizione, in quest&#8217;area sarebbe sorto un santuario dedicato alla dea Atena, successivamente identificata dai Romani con Minerva. Il luogo era quindi considerato sacro gi\u00e0 in epoca greca. La leggenda collega inoltre questo tratto di costa al mito delle <strong>Sirene<\/strong>, le creature che con il loro canto avrebbero tentato di ammaliare Ulisse durante il suo viaggio narrato nell&#8217;Odissea.<\/p>\n<!-- \/wp:paragraph --><!-- wp:paragraph -->\n<p>Passeggiando lungo l&#8217;antica Via Minerva, storia e mito si intrecciano cos\u00ec con il paesaggio naturale, contribuendo a rendere Punta Campanella uno dei luoghi pi\u00f9 affascinanti della Penisola Sorrentina.<\/p>\n<!-- \/wp:paragraph --><!-- wp:heading -->\n<h2 class=\"wp-block-heading\"><span class=\"ez-toc-section\" id=\"La_Torre_di_Punta_Campanella\"><\/span>La Torre di Punta Campanella<span class=\"ez-toc-section-end\"><\/span><\/h2>\n<!-- \/wp:heading --><!-- wp:paragraph -->\n<p>Uno degli elementi pi\u00f9 riconoscibili del promontorio \u00e8 la <strong>Torre di Punta Campanella<\/strong>, nota anche come Torre Minerva.<\/p>\n<!-- \/wp:paragraph --><!-- wp:paragraph -->\n<p>L&#8217;attuale struttura venne ricostruita nel XVI secolo nell&#8217;ambito del sistema difensivo costiero utilizzato per avvistare eventuali incursioni provenienti dal mare. Secondo la tradizione, proprio una campana utilizzata per dare l&#8217;allarme in caso di pericolo avrebbe contribuito alla nascita del nome &#8220;Punta Campanella&#8221;. Nei dintorni della torre sono presenti anche testimonianze archeologiche che ricordano l&#8217;importanza del promontorio nelle epoche precedenti.<\/p>\n<!-- \/wp:paragraph --><!-- wp:heading -->\n<h2 class=\"wp-block-heading\"><span class=\"ez-toc-section\" id=\"Il_panorama_su_Capri\"><\/span>Il panorama su Capri<span class=\"ez-toc-section-end\"><\/span><\/h2>\n<!-- \/wp:heading --><!-- wp:paragraph -->\n<p>Uno dei motivi principali per percorrere il Sentiero di Punta Campanella \u00e8 sicuramente il panorama.<\/p>\n<!-- \/wp:paragraph --><!-- wp:paragraph -->\n<p>Dal promontorio l&#8217;isola di <strong>Capri<\/strong> appare estremamente vicina, separata dalla terraferma dal tratto di mare delle Bocche di Capri. Nelle giornate limpide lo sguardo pu\u00f2 spaziare lungo la costa e sui due golfi, creando uno degli scenari pi\u00f9 fotografati del territorio di Massa Lubrense. Durante il cammino sono inoltre visibili scorci sulla costa rocciosa e sulla vegetazione mediterranea che caratterizza questa parte della penisola.<\/p>\n<!-- \/wp:paragraph --><!-- wp:heading -->\n<h2 class=\"wp-block-heading\"><span class=\"ez-toc-section\" id=\"La_Baia_di_Ieranto\"><\/span>La Baia di Ieranto<span class=\"ez-toc-section-end\"><\/span><\/h2>\n<!-- \/wp:heading --><!-- wp:paragraph -->\n<p>Punta Campanella si trova nelle vicinanze di un&#8217;altra importante area naturalistica: la <strong>Bay of Ieranto<\/strong>.<\/p>\n<!-- \/wp:paragraph --><!-- wp:paragraph -->\n<p>Si tratta di una suggestiva insenatura rocciosa compresa tra Punta Campanella e Punta Penna, considerata uno dei luoghi pi\u00f9 incontaminati dell&#8217;intera Penisola Sorrentina. Dai sentieri situati sulle alture circostanti \u00e8 possibile ammirare la baia dall&#8217;alto, con Capri e i Faraglioni sullo sfondo. \u00c8 importante per\u00f2 non confondere i due itinerari: il sentiero per Punta Campanella parte da <strong>Terms<\/strong>, mentre il percorso principale per raggiungere la Baia di Ieranto prende il via dalla frazione di <strong>Nerano<\/strong>.<\/p>\n<!-- \/wp:paragraph --><!-- wp:heading -->\n<h2 class=\"wp-block-heading\"><span class=\"ez-toc-section\" id=\"Il_Sentiero_di_Athena\"><\/span>Il Sentiero di Athena<span class=\"ez-toc-section-end\"><\/span><\/h2>\n<!-- \/wp:heading --><!-- wp:paragraph -->\n<p>Per gli escursionisti che desiderano prolungare la passeggiata, Punta Campanella pu\u00f2 essere inserita nel pi\u00f9 ampio <strong>Sentiero di Athena<\/strong>.<\/p>\n<!-- \/wp:paragraph --><!-- wp:paragraph -->\n<p>Questo percorso ad anello collega Termini, Punta Campanella e <strong>Mount San Costanzo<\/strong>, la collina pi\u00f9 alta del territorio di Massa Lubrense. Da Punta Campanella il percorso continua seguendo i segnavia del CAI in direzione del Monte San Costanzo. Salendo di quota, il panorama si apre progressivamente sulla Baia di Ieranto e sui due golfi.<\/p>\n<!-- \/wp:paragraph --><!-- wp:paragraph -->\n<p>Dalla zona della piccola chiesa di San Costanzo \u00e8 possibile godere di un panorama molto ampio sulla Penisola Sorrentina, Capri, il Vesuvio e, nelle giornate particolarmente limpide, anche sulle isole del Golfo di Napoli. Il percorso proposto per l&#8217;escursione guidata \u00e8 classificato come <strong>escursionistico facile (E)<\/strong>.<\/p>\n<!-- \/wp:paragraph --><!-- wp:paragraph -->\n<p>Non presenta particolari difficolt\u00e0 tecniche, ma richiede comunque una discreta abitudine alla camminata, soprattutto a causa del dislivello e della durata complessiva. \u00c8 quindi consigliabile affrontarlo con un equipaggiamento adeguato. L&#8217;esperienza \u00e8 indicata a partire dai <strong>10 anni di et\u00e0<\/strong>.<\/p>\n<!-- \/wp:paragraph --><!-- wp:heading --><!-- \/wp:paragraph -->\t\t\t\t\t\t<\/div>\n\t\t\t\t<\/div>\n\t\t\t\t\t<\/div>\n\t\t\t\t<\/div>\n\t\t<div class=\"elementor-element elementor-element-867fa15 e-flex e-con-boxed e-con e-parent\" data-id=\"867fa15\" data-element_type=\"container\">\n\t\t\t\t\t<div class=\"e-con-inner\">\n\t\t\t\t<div class=\"elementor-element elementor-element-6faa965 elementor-widget elementor-widget-shortcode\" data-id=\"6faa965\" data-element_type=\"widget\" data-widget_type=\"shortcode.default\">\n\t\t\t\t<div class=\"elementor-widget-container\">\n\t\t\t    \n    <div class=\"st-relate st-hotel-room-content\">\n        <div class=\"relate-rooms\">\n            <div class=\"st-hr\"><\/div>\n            <h2 class=\"st-heading-section\"><span class=\"ez-toc-section\" id=\"Proposition_for_you\"><\/span>Proposition for you<span class=\"ez-toc-section-end\"><\/span><\/h2>\n            <div class=\"inner service-list-wrapper service-tour\">\n                <div class=\"owl-carousel st-owl-slider\" data-loop=\"false\" data-center=\"true\" data-margin=\"24\" data-responsive=\"{&quot;992&quot;:{&quot;items&quot;:4},&quot;768&quot;:{&quot;items&quot;:2},&quot;0&quot;:{&quot;items&quot;:1}}\"><div class=\"item-slide\"><div class=\"services-item grid item-elementor mb-3\" itemscope itemtype=\"https:\/\/schema.org\/Trip\">\n    <div class=\"item service-border st-border-radius\">\n    <div class=\"header-services-item\" style=\"height: 50px; backround:black\">\n\n<div class=\"title\" >\n    Boat tours<\/div>\n<div class=\"icon\">\n\n        <a href=\"#\" class=\"login\" data-bs-toggle=\"modal\" data-bs-target=\"#st-login-form\">\n        \n            <div class=\"service-add-wishlist\" title=\"Add to wishlist\">\n            <img decoding=\"async\"  src=\"https:\/\/movery.it\/assets\/icons\/ico-favgreen.svg\" height=\"15\" width=\"15\" class=\"movery-home-main-items-child-pic-share ignore-mouse-events\" alt=\"Share\" \/>\n\n\n                <div class=\"lds-dual-ring\"><\/div>\n            <\/div>\n        <\/a>\n        <a href=\"https:\/\/movery.it\/en\/campania\/capri\/minicrociera-condivisa-da-pompei-o-castellammare-di-stabia\/\">\n    <img decoding=\"async\"  src=\"https:\/\/movery.it\/assets\/icons\/card-shopping-cart.svg\" height=\"15\" width=\"15\" class=\"movery-home-main-items-child-pic-share ignore-mouse-events\" alt=\"Share\" \/>\n\n    <\/a>\n    <a href=\"https:\/\/movery.it\/en\/campania\/capri\/minicrociera-condivisa-da-pompei-o-castellammare-di-stabia\/\">\n    <img decoding=\"async\"  src=\"https:\/\/static.movery.it\/assets\/img\/icons\/ico-sharegreen.svg\" height=\"15\" width=\"15\" class=\"movery-home-main-items-child-pic-share ignore-mouse-events\" alt=\"Share\" \/>\n    <\/a>\n    \n<\/div>\n\n<\/div>\n        <div class=\"featured-image\">\n            <div class=\"st-tag-feature-sale\">\n                \n                                                            <\/div>\n\n            <a href=\"https:\/\/movery.it\/en\/campania\/capri\/minicrociera-condivisa-da-pompei-o-castellammare-di-stabia\/\">\n                <img decoding=\"async\" class=\"feature_tour_img\" itemprop=\"photo\" src=\"https:\/\/movery.it\/wp-content\/uploads\/2025\/02\/giro_isola_capri-450x300.webp\"\n                     alt=\"Minicrociera a Capri condivisa in partenza da Pompei o Castellammare di Stabia\" \/>\n            <\/a>\n                    <\/div>\n        <div class=\"content-item\">\n        <a href=\"https:\/\/movery.it\/en\/campania\/capri\/minicrociera-condivisa-da-pompei-o-castellammare-di-stabia\/\"  class=\"title-a\" style=\"height: 3rem;overflow: hidden;\">\n        <p class=\"title\" itemprop=\"name\">\n               Minicrociera a Capri condivisa in partenza da Pompei o Castellammare di Stabia        <\/p>\n                <\/a>   \n        \n                            <div class=\"sub-title st-address d-flex\" itemprop=\"location\" itemscope itemtype=\"https:\/\/schema.org\/Place\">\n                    <span class=\"address\" itemprop=\"address\" itemscope itemtype=\"https:\/\/schema.org\/PostalAddress\">\n                        <span itemprop=\"streetAddress\"> <i class=\"stt-icon-location1\"><\/i> Da Castellamare di Stabia o Capri<\/span>\n                    <\/span>\n\t\t\t\t\t                            <span class=\"duration\">\n\t\t\t\t\t\t\t\t<i class=\"input-icon st-border-radius field-icon fa\"><svg height=\"11px\" width=\"11px\" version=\"1.1\" id=\"Layer_1\" xmlns=\"http:\/\/www.w3.org\/2000\/svg\" xmlns:xlink=\"http:\/\/www.w3.org\/1999\/xlink\" x=\"0px\" y=\"0px\"\r\n     viewbox=\"0 0 24 24\" style=\"enable-background:new 0 0 24 24;\" xml:space=\"preserve\">\r\n\r\n<g fill=\"#013451\">\r\n    <path d=\"M12,23.25C5.797,23.25,0.75,18.203,0.75,12C0.75,5.797,5.797,0.75,12,0.75c6.203,0,11.25,5.047,11.25,11.25        C23.25,18.203,18.203,23.25,12,23.25z M12,2.25c-5.376,0-9.75,4.374-9.75,9.75s4.374,9.75,9.75,9.75s9.75-4.374,9.75-9.75        S17.376,2.25,12,2.25z\"\/>\r\n    <path d=\"M15.75,16.5c-0.2,0-0.389-0.078-0.53-0.22l-2.25-2.25c-0.302,0.145-0.632,0.22-0.969,0.22c-1.241,0-2.25-1.009-2.25-2.25        c0-0.96,0.615-1.808,1.5-2.121V5.25c0-0.414,0.336-0.75,0.75-0.75s0.75,0.336,0.75,0.75v4.629c0.885,0.314,1.5,1.162,1.5,2.121        c0,0.338-0.075,0.668-0.22,0.969l2.25,2.25c0.292,0.292,0.292,0.768,0,1.061C16.139,16.422,15.95,16.5,15.75,16.5z M12,11.25        c-0.414,0-0.75,0.336-0.75,0.75s0.336,0.75,0.75,0.75s0.75-0.336,0.75-0.75S12.414,11.25,12,11.25z\"\/>\r\n<\/g>\r\n<\/svg><\/i>\t\t\t\t\t\t\t\t8h  \n                        <\/span>\n                                        <\/div>\n            \n            <div class=\"excerpt\" style=\"height: 3rem;\">\n            Minicrociera a Capri da Pompei o Castellammare di Stabia per immergersi tra le bellezze naturali...            <\/div>\n\n\n            <div class=\"reviews\" itemprop=\"starRating\" itemscope itemtype=\"https:\/\/schema.org\/Rating\"  style=\"display: block;padding-left: 15px;margin-top: 15px; height: 48px;\">\n                <i class=\"stt-icon-star1\"><\/i>\n                <span class=\"rate\" itemprop=\"ratingValue\" style=\"color: #0f3f5b;\">\n\t\t\t\t\t\t0 <span>\/<\/span> 5\n\t\t\t\t\t<\/span>\n\t\t\t\t\t<span class=\"rate-text\" style=\"color: #0f3f5b;\">\n\t\t\t\t\t\tNot Rated\t\t\t\t\t<\/span>\n                <span class=\"summary\">\n                    (0 Reviews)\n                <\/span>\n            <\/div>\n            <div class=\"event-date d-none\" itemprop=\"startDate\" content=\"2026-09-05 12:21:36\">2026-09-05 12:21:36<\/div>\n            \n                     <div class=\"section-footer\">\n                                <div class=\"section_footer_content\" itemprop=\"priceRange\">\n                    <span class=\"price-tour\">\n                        <span class=\"price\">&nbsp;&nbsp;&nbsp;&nbsp;<span class=\"sale-top\">From  <span class=\"text-lg lh1em item\"> \u20ac84.00<\/span><\/span><br>&nbsp;&nbsp;&nbsp;&nbsp;per person<\/span>\n                    <\/span>\n                    \n                                                <span class=\"unit\">\n\t\t\t\t\t\t        <a href=\"https:\/\/movery.it\/en\/campania\/capri\/minicrociera-condivisa-da-pompei-o-castellammare-di-stabia\/\" class=\"add_tour\">\n\t\t\t\t\t\t\t        Book \n\t\t\t\t\t\t        <\/a>\n                            <\/span>\n                                        <\/div>\n            <\/div>\n        <\/div>\n    <\/div>\n<\/div><\/div><div class=\"item-slide\"><div class=\"services-item grid item-elementor mb-3\" itemscope itemtype=\"https:\/\/schema.org\/Trip\">\n    <div class=\"item service-border st-border-radius\">\n    <div class=\"header-services-item\" style=\"height: 50px; backround:black\">\n\n<div class=\"title\" >\n    Guided Tour<\/div>\n<div class=\"icon\">\n\n        <a href=\"#\" class=\"login\" data-bs-toggle=\"modal\" data-bs-target=\"#st-login-form\">\n        \n            <div class=\"service-add-wishlist\" title=\"Add to wishlist\">\n            <img decoding=\"async\"  src=\"https:\/\/movery.it\/assets\/icons\/ico-favgreen.svg\" height=\"15\" width=\"15\" class=\"movery-home-main-items-child-pic-share ignore-mouse-events\" alt=\"Share\" \/>\n\n\n                <div class=\"lds-dual-ring\"><\/div>\n            <\/div>\n        <\/a>\n        <a href=\"https:\/\/movery.it\/en\/campania\/caserta\/visita-condivisa-alla-reggia-di-caserta-con-guida-e-biglietto\/\">\n    <img decoding=\"async\"  src=\"https:\/\/movery.it\/assets\/icons\/card-shopping-cart.svg\" height=\"15\" width=\"15\" class=\"movery-home-main-items-child-pic-share ignore-mouse-events\" alt=\"Share\" \/>\n\n    <\/a>\n    <a href=\"https:\/\/movery.it\/en\/campania\/caserta\/visita-condivisa-alla-reggia-di-caserta-con-guida-e-biglietto\/\">\n    <img decoding=\"async\"  src=\"https:\/\/static.movery.it\/assets\/img\/icons\/ico-sharegreen.svg\" height=\"15\" width=\"15\" class=\"movery-home-main-items-child-pic-share ignore-mouse-events\" alt=\"Share\" \/>\n    <\/a>\n    \n<\/div>\n\n<\/div>\n        <div class=\"featured-image\">\n            <div class=\"st-tag-feature-sale\">\n                \n                                                            <\/div>\n\n            <a href=\"https:\/\/movery.it\/en\/campania\/caserta\/visita-condivisa-alla-reggia-di-caserta-con-guida-e-biglietto\/\">\n                <img decoding=\"async\" class=\"feature_tour_img\" itemprop=\"photo\" src=\"https:\/\/movery.it\/wp-content\/uploads\/2023\/03\/reggia-caserta-6973205-450x300.jpeg\"\n                     alt=\"Visita condivisa alla Reggia di Caserta con guida e biglietto prioritario\" \/>\n            <\/a>\n                    <\/div>\n        <div class=\"content-item\">\n        <a href=\"https:\/\/movery.it\/en\/campania\/caserta\/visita-condivisa-alla-reggia-di-caserta-con-guida-e-biglietto\/\"  class=\"title-a\" style=\"height: 3rem;overflow: hidden;\">\n        <p class=\"title\" itemprop=\"name\">\n               Visita condivisa alla Reggia di Caserta con guida e biglietto prioritario        <\/p>\n                <\/a>   \n        \n                            <div class=\"sub-title st-address d-flex\" itemprop=\"location\" itemscope itemtype=\"https:\/\/schema.org\/Place\">\n                    <span class=\"address\" itemprop=\"address\" itemscope itemtype=\"https:\/\/schema.org\/PostalAddress\">\n                        <span itemprop=\"streetAddress\"> <i class=\"stt-icon-location1\"><\/i> Piazza Carlo III di Borbone 1 Caserta<\/span>\n                    <\/span>\n\t\t\t\t\t                            <span class=\"duration\">\n\t\t\t\t\t\t\t\t<i class=\"input-icon st-border-radius field-icon fa\"><svg height=\"11px\" width=\"11px\" version=\"1.1\" id=\"Layer_1\" xmlns=\"http:\/\/www.w3.org\/2000\/svg\" xmlns:xlink=\"http:\/\/www.w3.org\/1999\/xlink\" x=\"0px\" y=\"0px\"\r\n     viewbox=\"0 0 24 24\" style=\"enable-background:new 0 0 24 24;\" xml:space=\"preserve\">\r\n\r\n<g fill=\"#013451\">\r\n    <path d=\"M12,23.25C5.797,23.25,0.75,18.203,0.75,12C0.75,5.797,5.797,0.75,12,0.75c6.203,0,11.25,5.047,11.25,11.25        C23.25,18.203,18.203,23.25,12,23.25z M12,2.25c-5.376,0-9.75,4.374-9.75,9.75s4.374,9.75,9.75,9.75s9.75-4.374,9.75-9.75        S17.376,2.25,12,2.25z\"\/>\r\n    <path d=\"M15.75,16.5c-0.2,0-0.389-0.078-0.53-0.22l-2.25-2.25c-0.302,0.145-0.632,0.22-0.969,0.22c-1.241,0-2.25-1.009-2.25-2.25        c0-0.96,0.615-1.808,1.5-2.121V5.25c0-0.414,0.336-0.75,0.75-0.75s0.75,0.336,0.75,0.75v4.629c0.885,0.314,1.5,1.162,1.5,2.121        c0,0.338-0.075,0.668-0.22,0.969l2.25,2.25c0.292,0.292,0.292,0.768,0,1.061C16.139,16.422,15.95,16.5,15.75,16.5z M12,11.25        c-0.414,0-0.75,0.336-0.75,0.75s0.336,0.75,0.75,0.75s0.75-0.336,0.75-0.75S12.414,11.25,12,11.25z\"\/>\r\n<\/g>\r\n<\/svg><\/i>\t\t\t\t\t\t\t\t2h  \n                        <\/span>\n                                        <\/div>\n            \n            <div class=\"excerpt\" style=\"height: 3rem;\">\n            Vuoi trascorrere un paio di ore di relax? Prenota questo tour guidato alla Reggia di...            <\/div>\n\n\n            <div class=\"reviews\" itemprop=\"starRating\" itemscope itemtype=\"https:\/\/schema.org\/Rating\"  style=\"display: block;padding-left: 15px;margin-top: 15px; height: 48px;\">\n                <i class=\"stt-icon-star1\"><\/i>\n                <span class=\"rate\" itemprop=\"ratingValue\" style=\"color: #0f3f5b;\">\n\t\t\t\t\t\t4.9 <span>\/<\/span> 5\n\t\t\t\t\t<\/span>\n\t\t\t\t\t<span class=\"rate-text\" style=\"color: #0f3f5b;\">\n\t\t\t\t\t\tExcellent\t\t\t\t\t<\/span>\n                <span class=\"summary\">\n                    (2 Reviews)\n                <\/span>\n            <\/div>\n            <div class=\"event-date d-none\" itemprop=\"startDate\" content=\"2026-09-05 12:21:36\">2026-09-05 12:21:36<\/div>\n            \n                     <div class=\"section-footer\">\n                                <div class=\"section_footer_content\" itemprop=\"priceRange\">\n                    <span class=\"price-tour\">\n                        <span class=\"price\">&nbsp;&nbsp;&nbsp;&nbsp;<span class=\"sale-top\">From  <span class=\"text-lg lh1em item\"> \u20ac21.00<\/span><\/span><br>&nbsp;&nbsp;&nbsp;&nbsp;per person<\/span>\n                    <\/span>\n                    \n                                                <span class=\"unit\">\n\t\t\t\t\t\t        <a href=\"https:\/\/movery.it\/en\/campania\/caserta\/visita-condivisa-alla-reggia-di-caserta-con-guida-e-biglietto\/\" class=\"add_tour\">\n\t\t\t\t\t\t\t        Book \n\t\t\t\t\t\t        <\/a>\n                            <\/span>\n                                        <\/div>\n            <\/div>\n        <\/div>\n    <\/div>\n<\/div><\/div><div class=\"item-slide\"><div class=\"services-item grid item-elementor mb-3\" itemscope itemtype=\"https:\/\/schema.org\/Trip\">\n    <div class=\"item service-border st-border-radius\">\n    <div class=\"header-services-item\" style=\"height: 50px; backround:black\">\n\n<div class=\"title\" >\n    Boat tours<\/div>\n<div class=\"icon\">\n\n        <a href=\"#\" class=\"login\" data-bs-toggle=\"modal\" data-bs-target=\"#st-login-form\">\n        \n            <div class=\"service-add-wishlist\" title=\"Add to wishlist\">\n            <img decoding=\"async\"  src=\"https:\/\/movery.it\/assets\/icons\/ico-favgreen.svg\" height=\"15\" width=\"15\" class=\"movery-home-main-items-child-pic-share ignore-mouse-events\" alt=\"Share\" \/>\n\n\n                <div class=\"lds-dual-ring\"><\/div>\n            <\/div>\n        <\/a>\n        <a href=\"https:\/\/movery.it\/en\/campania\/castellammare-di-stabia\/crociera-tra-amalfi-e-positano-da-pompei-e-castellammare-di-stabia\/\">\n    <img decoding=\"async\"  src=\"https:\/\/movery.it\/assets\/icons\/card-shopping-cart.svg\" height=\"15\" width=\"15\" class=\"movery-home-main-items-child-pic-share ignore-mouse-events\" alt=\"Share\" \/>\n\n    <\/a>\n    <a href=\"https:\/\/movery.it\/en\/campania\/castellammare-di-stabia\/crociera-tra-amalfi-e-positano-da-pompei-e-castellammare-di-stabia\/\">\n    <img decoding=\"async\"  src=\"https:\/\/static.movery.it\/assets\/img\/icons\/ico-sharegreen.svg\" height=\"15\" width=\"15\" class=\"movery-home-main-items-child-pic-share ignore-mouse-events\" alt=\"Share\" \/>\n    <\/a>\n    \n<\/div>\n\n<\/div>\n        <div class=\"featured-image\">\n            <div class=\"st-tag-feature-sale\">\n                \n                                                            <\/div>\n\n            <a href=\"https:\/\/movery.it\/en\/campania\/castellammare-di-stabia\/crociera-tra-amalfi-e-positano-da-pompei-e-castellammare-di-stabia\/\">\n                <img decoding=\"async\" class=\"feature_tour_img\" itemprop=\"photo\" src=\"https:\/\/movery.it\/wp-content\/uploads\/2023\/03\/tour_hptravel_capri-450x300.jpeg\"\n                     alt=\"Crociera condivisa tra Amalfi e Positano in partenza da Pompei e Castellammare di Stabia\" \/>\n            <\/a>\n                    <\/div>\n        <div class=\"content-item\">\n        <a href=\"https:\/\/movery.it\/en\/campania\/castellammare-di-stabia\/crociera-tra-amalfi-e-positano-da-pompei-e-castellammare-di-stabia\/\"  class=\"title-a\" style=\"height: 3rem;overflow: hidden;\">\n        <p class=\"title\" itemprop=\"name\">\n               Crociera condivisa tra Amalfi e Positano in partenza da Pompei e Castellammare di Stabia        <\/p>\n                <\/a>   \n        \n                            <div class=\"sub-title st-address d-flex\" itemprop=\"location\" itemscope itemtype=\"https:\/\/schema.org\/Place\">\n                    <span class=\"address\" itemprop=\"address\" itemscope itemtype=\"https:\/\/schema.org\/PostalAddress\">\n                        <span itemprop=\"streetAddress\"> <i class=\"stt-icon-location1\"><\/i> Castellamare di Stabia<\/span>\n                    <\/span>\n\t\t\t\t\t                            <span class=\"duration\">\n\t\t\t\t\t\t\t\t<i class=\"input-icon st-border-radius field-icon fa\"><svg height=\"11px\" width=\"11px\" version=\"1.1\" id=\"Layer_1\" xmlns=\"http:\/\/www.w3.org\/2000\/svg\" xmlns:xlink=\"http:\/\/www.w3.org\/1999\/xlink\" x=\"0px\" y=\"0px\"\r\n     viewbox=\"0 0 24 24\" style=\"enable-background:new 0 0 24 24;\" xml:space=\"preserve\">\r\n\r\n<g fill=\"#013451\">\r\n    <path d=\"M12,23.25C5.797,23.25,0.75,18.203,0.75,12C0.75,5.797,5.797,0.75,12,0.75c6.203,0,11.25,5.047,11.25,11.25        C23.25,18.203,18.203,23.25,12,23.25z M12,2.25c-5.376,0-9.75,4.374-9.75,9.75s4.374,9.75,9.75,9.75s9.75-4.374,9.75-9.75        S17.376,2.25,12,2.25z\"\/>\r\n    <path d=\"M15.75,16.5c-0.2,0-0.389-0.078-0.53-0.22l-2.25-2.25c-0.302,0.145-0.632,0.22-0.969,0.22c-1.241,0-2.25-1.009-2.25-2.25        c0-0.96,0.615-1.808,1.5-2.121V5.25c0-0.414,0.336-0.75,0.75-0.75s0.75,0.336,0.75,0.75v4.629c0.885,0.314,1.5,1.162,1.5,2.121        c0,0.338-0.075,0.668-0.22,0.969l2.25,2.25c0.292,0.292,0.292,0.768,0,1.061C16.139,16.422,15.95,16.5,15.75,16.5z M12,11.25        c-0.414,0-0.75,0.336-0.75,0.75s0.336,0.75,0.75,0.75s0.75-0.336,0.75-0.75S12.414,11.25,12,11.25z\"\/>\r\n<\/g>\r\n<\/svg><\/i>\t\t\t\t\t\t\t\t9h  \n                        <\/span>\n                                        <\/div>\n            \n            <div class=\"excerpt\" style=\"height: 3rem;\">\n            Ti piacerebbe vivere una giornata di relax in uno dei posti pi\u00f9 belli della Campania?...            <\/div>\n\n\n            <div class=\"reviews\" itemprop=\"starRating\" itemscope itemtype=\"https:\/\/schema.org\/Rating\"  style=\"display: block;padding-left: 15px;margin-top: 15px; height: 48px;\">\n                <i class=\"stt-icon-star1\"><\/i>\n                <span class=\"rate\" itemprop=\"ratingValue\" style=\"color: #0f3f5b;\">\n\t\t\t\t\t\t0 <span>\/<\/span> 5\n\t\t\t\t\t<\/span>\n\t\t\t\t\t<span class=\"rate-text\" style=\"color: #0f3f5b;\">\n\t\t\t\t\t\tNot Rated\t\t\t\t\t<\/span>\n                <span class=\"summary\">\n                    (0 Reviews)\n                <\/span>\n            <\/div>\n            <div class=\"event-date d-none\" itemprop=\"startDate\" content=\"2026-09-05 12:21:36\">2026-09-05 12:21:36<\/div>\n            \n                     <div class=\"section-footer\">\n                                <div class=\"section_footer_content\" itemprop=\"priceRange\">\n                    <span class=\"price-tour\">\n                        <span class=\"price\">&nbsp;&nbsp;&nbsp;&nbsp;<span class=\"sale-top\">From  <span class=\"text-lg lh1em item\"> \u20ac84.00<\/span><\/span><br>&nbsp;&nbsp;&nbsp;&nbsp;per person<\/span>\n                    <\/span>\n                    \n                                                <span class=\"unit\">\n\t\t\t\t\t\t        <a href=\"https:\/\/movery.it\/en\/campania\/castellammare-di-stabia\/crociera-tra-amalfi-e-positano-da-pompei-e-castellammare-di-stabia\/\" class=\"add_tour\">\n\t\t\t\t\t\t\t        Book \n\t\t\t\t\t\t        <\/a>\n                            <\/span>\n                                        <\/div>\n            <\/div>\n        <\/div>\n    <\/div>\n<\/div><\/div><div class=\"item-slide\"><div class=\"services-item grid item-elementor mb-3\" itemscope itemtype=\"https:\/\/schema.org\/Trip\">\n    <div class=\"item service-border st-border-radius\">\n    <div class=\"header-services-item\" style=\"height: 50px; backround:black\">\n\n<div class=\"title\" >\n    Boat tours<\/div>\n<div class=\"icon\">\n\n        <a href=\"#\" class=\"login\" data-bs-toggle=\"modal\" data-bs-target=\"#st-login-form\">\n        \n            <div class=\"service-add-wishlist\" title=\"Add to wishlist\">\n            <img decoding=\"async\"  src=\"https:\/\/movery.it\/assets\/icons\/ico-favgreen.svg\" height=\"15\" width=\"15\" class=\"movery-home-main-items-child-pic-share ignore-mouse-events\" alt=\"Share\" \/>\n\n\n                <div class=\"lds-dual-ring\"><\/div>\n            <\/div>\n        <\/a>\n        <a href=\"https:\/\/movery.it\/en\/campania\/ischia\/tour-in-barca-privato-o-condiviso-a-ischia-in-partenza-da-napoli\/\">\n    <img decoding=\"async\"  src=\"https:\/\/movery.it\/assets\/icons\/card-shopping-cart.svg\" height=\"15\" width=\"15\" class=\"movery-home-main-items-child-pic-share ignore-mouse-events\" alt=\"Share\" \/>\n\n    <\/a>\n    <a href=\"https:\/\/movery.it\/en\/campania\/ischia\/tour-in-barca-privato-o-condiviso-a-ischia-in-partenza-da-napoli\/\">\n    <img decoding=\"async\"  src=\"https:\/\/static.movery.it\/assets\/img\/icons\/ico-sharegreen.svg\" height=\"15\" width=\"15\" class=\"movery-home-main-items-child-pic-share ignore-mouse-events\" alt=\"Share\" \/>\n    <\/a>\n    \n<\/div>\n\n<\/div>\n        <div class=\"featured-image\">\n            <div class=\"st-tag-feature-sale\">\n                \n                                                            <\/div>\n\n            <a href=\"https:\/\/movery.it\/en\/campania\/ischia\/tour-in-barca-privato-o-condiviso-a-ischia-in-partenza-da-napoli\/\">\n                <img decoding=\"async\" class=\"feature_tour_img\" itemprop=\"photo\" src=\"https:\/\/movery.it\/wp-content\/uploads\/2026\/06\/tour_iscia_da_napoli-1-450x300.webp\"\n                     alt=\"Tour in barca privato o condiviso a Ischia in partenza da Napoli con soste bagno, musica e aperitivo a bordo\" \/>\n            <\/a>\n                    <\/div>\n        <div class=\"content-item\">\n        <a href=\"https:\/\/movery.it\/en\/campania\/ischia\/tour-in-barca-privato-o-condiviso-a-ischia-in-partenza-da-napoli\/\"  class=\"title-a\" style=\"height: 3rem;overflow: hidden;\">\n        <p class=\"title\" itemprop=\"name\">\n               Tour in barca privato o condiviso a Ischia in partenza da Napoli con soste bagno, musica e aperitivo a bordo        <\/p>\n                <\/a>   \n        \n                            <div class=\"sub-title st-address d-flex\" itemprop=\"location\" itemscope itemtype=\"https:\/\/schema.org\/Place\">\n                    <span class=\"address\" itemprop=\"address\" itemscope itemtype=\"https:\/\/schema.org\/PostalAddress\">\n                        <span itemprop=\"streetAddress\"> <i class=\"stt-icon-location1\"><\/i> Castello dell&#039;ovo, Napoli<\/span>\n                    <\/span>\n\t\t\t\t\t                            <span class=\"duration\">\n\t\t\t\t\t\t\t\t<i class=\"input-icon st-border-radius field-icon fa\"><svg height=\"11px\" width=\"11px\" version=\"1.1\" id=\"Layer_1\" xmlns=\"http:\/\/www.w3.org\/2000\/svg\" xmlns:xlink=\"http:\/\/www.w3.org\/1999\/xlink\" x=\"0px\" y=\"0px\"\r\n     viewbox=\"0 0 24 24\" style=\"enable-background:new 0 0 24 24;\" xml:space=\"preserve\">\r\n\r\n<g fill=\"#013451\">\r\n    <path d=\"M12,23.25C5.797,23.25,0.75,18.203,0.75,12C0.75,5.797,5.797,0.75,12,0.75c6.203,0,11.25,5.047,11.25,11.25        C23.25,18.203,18.203,23.25,12,23.25z M12,2.25c-5.376,0-9.75,4.374-9.75,9.75s4.374,9.75,9.75,9.75s9.75-4.374,9.75-9.75        S17.376,2.25,12,2.25z\"\/>\r\n    <path d=\"M15.75,16.5c-0.2,0-0.389-0.078-0.53-0.22l-2.25-2.25c-0.302,0.145-0.632,0.22-0.969,0.22c-1.241,0-2.25-1.009-2.25-2.25        c0-0.96,0.615-1.808,1.5-2.121V5.25c0-0.414,0.336-0.75,0.75-0.75s0.75,0.336,0.75,0.75v4.629c0.885,0.314,1.5,1.162,1.5,2.121        c0,0.338-0.075,0.668-0.22,0.969l2.25,2.25c0.292,0.292,0.292,0.768,0,1.061C16.139,16.422,15.95,16.5,15.75,16.5z M12,11.25        c-0.414,0-0.75,0.336-0.75,0.75s0.336,0.75,0.75,0.75s0.75-0.336,0.75-0.75S12.414,11.25,12,11.25z\"\/>\r\n<\/g>\r\n<\/svg><\/i>\t\t\t\t\t\t\t\t8h  \n                        <\/span>\n                                        <\/div>\n            \n            <div class=\"excerpt\" style=\"height: 3rem;\">\n            Per una giornata di pace e relax non c\u2019\u00e8 niente di meglio di un giro...            <\/div>\n\n\n            <div class=\"reviews\" itemprop=\"starRating\" itemscope itemtype=\"https:\/\/schema.org\/Rating\"  style=\"display: block;padding-left: 15px;margin-top: 15px; height: 48px;\">\n                <i class=\"stt-icon-star1\"><\/i>\n                <span class=\"rate\" itemprop=\"ratingValue\" style=\"color: #0f3f5b;\">\n\t\t\t\t\t\t4.4 <span>\/<\/span> 5\n\t\t\t\t\t<\/span>\n\t\t\t\t\t<span class=\"rate-text\" style=\"color: #0f3f5b;\">\n\t\t\t\t\t\tExcellent\t\t\t\t\t<\/span>\n                <span class=\"summary\">\n                    (3 Reviews)\n                <\/span>\n            <\/div>\n            <div class=\"event-date d-none\" itemprop=\"startDate\" content=\"2026-09-05 12:21:36\">2026-09-05 12:21:36<\/div>\n            \n                     <div class=\"section-footer\">\n                                <div class=\"section_footer_content\" itemprop=\"priceRange\">\n                    <span class=\"price-tour\">\n                        <span class=\"price\">&nbsp;&nbsp;&nbsp;&nbsp;<span class=\"sale-top\">From  <span class=\"text-lg lh1em item\"> \u20ac140.00<\/span><\/span><br>&nbsp;&nbsp;&nbsp;&nbsp;per person<\/span>\n                    <\/span>\n                    \n                                                <span class=\"unit\">\n\t\t\t\t\t\t        <a href=\"https:\/\/movery.it\/en\/campania\/ischia\/tour-in-barca-privato-o-condiviso-a-ischia-in-partenza-da-napoli\/\" class=\"add_tour\">\n\t\t\t\t\t\t\t        Book \n\t\t\t\t\t\t        <\/a>\n                            <\/span>\n                                        <\/div>\n            <\/div>\n        <\/div>\n    <\/div>\n<\/div><\/div><div class=\"item-slide\"><div class=\"services-item grid item-elementor mb-3\" itemscope itemtype=\"https:\/\/schema.org\/Trip\">\n    <div class=\"item service-border st-border-radius\">\n        <div class=\"header-services-item\" style=\"height: 50px; backround:black\">\n\n            <div class=\"title\">\n                Guided Tour            <\/div>\n            <div class=\"icon\">\n\n                                    <a href=\"#\" class=\"login\" data-bs-toggle=\"modal\" data-bs-target=\"#st-login-form\">\n\n                        <div class=\"service-add-wishlist\" title=\"Add to wishlist\">\n                            <img loading=\"lazy\" decoding=\"async\" src=\"https:\/\/movery.it\/assets\/icons\/ico-favgreen.svg\" height=\"15\" width=\"15\" class=\"movery-home-main-items-child-pic-share ignore-mouse-events\" alt=\"Share\" \/>\n\n\n                            <div class=\"lds-dual-ring\"><\/div>\n                        <\/div>\n                    <\/a>\n                                <a href=\"https:\/\/movery.it\/en\/campania\/napoli\/escursione-guidata-con-biglietto-dingresso-alla-cappella-sansevero-a-napoli\/\">\n                    <img loading=\"lazy\" decoding=\"async\" src=\"https:\/\/movery.it\/assets\/icons\/card-shopping-cart.svg\" height=\"15\" width=\"15\" class=\"movery-home-main-items-child-pic-share ignore-mouse-events\" alt=\"Share\" \/>\n\n                <\/a>\n                <a href=\"https:\/\/movery.it\/en\/campania\/napoli\/escursione-guidata-con-biglietto-dingresso-alla-cappella-sansevero-a-napoli\/\">\n                    <img loading=\"lazy\" decoding=\"async\" src=\"https:\/\/static.movery.it\/assets\/img\/icons\/ico-sharegreen.svg\" height=\"15\" width=\"15\" class=\"movery-home-main-items-child-pic-share ignore-mouse-events\" alt=\"Share\" \/>\n                <\/a>\n\n            <\/div>\n\n        <\/div>\n        <div class=\"featured-image\">\n            <div class=\"st-tag-feature-sale\">\n                                <div class=\"feature_class st_featured_simple featured\"><div>- 10% discount all month long!<\/div><\/div>                \n            <\/div>\n\n            <a href=\"https:\/\/movery.it\/en\/campania\/napoli\/escursione-guidata-con-biglietto-dingresso-alla-cappella-sansevero-a-napoli\/\">\n                <img decoding=\"async\" class=\"feature_activity_img\" itemprop=\"photo\" src=\"https:\/\/movery.it\/wp-content\/uploads\/2026\/06\/tour_cappella_a_severo_e_biglietti_da_napoli2-450x300.jpg\" alt=\"Escursione guidata con biglietto d\u2019ingresso alla Cappella Sansevero a Napoli\" \/>\n            <\/a>\n                    <\/div>\n        <div class=\"content-item\">\n            <a href=\"https:\/\/movery.it\/en\/campania\/napoli\/escursione-guidata-con-biglietto-dingresso-alla-cappella-sansevero-a-napoli\/\" class=\"title-a\" style=\"height: 3rem;overflow: hidden;\">\n                <p class=\"title\" itemprop=\"name\">\n                    Escursione guidata con biglietto d\u2019ingresso alla Cappella Sansevero a Napoli                <\/p>\n            <\/a>\n            \n\n                            <div class=\"sub-title st-address d-flex\" itemprop=\"location\" itemscope itemtype=\"https:\/\/schema.org\/Place\">\n                    <span class=\"address\" itemprop=\"address\" itemscope itemtype=\"https:\/\/schema.org\/PostalAddress\">\n                        <span itemprop=\"streetAddress\"> <i class=\"stt-icon-location1\"><\/i> Piazza San Domenico Maggiore, 5\u20137, 80134 Napoli<\/span>\n                    <\/span>\n\t\t\t\t\t                            <span class=\"duration\">\n\t\t\t\t\t\t\t\t<i class=\"input-icon st-border-radius field-icon fa\"><svg height=\"11px\" width=\"11px\" version=\"1.1\" id=\"Layer_1\" xmlns=\"http:\/\/www.w3.org\/2000\/svg\" xmlns:xlink=\"http:\/\/www.w3.org\/1999\/xlink\" x=\"0px\" y=\"0px\"\r\n     viewbox=\"0 0 24 24\" style=\"enable-background:new 0 0 24 24;\" xml:space=\"preserve\">\r\n\r\n<g fill=\"#013451\">\r\n    <path d=\"M12,23.25C5.797,23.25,0.75,18.203,0.75,12C0.75,5.797,5.797,0.75,12,0.75c6.203,0,11.25,5.047,11.25,11.25        C23.25,18.203,18.203,23.25,12,23.25z M12,2.25c-5.376,0-9.75,4.374-9.75,9.75s4.374,9.75,9.75,9.75s9.75-4.374,9.75-9.75        S17.376,2.25,12,2.25z\"\/>\r\n    <path d=\"M15.75,16.5c-0.2,0-0.389-0.078-0.53-0.22l-2.25-2.25c-0.302,0.145-0.632,0.22-0.969,0.22c-1.241,0-2.25-1.009-2.25-2.25        c0-0.96,0.615-1.808,1.5-2.121V5.25c0-0.414,0.336-0.75,0.75-0.75s0.75,0.336,0.75,0.75v4.629c0.885,0.314,1.5,1.162,1.5,2.121        c0,0.338-0.075,0.668-0.22,0.969l2.25,2.25c0.292,0.292,0.292,0.768,0,1.061C16.139,16.422,15.95,16.5,15.75,16.5z M12,11.25        c-0.414,0-0.75,0.336-0.75,0.75s0.336,0.75,0.75,0.75s0.75-0.336,0.75-0.75S12.414,11.25,12,11.25z\"\/>\r\n<\/g>\r\n<\/svg><\/i>\t\t\t\t\t\t\t\t35min \n                        <\/span>\n                                        <\/div>\n            \n            <div class=\"excerpt\" style=\"height: 3rem;\">\n                Non hai mai visto il celebre Cristo Velato? Con questa escursione alla Cappella Sansevero a...            <\/div>\n\n\n            <div class=\"reviews\" itemprop=\"starRating\" itemscope itemtype=\"https:\/\/schema.org\/Rating\"  style=\"display: block;padding-left: 15px;margin-top: 15px; height: 48px;\">\n                <i class=\"stt-icon-star1\"><\/i>\n                <span class=\"rate\" itemprop=\"ratingValue\" style=\"color: #0f3f5b;\">\n\t\t\t\t\t\t4.5 <span>\/<\/span> 5\n\t\t\t\t\t<\/span>\n\t\t\t\t\t<span class=\"rate-text\" style=\"color: #0f3f5b;\">\n\t\t\t\t\t\tExcellent\t\t\t\t\t<\/span>\n                <span class=\"summary\">\n                    (2 Reviews)\n                <\/span>\n            <\/div>\n            <div class=\"event-date d-none\" itemprop=\"startDate\" content=\"2026-09-05 12:21:36\">2026-09-05 12:21:36<\/div>\n\n                        <div class=\"section-footer\">\n                                <div class=\"section_footer_content\" itemprop=\"priceRange\">\n                    <span class=\"price-tour\" >\n                        <span class=\"price\">&nbsp;&nbsp;&nbsp;&nbsp;<span class=\"sale-top\">From  <span class=\"text-lg lh1em item\"> \u20ac29.50<\/span><\/span><br>&nbsp;&nbsp;&nbsp;&nbsp;per person<\/span>\n                    <\/span>\n\n                                                <span class=\"unit\">\n\t\t\t\t\t\t        <a href=\"https:\/\/movery.it\/en\/campania\/napoli\/escursione-guidata-con-biglietto-dingresso-alla-cappella-sansevero-a-napoli\/\" class=\"add_tour\">\n\t\t\t\t\t\t\t        Book \n\t\t\t\t\t\t        <\/a>\n                            <\/span>\n                                        <\/div>\n            <\/div>\n        <\/div>\n    <\/div>\n<\/div><\/div><div class=\"item-slide\"><div class=\"services-item grid item-elementor mb-3\" itemscope itemtype=\"https:\/\/schema.org\/Trip\">\n    <div class=\"item service-border st-border-radius\">\n    <div class=\"header-services-item\" style=\"height: 50px; backround:black\">\n\n<div class=\"title\" >\n    Literary walk<\/div>\n<div class=\"icon\">\n\n        <a href=\"#\" class=\"login\" data-bs-toggle=\"modal\" data-bs-target=\"#st-login-form\">\n        \n            <div class=\"service-add-wishlist\" title=\"Add to wishlist\">\n            <img loading=\"lazy\" decoding=\"async\"  src=\"https:\/\/movery.it\/assets\/icons\/ico-favgreen.svg\" height=\"15\" width=\"15\" class=\"movery-home-main-items-child-pic-share ignore-mouse-events\" alt=\"Share\">\n\n\n                <div class=\"lds-dual-ring\"><\/div>\n            <\/div>\n        <\/a>\n        <a href=\"https:\/\/movery.it\/en\/campania\/napoli\/tour-guidato-tra-le-opere-di-caravaggio-al-pio-monte-della-misericordia\/\">\n    <img loading=\"lazy\" decoding=\"async\"  src=\"https:\/\/movery.it\/assets\/icons\/card-shopping-cart.svg\" height=\"15\" width=\"15\" class=\"movery-home-main-items-child-pic-share ignore-mouse-events\" alt=\"Share\">\n\n    <\/a>\n    <a href=\"https:\/\/movery.it\/en\/campania\/napoli\/tour-guidato-tra-le-opere-di-caravaggio-al-pio-monte-della-misericordia\/\">\n    <img loading=\"lazy\" decoding=\"async\"  src=\"https:\/\/static.movery.it\/assets\/img\/icons\/ico-sharegreen.svg\" height=\"15\" width=\"15\" class=\"movery-home-main-items-child-pic-share ignore-mouse-events\" alt=\"Share\">\n    <\/a>\n    \n<\/div>\n\n<\/div>\n        <div class=\"featured-image\">\n            <div class=\"st-tag-feature-sale\">\n                \n                                                            <\/div>\n\n            <a href=\"https:\/\/movery.it\/en\/campania\/napoli\/tour-guidato-tra-le-opere-di-caravaggio-al-pio-monte-della-misericordia\/\">\n                <img decoding=\"async\" class=\"feature_tour_img\" itemprop=\"photo\" src=\"https:\/\/movery.it\/wp-content\/uploads\/2026\/06\/caravaggio_viista_guidata_da_napoli-450x300.jpg\"\n                     alt=\"Tour guidato tra le opere di Caravaggio al Pio Monte della Misericordia\"\/>\n            <\/a>\n                    <\/div>\n        <div class=\"content-item\">\n        <a href=\"https:\/\/movery.it\/en\/campania\/napoli\/tour-guidato-tra-le-opere-di-caravaggio-al-pio-monte-della-misericordia\/\"  class=\"title-a\" style=\"height: 3rem;overflow: hidden;\">\n        <p class=\"title\" itemprop=\"name\">\n               Tour guidato tra le opere di Caravaggio al Pio Monte della Misericordia        <\/p>\n                <\/a>   \n        \n                            <div class=\"sub-title st-address d-flex\" itemprop=\"location\" itemscope itemtype=\"https:\/\/schema.org\/Place\">\n                    <span class=\"address\" itemprop=\"address\" itemscope itemtype=\"https:\/\/schema.org\/PostalAddress\">\n                        <span itemprop=\"streetAddress\"> <i class=\"stt-icon-location1\"><\/i> Piazza Cardinale Sisto Riario Sforza<\/span>\n                    <\/span>\n\t\t\t\t\t                            <span class=\"duration\">\n\t\t\t\t\t\t\t\t<i class=\"input-icon st-border-radius field-icon fa\"><svg height=\"11px\" width=\"11px\" version=\"1.1\" id=\"Layer_1\" xmlns=\"http:\/\/www.w3.org\/2000\/svg\" xmlns:xlink=\"http:\/\/www.w3.org\/1999\/xlink\" x=\"0px\" y=\"0px\"\r\n     viewbox=\"0 0 24 24\" style=\"enable-background:new 0 0 24 24;\" xml:space=\"preserve\">\r\n\r\n<g fill=\"#013451\">\r\n    <path d=\"M12,23.25C5.797,23.25,0.75,18.203,0.75,12C0.75,5.797,5.797,0.75,12,0.75c6.203,0,11.25,5.047,11.25,11.25        C23.25,18.203,18.203,23.25,12,23.25z M12,2.25c-5.376,0-9.75,4.374-9.75,9.75s4.374,9.75,9.75,9.75s9.75-4.374,9.75-9.75        S17.376,2.25,12,2.25z\"\/>\r\n    <path d=\"M15.75,16.5c-0.2,0-0.389-0.078-0.53-0.22l-2.25-2.25c-0.302,0.145-0.632,0.22-0.969,0.22c-1.241,0-2.25-1.009-2.25-2.25        c0-0.96,0.615-1.808,1.5-2.121V5.25c0-0.414,0.336-0.75,0.75-0.75s0.75,0.336,0.75,0.75v4.629c0.885,0.314,1.5,1.162,1.5,2.121        c0,0.338-0.075,0.668-0.22,0.969l2.25,2.25c0.292,0.292,0.292,0.768,0,1.061C16.139,16.422,15.95,16.5,15.75,16.5z M12,11.25        c-0.414,0-0.75,0.336-0.75,0.75s0.336,0.75,0.75,0.75s0.75-0.336,0.75-0.75S12.414,11.25,12,11.25z\"\/>\r\n<\/g>\r\n<\/svg><\/i>\t\t\t\t\t\t\t\t35min \n                        <\/span>\n                                        <\/div>\n            \n            <div class=\"excerpt\" style=\"height: 3rem;\">\n            Per immergerti nel cuore dell\u2019arte napoletana prenota il tour guidato al Pio Monte della Misericordia...            <\/div>\n\n\n            <div class=\"reviews\" itemprop=\"starRating\" itemscope itemtype=\"https:\/\/schema.org\/Rating\"  style=\"display: block;padding-left: 15px;margin-top: 15px; height: 48px;\">\n                <i class=\"stt-icon-star1\"><\/i>\n                <span class=\"rate\" itemprop=\"ratingValue\" style=\"color: #0f3f5b;\">\n\t\t\t\t\t\t4.5 <span>\/<\/span> 5\n\t\t\t\t\t<\/span>\n\t\t\t\t\t<span class=\"rate-text\" style=\"color: #0f3f5b;\">\n\t\t\t\t\t\tExcellent\t\t\t\t\t<\/span>\n                <span class=\"summary\">\n                    (3 Reviews)\n                <\/span>\n            <\/div>\n            <div class=\"event-date d-none\" itemprop=\"startDate\" content=\"2026-09-05 12:21:36\">2026-09-05 12:21:36<\/div>\n            \n                     <div class=\"section-footer\">\n                                <div class=\"section_footer_content\" itemprop=\"priceRange\">\n                    <span class=\"price-tour\">\n                        <span class=\"price\">&nbsp;&nbsp;&nbsp;&nbsp;<span class=\"sale-top\">From  <span class=\"text-lg lh1em item\"> \u20ac30.00<\/span><\/span><br>&nbsp;&nbsp;&nbsp;&nbsp;per person<\/span>\n                    <\/span>\n                    \n                                                <span class=\"unit\">\n\t\t\t\t\t\t        <a href=\"https:\/\/movery.it\/en\/campania\/napoli\/tour-guidato-tra-le-opere-di-caravaggio-al-pio-monte-della-misericordia\/\" class=\"add_tour\">\n\t\t\t\t\t\t\t        Book \n\t\t\t\t\t\t        <\/a>\n                            <\/span>\n                                        <\/div>\n            <\/div>\n        <\/div>\n    <\/div>\n<\/div><\/div><div class=\"item-slide\"><div class=\"services-item grid item-elementor mb-3\" itemscope itemtype=\"https:\/\/schema.org\/Trip\">\n    <div class=\"item service-border st-border-radius\">\n    <div class=\"header-services-item\" style=\"height: 50px; backround:black\">\n\n<div class=\"title\" >\n    Boat tours<\/div>\n<div class=\"icon\">\n\n        <a href=\"#\" class=\"login\" data-bs-toggle=\"modal\" data-bs-target=\"#st-login-form\">\n        \n            <div class=\"service-add-wishlist\" title=\"Add to wishlist\">\n            <img loading=\"lazy\" decoding=\"async\"  src=\"https:\/\/movery.it\/assets\/icons\/ico-favgreen.svg\" height=\"15\" width=\"15\" class=\"movery-home-main-items-child-pic-share ignore-mouse-events\" alt=\"Share\">\n\n\n                <div class=\"lds-dual-ring\"><\/div>\n            <\/div>\n        <\/a>\n        <a href=\"https:\/\/movery.it\/en\/campania\/napoli\/da-napoli-giro-in-barca-condiviso-delle-isole-ischia-e-procida-con-pranzo\/\">\n    <img loading=\"lazy\" decoding=\"async\"  src=\"https:\/\/movery.it\/assets\/icons\/card-shopping-cart.svg\" height=\"15\" width=\"15\" class=\"movery-home-main-items-child-pic-share ignore-mouse-events\" alt=\"Share\">\n\n    <\/a>\n    <a href=\"https:\/\/movery.it\/en\/campania\/napoli\/da-napoli-giro-in-barca-condiviso-delle-isole-ischia-e-procida-con-pranzo\/\">\n    <img loading=\"lazy\" decoding=\"async\"  src=\"https:\/\/static.movery.it\/assets\/img\/icons\/ico-sharegreen.svg\" height=\"15\" width=\"15\" class=\"movery-home-main-items-child-pic-share ignore-mouse-events\" alt=\"Share\">\n    <\/a>\n    \n<\/div>\n\n<\/div>\n        <div class=\"featured-image\">\n            <div class=\"st-tag-feature-sale\">\n                \n                                                            <\/div>\n\n            <a href=\"https:\/\/movery.it\/en\/campania\/napoli\/da-napoli-giro-in-barca-condiviso-delle-isole-ischia-e-procida-con-pranzo\/\">\n                <img decoding=\"async\" class=\"feature_tour_img\" itemprop=\"photo\" src=\"https:\/\/movery.it\/wp-content\/uploads\/2026\/06\/ischia_isola_ischia_da_napoli-450x300.jpg\"\n                     alt=\"Da Napoli: Giro in barca condiviso delle Isole Ischia e Procida con pranzo\"\/>\n            <\/a>\n                    <\/div>\n        <div class=\"content-item\">\n        <a href=\"https:\/\/movery.it\/en\/campania\/napoli\/da-napoli-giro-in-barca-condiviso-delle-isole-ischia-e-procida-con-pranzo\/\"  class=\"title-a\" style=\"height: 3rem;overflow: hidden;\">\n        <p class=\"title\" itemprop=\"name\">\n               Da Napoli: Giro in barca condiviso delle Isole Ischia e Procida con pranzo        <\/p>\n                <\/a>   \n        \n                            <div class=\"sub-title st-address d-flex\" itemprop=\"location\" itemscope itemtype=\"https:\/\/schema.org\/Place\">\n                    <span class=\"address\" itemprop=\"address\" itemscope itemtype=\"https:\/\/schema.org\/PostalAddress\">\n                        <span itemprop=\"streetAddress\"> <i class=\"stt-icon-location1\"><\/i> Molo Beverello, 80133, Naples<\/span>\n                    <\/span>\n\t\t\t\t\t                            <span class=\"duration\">\n\t\t\t\t\t\t\t\t<i class=\"input-icon st-border-radius field-icon fa\"><svg height=\"11px\" width=\"11px\" version=\"1.1\" id=\"Layer_1\" xmlns=\"http:\/\/www.w3.org\/2000\/svg\" xmlns:xlink=\"http:\/\/www.w3.org\/1999\/xlink\" x=\"0px\" y=\"0px\"\r\n     viewbox=\"0 0 24 24\" style=\"enable-background:new 0 0 24 24;\" xml:space=\"preserve\">\r\n\r\n<g fill=\"#013451\">\r\n    <path d=\"M12,23.25C5.797,23.25,0.75,18.203,0.75,12C0.75,5.797,5.797,0.75,12,0.75c6.203,0,11.25,5.047,11.25,11.25        C23.25,18.203,18.203,23.25,12,23.25z M12,2.25c-5.376,0-9.75,4.374-9.75,9.75s4.374,9.75,9.75,9.75s9.75-4.374,9.75-9.75        S17.376,2.25,12,2.25z\"\/>\r\n    <path d=\"M15.75,16.5c-0.2,0-0.389-0.078-0.53-0.22l-2.25-2.25c-0.302,0.145-0.632,0.22-0.969,0.22c-1.241,0-2.25-1.009-2.25-2.25        c0-0.96,0.615-1.808,1.5-2.121V5.25c0-0.414,0.336-0.75,0.75-0.75s0.75,0.336,0.75,0.75v4.629c0.885,0.314,1.5,1.162,1.5,2.121        c0,0.338-0.075,0.668-0.22,0.969l2.25,2.25c0.292,0.292,0.292,0.768,0,1.061C16.139,16.422,15.95,16.5,15.75,16.5z M12,11.25        c-0.414,0-0.75,0.336-0.75,0.75s0.336,0.75,0.75,0.75s0.75-0.336,0.75-0.75S12.414,11.25,12,11.25z\"\/>\r\n<\/g>\r\n<\/svg><\/i>\t\t\t\t\t\t\t\t8h  \n                        <\/span>\n                                        <\/div>\n            \n            <div class=\"excerpt\" style=\"height: 3rem;\">\n            Giornata in barca tra Ischia e Procida da Napoli con pranzo a bordo e soste...            <\/div>\n\n\n            <div class=\"reviews\" itemprop=\"starRating\" itemscope itemtype=\"https:\/\/schema.org\/Rating\"  style=\"display: block;padding-left: 15px;margin-top: 15px; height: 48px;\">\n                <i class=\"stt-icon-star1\"><\/i>\n                <span class=\"rate\" itemprop=\"ratingValue\" style=\"color: #0f3f5b;\">\n\t\t\t\t\t\t4.5 <span>\/<\/span> 5\n\t\t\t\t\t<\/span>\n\t\t\t\t\t<span class=\"rate-text\" style=\"color: #0f3f5b;\">\n\t\t\t\t\t\tExcellent\t\t\t\t\t<\/span>\n                <span class=\"summary\">\n                    (3 Reviews)\n                <\/span>\n            <\/div>\n            <div class=\"event-date d-none\" itemprop=\"startDate\" content=\"2026-09-05 12:21:36\">2026-09-05 12:21:36<\/div>\n            \n                     <div class=\"section-footer\">\n                                <div class=\"section_footer_content\" itemprop=\"priceRange\">\n                    <span class=\"price-tour\">\n                        <span class=\"price\">&nbsp;&nbsp;&nbsp;&nbsp;<span class=\"sale-top\">From  <span class=\"text-lg lh1em item\"> \u20ac139.00<\/span><\/span><br>&nbsp;&nbsp;&nbsp;&nbsp;per person<\/span>\n                    <\/span>\n                    \n                                                <span class=\"unit\">\n\t\t\t\t\t\t        <a href=\"https:\/\/movery.it\/en\/campania\/napoli\/da-napoli-giro-in-barca-condiviso-delle-isole-ischia-e-procida-con-pranzo\/\" class=\"add_tour\">\n\t\t\t\t\t\t\t        Book \n\t\t\t\t\t\t        <\/a>\n                            <\/span>\n                                        <\/div>\n            <\/div>\n        <\/div>\n    <\/div>\n<\/div><\/div><div class=\"item-slide\"><div class=\"services-item grid item-elementor mb-3\" itemscope itemtype=\"https:\/\/schema.org\/Trip\">\n    <div class=\"item service-border st-border-radius\">\n    <div class=\"header-services-item\" style=\"height: 50px; backround:black\">\n\n<div class=\"title\" >\n    Boat tours<\/div>\n<div class=\"icon\">\n\n        <a href=\"#\" class=\"login\" data-bs-toggle=\"modal\" data-bs-target=\"#st-login-form\">\n        \n            <div class=\"service-add-wishlist\" title=\"Add to wishlist\">\n            <img loading=\"lazy\" decoding=\"async\"  src=\"https:\/\/movery.it\/assets\/icons\/ico-favgreen.svg\" height=\"15\" width=\"15\" class=\"movery-home-main-items-child-pic-share ignore-mouse-events\" alt=\"Share\">\n\n\n                <div class=\"lds-dual-ring\"><\/div>\n            <\/div>\n        <\/a>\n        <a href=\"https:\/\/movery.it\/en\/campania\/napoli\/tour-in-barca-a-procida-da-napoli-con-o-senza-sosta-bagno\/\">\n    <img loading=\"lazy\" decoding=\"async\"  src=\"https:\/\/movery.it\/assets\/icons\/card-shopping-cart.svg\" height=\"15\" width=\"15\" class=\"movery-home-main-items-child-pic-share ignore-mouse-events\" alt=\"Share\">\n\n    <\/a>\n    <a href=\"https:\/\/movery.it\/en\/campania\/napoli\/tour-in-barca-a-procida-da-napoli-con-o-senza-sosta-bagno\/\">\n    <img loading=\"lazy\" decoding=\"async\"  src=\"https:\/\/static.movery.it\/assets\/img\/icons\/ico-sharegreen.svg\" height=\"15\" width=\"15\" class=\"movery-home-main-items-child-pic-share ignore-mouse-events\" alt=\"Share\">\n    <\/a>\n    \n<\/div>\n\n<\/div>\n        <div class=\"featured-image\">\n            <div class=\"st-tag-feature-sale\">\n                \n                                                            <\/div>\n\n            <a href=\"https:\/\/movery.it\/en\/campania\/napoli\/tour-in-barca-a-procida-da-napoli-con-o-senza-sosta-bagno\/\">\n                <img decoding=\"async\" class=\"feature_tour_img\" itemprop=\"photo\" src=\"https:\/\/movery.it\/wp-content\/uploads\/2026\/06\/tour_procida_da_napoli11-450x300.jpg\"\n                     alt=\"Tour in barca a Procida in partenza da Napoli con o senza sosta bagno\"\/>\n            <\/a>\n                    <\/div>\n        <div class=\"content-item\">\n        <a href=\"https:\/\/movery.it\/en\/campania\/napoli\/tour-in-barca-a-procida-da-napoli-con-o-senza-sosta-bagno\/\"  class=\"title-a\" style=\"height: 3rem;overflow: hidden;\">\n        <p class=\"title\" itemprop=\"name\">\n               Tour in barca a Procida in partenza da Napoli con o senza sosta bagno        <\/p>\n                <\/a>   \n        \n                            <div class=\"sub-title st-address d-flex\" itemprop=\"location\" itemscope itemtype=\"https:\/\/schema.org\/Place\">\n                    <span class=\"address\" itemprop=\"address\" itemscope itemtype=\"https:\/\/schema.org\/PostalAddress\">\n                        <span itemprop=\"streetAddress\"> <i class=\"stt-icon-location1\"><\/i> Molo Beverello di Napoli<\/span>\n                    <\/span>\n\t\t\t\t\t                            <span class=\"duration\">\n\t\t\t\t\t\t\t\t<i class=\"input-icon st-border-radius field-icon fa\"><svg height=\"11px\" width=\"11px\" version=\"1.1\" id=\"Layer_1\" xmlns=\"http:\/\/www.w3.org\/2000\/svg\" xmlns:xlink=\"http:\/\/www.w3.org\/1999\/xlink\" x=\"0px\" y=\"0px\"\r\n     viewbox=\"0 0 24 24\" style=\"enable-background:new 0 0 24 24;\" xml:space=\"preserve\">\r\n\r\n<g fill=\"#013451\">\r\n    <path d=\"M12,23.25C5.797,23.25,0.75,18.203,0.75,12C0.75,5.797,5.797,0.75,12,0.75c6.203,0,11.25,5.047,11.25,11.25        C23.25,18.203,18.203,23.25,12,23.25z M12,2.25c-5.376,0-9.75,4.374-9.75,9.75s4.374,9.75,9.75,9.75s9.75-4.374,9.75-9.75        S17.376,2.25,12,2.25z\"\/>\r\n    <path d=\"M15.75,16.5c-0.2,0-0.389-0.078-0.53-0.22l-2.25-2.25c-0.302,0.145-0.632,0.22-0.969,0.22c-1.241,0-2.25-1.009-2.25-2.25        c0-0.96,0.615-1.808,1.5-2.121V5.25c0-0.414,0.336-0.75,0.75-0.75s0.75,0.336,0.75,0.75v4.629c0.885,0.314,1.5,1.162,1.5,2.121        c0,0.338-0.075,0.668-0.22,0.969l2.25,2.25c0.292,0.292,0.292,0.768,0,1.061C16.139,16.422,15.95,16.5,15.75,16.5z M12,11.25        c-0.414,0-0.75,0.336-0.75,0.75s0.336,0.75,0.75,0.75s0.75-0.336,0.75-0.75S12.414,11.25,12,11.25z\"\/>\r\n<\/g>\r\n<\/svg><\/i>\t\t\t\t\t\t\t\t8h  \n                        <\/span>\n                                        <\/div>\n            \n            <div class=\"excerpt\" style=\"height: 3rem;\">\n            Ti piacerebbe trascorrere una tranquilla giornata di relax? Prenota subito questo tour in barca a...            <\/div>\n\n\n            <div class=\"reviews\" itemprop=\"starRating\" itemscope itemtype=\"https:\/\/schema.org\/Rating\"  style=\"display: block;padding-left: 15px;margin-top: 15px; height: 48px;\">\n                <i class=\"stt-icon-star1\"><\/i>\n                <span class=\"rate\" itemprop=\"ratingValue\" style=\"color: #0f3f5b;\">\n\t\t\t\t\t\t4.3 <span>\/<\/span> 5\n\t\t\t\t\t<\/span>\n\t\t\t\t\t<span class=\"rate-text\" style=\"color: #0f3f5b;\">\n\t\t\t\t\t\tExcellent\t\t\t\t\t<\/span>\n                <span class=\"summary\">\n                    (3 Reviews)\n                <\/span>\n            <\/div>\n            <div class=\"event-date d-none\" itemprop=\"startDate\" content=\"2026-09-05 12:21:36\">2026-09-05 12:21:36<\/div>\n            \n                     <div class=\"section-footer\">\n                                <div class=\"section_footer_content\" itemprop=\"priceRange\">\n                    <span class=\"price-tour\">\n                        <span class=\"price\">&nbsp;&nbsp;&nbsp;&nbsp;<span class=\"sale-top\">From  <span class=\"text-lg lh1em item\"> \u20ac64.00<\/span><\/span><br>&nbsp;&nbsp;&nbsp;&nbsp;per person<\/span>\n                    <\/span>\n                    \n                                                <span class=\"unit\">\n\t\t\t\t\t\t        <a href=\"https:\/\/movery.it\/en\/campania\/napoli\/tour-in-barca-a-procida-da-napoli-con-o-senza-sosta-bagno\/\" class=\"add_tour\">\n\t\t\t\t\t\t\t        Book \n\t\t\t\t\t\t        <\/a>\n                            <\/span>\n                                        <\/div>\n            <\/div>\n        <\/div>\n    <\/div>\n<\/div><\/div><\/div>            <\/div>\n        <\/div>\n    <\/div>\n    \n    \t\t<div class=\"elementor-shortcode\"><\/div>\n\t\t\t\t<\/div>\n\t\t\t\t<\/div>\n\t\t\t\t<div class=\"elementor-element elementor-element-5bf07b1 elementor-widget elementor-widget-text-editor\" data-id=\"5bf07b1\" data-element_type=\"widget\" data-widget_type=\"text-editor.default\">\n\t\t\t\t<div class=\"elementor-widget-container\">\n\t\t\t\t\t\t\t<h2 class=\"wp-block-heading\"><span class=\"ez-toc-section\" id=\"Come_vestirsi_per_lescursione\"><\/span>Come vestirsi per l&#8217;escursione<span class=\"ez-toc-section-end\"><\/span><\/h2>\n<p><!-- \/wp:heading --><!-- wp:paragraph --><\/p>\n<p>Anche se il percorso non presenta particolari difficolt\u00e0 tecniche, \u00e8 importante utilizzare un abbigliamento adatto al trekking.<\/p>\n<p><!-- \/wp:paragraph --><!-- wp:paragraph --><\/p>\n<p>Si consigliano:<\/p>\n<p><!-- \/wp:paragraph --><!-- wp:list --><\/p>\n<ul class=\"wp-block-list\"><!-- wp:list-item -->\n<li>scarpe da trekking con buona aderenza;<\/li>\n<!-- \/wp:list-item --><!-- wp:list-item -->\n<li>abbigliamento comodo e possibilmente a strati;<\/li>\n<!-- \/wp:list-item --><!-- wp:list-item -->\n<li>cappello;<\/li>\n<!-- \/wp:list-item --><!-- wp:list-item -->\n<li>giacca antivento;<\/li>\n<!-- \/wp:list-item --><!-- wp:list-item -->\n<li>crema solare;<\/li>\n<!-- \/wp:list-item --><!-- wp:list-item -->\n<li>almeno un litro d&#8217;acqua per persona;<\/li>\n<!-- \/wp:list-item --><!-- wp:list-item -->\n<li>bastoncini da trekking, soprattutto per chi preferisce maggiore stabilit\u00e0 nei tratti in salita o discesa.<\/li>\n<!-- \/wp:list-item --><\/ul>\n<p><!-- \/wp:list --><!-- wp:paragraph --><\/p>\n<p>Durante i mesi pi\u00f9 caldi \u00e8 preferibile evitare le ore centrali della giornata, perch\u00e9 alcuni tratti del percorso sono molto esposti al sole.<\/p>\n<p><!-- \/wp:paragraph --><!-- wp:heading --><\/p>\n<h2 class=\"wp-block-heading\"><span class=\"ez-toc-section\" id=\"Quando_andare_a_Punta_Campanella\"><\/span>Quando andare a Punta Campanella<span class=\"ez-toc-section-end\"><\/span><\/h2>\n<p><!-- \/wp:heading --><!-- wp:paragraph --><\/p>\n<p>Il trekking pu\u00f2 essere praticato in diversi periodi dell&#8217;anno, ma <strong>primavera e autunno<\/strong> sono generalmente le stagioni pi\u00f9 piacevoli.<\/p>\n<p><!-- \/wp:paragraph --><!-- wp:paragraph --><\/p>\n<p>In primavera la macchia mediterranea regala colori e profumi particolarmente intensi, mentre in autunno le temperature pi\u00f9 miti rendono il cammino piacevole anche nelle ore centrali. In estate \u00e8 consigliabile partire al mattino presto o nel tardo pomeriggio e portare una quantit\u00e0 sufficiente di acqua.<\/p>\n<p><!-- \/wp:paragraph --><!-- wp:paragraph --><\/p>\n<p>In inverno, invece, \u00e8 opportuno verificare sempre le condizioni meteorologiche prima della partenza.<\/p>\n<p><!-- \/wp:paragraph --><!-- wp:heading --><\/p>\n<h2 class=\"wp-block-heading\"><span class=\"ez-toc-section\" id=\"Come_arrivare_a_Termini\"><\/span>Come arrivare a Termini<span class=\"ez-toc-section-end\"><\/span><\/h2>\n<p><!-- \/wp:heading --><!-- wp:paragraph --><\/p>\n<p>Il punto di incontro per l&#8217;escursione \u00e8 nella frazione di <strong>Termini di Massa Lubrense<\/strong>.<\/p>\n<p><!-- \/wp:paragraph --><!-- wp:heading {\"level\":3} --><\/p>\n<h3 class=\"wp-block-heading\"><span class=\"ez-toc-section\" id=\"In_auto\"><\/span>By car<span class=\"ez-toc-section-end\"><\/span><\/h3>\n<p><!-- \/wp:heading --><!-- wp:paragraph --><\/p>\n<p>Da Sorrento \u00e8 possibile raggiungere Massa Lubrense e successivamente seguire le indicazioni per Termini. In prossimit\u00e0 del centro della frazione sono disponibili aree di parcheggio e stalli regolamentati.<\/p>\n<p><!-- \/wp:paragraph --><!-- wp:heading {\"level\":3} --><\/p>\n<h3 class=\"wp-block-heading\"><span class=\"ez-toc-section\" id=\"Con_i_mezzi_pubblici\"><\/span>By public transportation<span class=\"ez-toc-section-end\"><\/span><\/h3>\n<p><!-- \/wp:heading --><!-- wp:paragraph --><\/p>\n<p>Da Sorrento \u00e8 possibile utilizzare gli autobus diretti verso Massa Lubrense e le frazioni della penisola. Prima della partenza \u00e8 sempre consigliabile controllare gli orari aggiornati del servizio di trasporto pubblico.<\/p>\n<p><!-- \/wp:paragraph --><!-- wp:heading --><\/p>\n<h2 class=\"wp-block-heading\"><span class=\"ez-toc-section\" id=\"Escursione_guidata_a_Punta_Campanella\"><\/span>Escursione guidata a Punta Campanella<span class=\"ez-toc-section-end\"><\/span><\/h2>\n<p><!-- \/wp:heading --><!-- wp:paragraph --><\/p>\n<p>Per chi preferisce affrontare il percorso con una guida, \u00e8 possibile partecipare a un&#8217;<strong>escursione privata a Punta Campanella<\/strong>. La presenza di una guida ambientale escursionistica permette non soltanto di seguire il percorso in maggiore sicurezza, ma anche di approfondire la storia, la flora, le leggende e le caratteristiche naturalistiche del territorio. L&#8217;esperienza Movery prevede una <strong>guida ambientale escursionistica abilitata AIGAE e coperta da assicurazione RCT<\/strong>.<\/p>\n<p><!-- \/wp:paragraph --><!-- wp:paragraph --><\/p>\n<p>Il tour pu\u00f2 essere organizzato per gruppi privati e, in base alla disponibilit\u00e0, \u00e8 possibile concordare anche orari differenti. Su richiesta \u00e8 inoltre possibile aggiungere una <strong>degustazione presso un&#8217;azienda agricola locale<\/strong>, con un&#8217;estensione del percorso.<\/p>\n<p><!-- \/wp:paragraph --><!-- wp:paragraph --><\/p>\n<p>Per chi desidera scoprire la Penisola Sorrentina al di fuori dei classici itinerari turistici, il <strong>Sentiero di Punta Campanella<\/strong> rimane quindi una delle passeggiate pi\u00f9 suggestive da inserire nel proprio viaggio.<\/p>\n<p><!-- \/wp:paragraph --><!-- wp:paragraph --><\/p>\t\t\t\t\t\t<\/div>\n\t\t\t\t<\/div>\n\t\t\t\t\t<\/div>\n\t\t\t\t<\/div>\n\t\t<div class=\"elementor-element elementor-element-21eb684 e-flex e-con-boxed e-con e-parent\" data-id=\"21eb684\" data-element_type=\"container\">\n\t\t\t\t\t<div class=\"e-con-inner\">\n\t\t\t\t\t<\/div>\n\t\t\t\t<\/div>\n\t\t\t\t<\/div>","protected":false},"excerpt":{"rendered":"<p>Il Sentiero di Punta Campanella \u00e8 uno degli itinerari escursionistici pi\u00f9 affascinanti della Penisola Sorrentina&#8230;.<\/p>","protected":false},"author":21,"featured_media":33604,"comment_status":"closed","ping_status":"closed","sticky":true,"template":"","format":"standard","meta":{"_seopress_robots_primary_cat":"none","_seopress_titles_title":"","_seopress_titles_desc":"","_seopress_robots_index":"","content-type":"","footnotes":""},"categories":[319,310,307,322],"tags":[],"locations":[167,199,236,789,226],"class_list":["post-63472","post","type-post","status-publish","format-standard","has-post-thumbnail","hentry","category-eventi","category-luoghi-delle-storie","category-passi-memoria","category-vette-sentieri","locations-campania","locations-castellammare-di-stabia","locations-costiera-amalfitana","locations-costiera-cilento","locations-sorrento"],"pp_statuses_selecting_workflow":false,"pp_workflow_action":"current","pp_status_selection":"publish","_links":{"self":[{"href":"https:\/\/movery.it\/en\/wp-json\/wp\/v2\/posts\/63472","targetHints":{"allow":["GET"]}}],"collection":[{"href":"https:\/\/movery.it\/en\/wp-json\/wp\/v2\/posts"}],"about":[{"href":"https:\/\/movery.it\/en\/wp-json\/wp\/v2\/types\/post"}],"author":[{"embeddable":true,"href":"https:\/\/movery.it\/en\/wp-json\/wp\/v2\/users\/21"}],"replies":[{"embeddable":true,"href":"https:\/\/movery.it\/en\/wp-json\/wp\/v2\/comments?post=63472"}],"version-history":[{"count":5,"href":"https:\/\/movery.it\/en\/wp-json\/wp\/v2\/posts\/63472\/revisions"}],"predecessor-version":[{"id":63482,"href":"https:\/\/movery.it\/en\/wp-json\/wp\/v2\/posts\/63472\/revisions\/63482"}],"wp:attachment":[{"href":"https:\/\/movery.it\/en\/wp-json\/wp\/v2\/media?parent=63472"}],"wp:term":[{"taxonomy":"category","embeddable":true,"href":"https:\/\/movery.it\/en\/wp-json\/wp\/v2\/categories?post=63472"},{"taxonomy":"post_tag","embeddable":true,"href":"https:\/\/movery.it\/en\/wp-json\/wp\/v2\/tags?post=63472"},{"taxonomy":"locations","embeddable":true,"href":"https:\/\/movery.it\/en\/wp-json\/wp\/v2\/locations?post=63472"}],"curies":[{"name":"wp","href":"https:\/\/api.w.org\/{rel}","templated":true}]}}