
{"id":63494,"date":"2026-09-06T07:04:00","date_gmt":"2026-09-06T06:04:00","guid":{"rendered":"https:\/\/movery.it\/?p=63494"},"modified":"2026-09-01T14:18:11","modified_gmt":"2026-09-01T13:18:11","slug":"pernottamento-in-barca-e-cena-romantica-unidea-regalo-speciale-per-la-coppia","status":"publish","type":"post","link":"https:\/\/movery.it\/en\/pernottamento-in-barca-e-cena-romantica-unidea-regalo-speciale-per-la-coppia\/","title":{"rendered":"Pernottamento in barca e cena romantica: un\u2019idea regalo speciale per la coppia"},"content":{"rendered":"<div id=\"ez-toc-container\" class=\"ez-toc-v2_0_68_1 ez-toc-wrap-left counter-hierarchy ez-toc-counter ez-toc-custom ez-toc-container-direction\">\n<div class=\"ez-toc-title-container\">\n<p class=\"ez-toc-title\" >Table of Contents<\/p>\n<span class=\"ez-toc-title-toggle\"><\/span><\/div>\n<nav><ul class='ez-toc-list ez-toc-list-level-1' ><li class='ez-toc-page-1 ez-toc-heading-level-2'><a class=\"ez-toc-link ez-toc-heading-1\" href=\"https:\/\/movery.it\/en\/pernottamento-in-barca-e-cena-romantica-unidea-regalo-speciale-per-la-coppia\/#Una_notte_in_barca_da_regalare_alla_persona_che_ami\" title=\"Una notte in barca da regalare alla persona che ami\">Una notte in barca da regalare alla persona che ami<\/a><\/li><li class='ez-toc-page-1 ez-toc-heading-level-2'><a class=\"ez-toc-link ez-toc-heading-2\" href=\"https:\/\/movery.it\/en\/pernottamento-in-barca-e-cena-romantica-unidea-regalo-speciale-per-la-coppia\/#Come_si_svolge_lesperienza\" title=\"Come si svolge l\u2019esperienza\">Come si svolge l\u2019esperienza<\/a><\/li><li class='ez-toc-page-1 ez-toc-heading-level-2'><a class=\"ez-toc-link ez-toc-heading-3\" href=\"https:\/\/movery.it\/en\/pernottamento-in-barca-e-cena-romantica-unidea-regalo-speciale-per-la-coppia\/#Dormire_in_barca_unesperienza_intima_e_diversa_dal_solito\" title=\"Dormire in barca: un\u2019esperienza intima e diversa dal solito\">Dormire in barca: un\u2019esperienza intima e diversa dal solito<\/a><\/li><li class='ez-toc-page-1 ez-toc-heading-level-2'><a class=\"ez-toc-link ez-toc-heading-4\" href=\"https:\/\/movery.it\/en\/pernottamento-in-barca-e-cena-romantica-unidea-regalo-speciale-per-la-coppia\/#Quanto_costa_la_cena_romantica_con_pernottamento_in_barca\" title=\"Quanto costa la cena romantica con pernottamento in barca?\">Quanto costa la cena romantica con pernottamento in barca?<\/a><\/li><li class='ez-toc-page-1 ez-toc-heading-level-2'><a class=\"ez-toc-link ez-toc-heading-5\" href=\"https:\/\/movery.it\/en\/pernottamento-in-barca-e-cena-romantica-unidea-regalo-speciale-per-la-coppia\/#Cosa_comprende_la_cena\" title=\"Cosa comprende la cena\">Cosa comprende la cena<\/a><\/li><li class='ez-toc-page-1 ez-toc-heading-level-2'><a class=\"ez-toc-link ez-toc-heading-6\" href=\"https:\/\/movery.it\/en\/pernottamento-in-barca-e-cena-romantica-unidea-regalo-speciale-per-la-coppia\/#Perche_regalarla_per_un_anniversario\" title=\"Perch\u00e9 regalarla per un anniversario\">Perch\u00e9 regalarla per un anniversario<\/a><\/li><li class='ez-toc-page-1 ez-toc-heading-level-2'><a class=\"ez-toc-link ez-toc-heading-7\" href=\"https:\/\/movery.it\/en\/pernottamento-in-barca-e-cena-romantica-unidea-regalo-speciale-per-la-coppia\/#Unidea_regalo_per_compleanno_San_Valentino_o_proposta_romantica\" title=\"Un\u2019idea regalo per compleanno, San Valentino o proposta romantica\">Un\u2019idea regalo per compleanno, San Valentino o proposta romantica<\/a><\/li><li class='ez-toc-page-1 ez-toc-heading-level-2'><a class=\"ez-toc-link ez-toc-heading-8\" href=\"https:\/\/movery.it\/en\/pernottamento-in-barca-e-cena-romantica-unidea-regalo-speciale-per-la-coppia\/#Per_chi_e_consigliata\" title=\"Per chi \u00e8 consigliata\">Per chi \u00e8 consigliata<\/a><\/li><li class='ez-toc-page-1 ez-toc-heading-level-2'><a class=\"ez-toc-link ez-toc-heading-9\" href=\"https:\/\/movery.it\/en\/pernottamento-in-barca-e-cena-romantica-unidea-regalo-speciale-per-la-coppia\/#Proposition_for_you\" title=\"Proposition for you\">Proposition for you<\/a><\/li><li class='ez-toc-page-1 ez-toc-heading-level-2'><a class=\"ez-toc-link ez-toc-heading-10\" href=\"https:\/\/movery.it\/en\/pernottamento-in-barca-e-cena-romantica-unidea-regalo-speciale-per-la-coppia\/#Una_fuga_romantica_senza_andare_lontano\" title=\"Una fuga romantica senza andare lontano\">Una fuga romantica senza andare lontano<\/a><\/li><li class='ez-toc-page-1 ez-toc-heading-level-2'><a class=\"ez-toc-link ez-toc-heading-11\" href=\"https:\/\/movery.it\/en\/pernottamento-in-barca-e-cena-romantica-unidea-regalo-speciale-per-la-coppia\/#Cena_e_pernottamento_in_barca_perche_puo_essere_il_regalo_giusto\" title=\"Cena e pernottamento in barca: perch\u00e9 pu\u00f2 essere il regalo giusto\">Cena e pernottamento in barca: perch\u00e9 pu\u00f2 essere il regalo giusto<\/a><\/li><\/ul><\/nav><\/div>\n\t\t<div data-elementor-type=\"wp-post\" data-elementor-id=\"63494\" class=\"elementor elementor-63494\">\n\t\t\t\t<div class=\"elementor-element elementor-element-73af83a7 e-flex e-con-boxed e-con e-parent\" data-id=\"73af83a7\" data-element_type=\"container\">\n\t\t\t\t\t<div class=\"e-con-inner\">\n\t\t\t\t<div class=\"elementor-element elementor-element-7662ba8a elementor-widget elementor-widget-text-editor\" data-id=\"7662ba8a\" data-element_type=\"widget\" data-widget_type=\"text-editor.default\">\n\t\t\t\t<div class=\"elementor-widget-container\">\n\t\t\t\t\t\t\t<!-- wp:paragraph -->\n<p>Regalare un oggetto \u00e8 semplice. Regalare un ricordo da vivere insieme, invece, pu\u00f2 rendere un anniversario, un compleanno o una ricorrenza davvero speciale. Per chi cerca un\u2019idea romantica diversa dal solito, una <strong>notte in barca con cena e colazione<\/strong> pu\u00f2 trasformarsi in una vera esperienza di coppia.<\/p>\n<!-- \/wp:paragraph --><!-- wp:paragraph -->\n<p>A Monte di Procida \u00e8 possibile vivere una crociera privata serale verso la suggestiva <strong>Marina di Corricella in Procida<\/strong>, cenare a bordo e, scegliendo la formula completa, trascorrere la notte direttamente sull\u2019imbarcazione.<\/p>\n<!-- \/wp:paragraph --><!-- wp:heading -->\n<h2 class=\"wp-block-heading\"><span class=\"ez-toc-section\" id=\"Una_notte_in_barca_da_regalare_alla_persona_che_ami\"><\/span>Una notte in barca da regalare alla persona che ami<span class=\"ez-toc-section-end\"><\/span><\/h2>\n<!-- \/wp:heading --><!-- wp:paragraph -->\n<p><a href=\"https:\/\/movery.it\/en\/campania\/bacoli\/romantica-a-marina-di-corricella-con-partenza-da-procida\/\">Un pernottamento in barca<\/a> \u00e8 un\u2019idea regalo particolarmente indicata per chi vuole sorprendere il partner con qualcosa di originale. Non si tratta semplicemente di dormire fuori casa, ma di vivere insieme diverse esperienze nella stessa serata: la navigazione al tramonto, il panorama sul mare, una cena per due e una notte in un ambiente riservato.<\/p>\n<!-- \/wp:paragraph --><!-- wp:paragraph -->\n<p>La formula \u00e8 pensata esclusivamente per la coppia e pu\u00f2 essere scelta per festeggiare un <strong>anniversario, un compleanno, una proposta speciale, San Valentino<\/strong> oppure semplicemente per concedersi una fuga romantica.<\/p>\n<!-- \/wp:paragraph --><!-- wp:paragraph -->\n<p>A rendere ancora pi\u00f9 particolare l\u2019esperienza \u00e8 la destinazione: durante la navigazione si raggiunge la zona di <strong>Marina di Corricella<\/strong>, uno degli scorci pi\u00f9 caratteristici di Procida, riconoscibile per le case colorate, le scale e l\u2019atmosfera del suo antico borgo marinaro.<\/p>\n<!-- \/wp:paragraph --><!-- wp:heading -->\n<h2 class=\"wp-block-heading\"><span class=\"ez-toc-section\" id=\"Come_si_svolge_lesperienza\"><\/span>Come si svolge l\u2019esperienza<span class=\"ez-toc-section-end\"><\/span><\/h2>\n<!-- \/wp:heading --><!-- wp:paragraph -->\n<p>La partenza \u00e8 prevista dal <strong>porto di Acquamorta a Monte di Procida<\/strong>. L\u2019esperienza \u00e8 completamente privata e riservata alla coppia.<\/p>\n<!-- \/wp:paragraph --><!-- wp:paragraph -->\n<p>La navigazione verso la Corricella inizia in serata e durante il tour viene servita direttamente a bordo una <strong>cena completa per due persone<\/strong>. Il men\u00f9 \u00e8 a base di mare e comprende anche dolce, acqua e vino; al momento della prenotazione vengono comunicate le diverse opzioni disponibili.<\/p>\n<!-- \/wp:paragraph --><!-- wp:paragraph -->\n<p>Al termine della cena si rientra al porto di Monte di Procida. Chi sceglie la formula con pernottamento pu\u00f2 restare a bordo per tutta la notte: lo skipper lascia infatti l\u2019imbarcazione a completa disposizione della coppia, garantendo maggiore privacy.<\/p>\n<!-- \/wp:paragraph --><!-- wp:paragraph -->\n<p>La mattina seguente lo skipper torna alle <strong>8:00<\/strong> per servire la colazione, mentre il check-out \u00e8 previsto alle <strong>9:00<\/strong>.<\/p>\n<!-- \/wp:paragraph --><!-- wp:heading -->\n<h2 class=\"wp-block-heading\"><span class=\"ez-toc-section\" id=\"Dormire_in_barca_unesperienza_intima_e_diversa_dal_solito\"><\/span>Dormire in barca: un\u2019esperienza intima e diversa dal solito<span class=\"ez-toc-section-end\"><\/span><\/h2>\n<!-- \/wp:heading --><!-- wp:paragraph -->\n<p>Uno degli aspetti pi\u00f9 interessanti di questa proposta \u00e8 proprio la possibilit\u00e0 di pernottare a bordo.<\/p>\n<!-- \/wp:paragraph --><!-- wp:paragraph -->\n<p>La barca \u00e8 una <strong>Sail-Boat Dufour 350 Grand Large<\/strong> dotata di cabine, bagno, cucina, frigorifero, prese USB e diversi servizi utili per rendere confortevole la permanenza.<\/p>\n<!-- \/wp:paragraph --><!-- wp:paragraph -->\n<p>Dopo la crociera e la cena, poter restare in barca senza la presenza dello skipper crea un\u2019atmosfera pi\u00f9 intima e riservata. \u00c8 una soluzione particolarmente interessante per chi vuole sostituire il classico soggiorno in hotel con qualcosa di pi\u00f9 originale.<\/p>\n<!-- \/wp:paragraph --><!-- wp:paragraph -->\n<p>Al mattino, inoltre, la colazione a bordo conclude l\u2019esperienza prima del rientro.<\/p>\n<!-- \/wp:paragraph --><!-- wp:heading -->\n<h2 class=\"wp-block-heading\"><span class=\"ez-toc-section\" id=\"Quanto_costa_la_cena_romantica_con_pernottamento_in_barca\"><\/span>Quanto costa la cena romantica con pernottamento in barca?<span class=\"ez-toc-section-end\"><\/span><\/h2>\n<!-- \/wp:heading --><!-- wp:paragraph -->\n<p>Sono disponibili due formule.<\/p>\n<!-- \/wp:paragraph --><!-- wp:paragraph -->\n<p>The <strong>crociera romantica serale con cena<\/strong> ha un costo di <strong>\u20ac390 a coppia<\/strong>.<\/p>\n<!-- \/wp:paragraph --><!-- wp:paragraph -->\n<p>Per chi desidera vivere l\u2019esperienza completa, la <strong>crociera romantica con cena, pernottamento in barca e colazione<\/strong> ha invece un costo di <strong>\u20ac490 a coppia<\/strong>.<\/p>\n<!-- \/wp:paragraph --><!-- wp:paragraph -->\n<p>Nel prezzo sono compresi lo skipper, il carburante e la cena. Nella formula da \u20ac490 sono inclusi anche il pernottamento e la colazione del mattino successivo.<\/p>\n<!-- \/wp:paragraph --><!-- wp:heading -->\n<h2 class=\"wp-block-heading\"><span class=\"ez-toc-section\" id=\"Cosa_comprende_la_cena\"><\/span>Cosa comprende la cena<span class=\"ez-toc-section-end\"><\/span><\/h2>\n<!-- \/wp:heading --><!-- wp:paragraph -->\n<p>La cena viene preparata e servita direttamente sull\u2019imbarcazione ed \u00e8 pensata per due persone.<\/p>\n<!-- \/wp:paragraph --><!-- wp:paragraph -->\n<p>\u00c8 previsto un <strong>men\u00f9 completo a base di mare<\/strong>, accompagnato da dolce, acqua e vino. Le diverse proposte vengono comunicate al momento della prenotazione e il men\u00f9 scelto deve essere lo stesso per entrambi i partecipanti.<\/p>\n<!-- \/wp:paragraph --><!-- wp:paragraph -->\n<p>Questo rende l\u2019esperienza adatta anche a chi desidera organizzare una sorpresa senza dover prenotare separatamente ristorante, barca e pernottamento.<\/p>\n<!-- \/wp:paragraph --><!-- wp:heading -->\n<h2 class=\"wp-block-heading\"><span class=\"ez-toc-section\" id=\"Perche_regalarla_per_un_anniversario\"><\/span>Perch\u00e9 regalarla per un anniversario<span class=\"ez-toc-section-end\"><\/span><\/h2>\n<!-- \/wp:heading --><!-- wp:paragraph -->\n<p>Per un anniversario spesso si cerca qualcosa che permetta di trascorrere realmente del tempo insieme. Una cena al ristorante pu\u00f2 essere piacevole, ma aggiungendo navigazione e pernottamento si crea un\u2019esperienza molto pi\u00f9 completa.<\/p>\n<!-- \/wp:paragraph --><!-- wp:paragraph -->\n<p>Si parte quando la luce della giornata inizia a diminuire, si naviga verso Procida, si cena guardando il mare e poi si trascorre la notte in barca.<\/p>\n<!-- \/wp:paragraph --><!-- wp:paragraph -->\n<p>\u00c8 proprio questa successione di momenti a rendere l\u2019esperienza adatta a celebrare una ricorrenza importante.<\/p>\n<!-- \/wp:paragraph --><!-- wp:heading -->\n<h2 class=\"wp-block-heading\"><span class=\"ez-toc-section\" id=\"Unidea_regalo_per_compleanno_San_Valentino_o_proposta_romantica\"><\/span>Un\u2019idea regalo per compleanno, San Valentino o proposta romantica<span class=\"ez-toc-section-end\"><\/span><\/h2>\n<!-- \/wp:heading --><!-- wp:paragraph -->\n<p>Non serve necessariamente aspettare l\u2019anniversario.<\/p>\n<!-- \/wp:paragraph --><!-- wp:paragraph -->\n<p>Un\u2019esperienza di questo tipo pu\u00f2 essere regalata anche per un <strong>compleanno di coppia<\/strong>, for <strong>Valentine's Day<\/strong>, per festeggiare un traguardo importante oppure per organizzare una sorpresa.<\/p>\n<!-- \/wp:paragraph --><!-- wp:paragraph -->\n<p>Pu\u00f2 diventare inoltre una cornice suggestiva per una proposta di matrimonio o per celebrare un momento significativo della relazione.<\/p>\n<!-- \/wp:paragraph --><!-- wp:paragraph -->\n<p>Invece del classico regalo materiale, si sceglie cos\u00ec di regalare tempo, privacy e un\u2019esperienza da ricordare insieme.<\/p>\n<!-- \/wp:paragraph --><!-- wp:heading -->\n<h2 class=\"wp-block-heading\"><span class=\"ez-toc-section\" id=\"Per_chi_e_consigliata\"><\/span>Per chi \u00e8 consigliata<span class=\"ez-toc-section-end\"><\/span><\/h2>\n<!-- \/wp:heading --><!-- wp:paragraph -->\n<p>La crociera romantica con pernottamento \u00e8 pensata per <strong>una o due persone<\/strong> ed \u00e8 particolarmente indicata per le coppie.<\/p>\n<!-- \/wp:paragraph --><!-- wp:paragraph -->\n<p>\u00c8 una buona soluzione per chi ama il mare, per chi desidera vivere Procida da una prospettiva diversa e per chi cerca un\u2019esperienza privata lontana dai classici programmi turistici.<\/p>\n<!-- \/wp:paragraph --><!-- wp:paragraph -->\n<p>Non sono invece ammessi animali a bordo.<\/p>\n<!-- \/wp:paragraph --><!-- wp:heading --><!-- \/wp:paragraph -->\t\t\t\t\t\t<\/div>\n\t\t\t\t<\/div>\n\t\t\t\t\t<\/div>\n\t\t\t\t<\/div>\n\t\t<div class=\"elementor-element elementor-element-ad4d6e4 e-flex e-con-boxed e-con e-parent\" data-id=\"ad4d6e4\" data-element_type=\"container\">\n\t\t\t\t\t<div class=\"e-con-inner\">\n\t\t\t\t<div class=\"elementor-element elementor-element-392046b elementor-widget elementor-widget-shortcode\" data-id=\"392046b\" data-element_type=\"widget\" data-widget_type=\"shortcode.default\">\n\t\t\t\t<div class=\"elementor-widget-container\">\n\t\t\t    \n    <div class=\"st-relate st-hotel-room-content\">\n        <div class=\"relate-rooms\">\n            <div class=\"st-hr\"><\/div>\n            <h2 class=\"st-heading-section\"><span class=\"ez-toc-section\" id=\"Proposition_for_you\"><\/span>Proposition for you<span class=\"ez-toc-section-end\"><\/span><\/h2>\n            <div class=\"inner service-list-wrapper service-tour\">\n                <div class=\"owl-carousel st-owl-slider\" data-loop=\"false\" data-center=\"true\" data-margin=\"24\" data-responsive=\"{&quot;992&quot;:{&quot;items&quot;:4},&quot;768&quot;:{&quot;items&quot;:2},&quot;0&quot;:{&quot;items&quot;:1}}\"><div class=\"item-slide\"><div class=\"services-item grid item-elementor mb-3\" itemscope itemtype=\"https:\/\/schema.org\/Trip\">\n    <div class=\"item service-border st-border-radius\">\n    <div class=\"header-services-item\" style=\"height: 50px; backround:black\">\n\n<div class=\"title\" >\n    Guided Tour<\/div>\n<div class=\"icon\">\n\n        <a href=\"#\" class=\"login\" data-bs-toggle=\"modal\" data-bs-target=\"#st-login-form\">\n        \n            <div class=\"service-add-wishlist\" title=\"Add to wishlist\">\n            <img decoding=\"async\"  src=\"https:\/\/movery.it\/assets\/icons\/ico-favgreen.svg\" height=\"15\" width=\"15\" class=\"movery-home-main-items-child-pic-share ignore-mouse-events\" alt=\"Share\" \/>\n\n\n                <div class=\"lds-dual-ring\"><\/div>\n            <\/div>\n        <\/a>\n        <a href=\"https:\/\/movery.it\/en\/campania\/bacoli\/hicking-tour-a-capo-miseno-campi-flegrei\/\">\n    <img decoding=\"async\"  src=\"https:\/\/movery.it\/assets\/icons\/card-shopping-cart.svg\" height=\"15\" width=\"15\" class=\"movery-home-main-items-child-pic-share ignore-mouse-events\" alt=\"Share\" \/>\n\n    <\/a>\n    <a href=\"https:\/\/movery.it\/en\/campania\/bacoli\/hicking-tour-a-capo-miseno-campi-flegrei\/\">\n    <img decoding=\"async\"  src=\"https:\/\/static.movery.it\/assets\/img\/icons\/ico-sharegreen.svg\" height=\"15\" width=\"15\" class=\"movery-home-main-items-child-pic-share ignore-mouse-events\" alt=\"Share\" \/>\n    <\/a>\n    \n<\/div>\n\n<\/div>\n        <div class=\"featured-image\">\n            <div class=\"st-tag-feature-sale\">\n                \n                                                            <\/div>\n\n            <a href=\"https:\/\/movery.it\/en\/campania\/bacoli\/hicking-tour-a-capo-miseno-campi-flegrei\/\">\n                <img decoding=\"async\" class=\"feature_tour_img\" itemprop=\"photo\" src=\"https:\/\/movery.it\/wp-content\/uploads\/2023\/11\/capo_miseno_bacoli-450x300.jpg\"\n                     alt=\"Hicking shared tour to Cape Miseno to explore the beauty of the Campi Flegrei\" \/>\n            <\/a>\n                    <\/div>\n        <div class=\"content-item\">\n        <a href=\"https:\/\/movery.it\/en\/campania\/bacoli\/hicking-tour-a-capo-miseno-campi-flegrei\/\"  class=\"title-a\" style=\"height: 3rem;overflow: hidden;\">\n        <p class=\"title\" itemprop=\"name\">\n               Hicking shared tour to Cape Miseno to explore the beauty of the Campi Flegrei        <\/p>\n                <\/a>   \n        \n                            <div class=\"sub-title st-address d-flex\" itemprop=\"location\" itemscope itemtype=\"https:\/\/schema.org\/Place\">\n                    <span class=\"address\" itemprop=\"address\" itemscope itemtype=\"https:\/\/schema.org\/PostalAddress\">\n                        <span itemprop=\"streetAddress\"> <i class=\"stt-icon-location1\"><\/i> Villa Comunale di Bacoli, Via Lungolago, Bacoli, Metropolitan City of Naples, Italy<\/span>\n                    <\/span>\n\t\t\t\t\t                            <span class=\"duration\">\n\t\t\t\t\t\t\t\t<i class=\"input-icon st-border-radius field-icon fa\"><svg height=\"11px\" width=\"11px\" version=\"1.1\" id=\"Layer_1\" xmlns=\"http:\/\/www.w3.org\/2000\/svg\" xmlns:xlink=\"http:\/\/www.w3.org\/1999\/xlink\" x=\"0px\" y=\"0px\"\r\n     viewbox=\"0 0 24 24\" style=\"enable-background:new 0 0 24 24;\" xml:space=\"preserve\">\r\n\r\n<g fill=\"#013451\">\r\n    <path d=\"M12,23.25C5.797,23.25,0.75,18.203,0.75,12C0.75,5.797,5.797,0.75,12,0.75c6.203,0,11.25,5.047,11.25,11.25        C23.25,18.203,18.203,23.25,12,23.25z M12,2.25c-5.376,0-9.75,4.374-9.75,9.75s4.374,9.75,9.75,9.75s9.75-4.374,9.75-9.75        S17.376,2.25,12,2.25z\"\/>\r\n    <path d=\"M15.75,16.5c-0.2,0-0.389-0.078-0.53-0.22l-2.25-2.25c-0.302,0.145-0.632,0.22-0.969,0.22c-1.241,0-2.25-1.009-2.25-2.25        c0-0.96,0.615-1.808,1.5-2.121V5.25c0-0.414,0.336-0.75,0.75-0.75s0.75,0.336,0.75,0.75v4.629c0.885,0.314,1.5,1.162,1.5,2.121        c0,0.338-0.075,0.668-0.22,0.969l2.25,2.25c0.292,0.292,0.292,0.768,0,1.061C16.139,16.422,15.95,16.5,15.75,16.5z M12,11.25        c-0.414,0-0.75,0.336-0.75,0.75s0.336,0.75,0.75,0.75s0.75-0.336,0.75-0.75S12.414,11.25,12,11.25z\"\/>\r\n<\/g>\r\n<\/svg><\/i>\t\t\t\t\t\t\t\t2h  \n                        <\/span>\n                                        <\/div>\n            \n            <div class=\"excerpt\" style=\"height: 3rem;\">\n            This hicking tour will take place along a 4-kilometer route from Cape Miseno...            <\/div>\n\n\n            <div class=\"reviews\" itemprop=\"starRating\" itemscope itemtype=\"https:\/\/schema.org\/Rating\"  style=\"display: block;padding-left: 15px;margin-top: 15px; height: 48px;\">\n                <i class=\"stt-icon-star1\"><\/i>\n                <span class=\"rate\" itemprop=\"ratingValue\" style=\"color: #0f3f5b;\">\n\t\t\t\t\t\t4.9 <span>\/<\/span> 5\n\t\t\t\t\t<\/span>\n\t\t\t\t\t<span class=\"rate-text\" style=\"color: #0f3f5b;\">\n\t\t\t\t\t\tExcellent\t\t\t\t\t<\/span>\n                <span class=\"summary\">\n                    (2 Reviews)\n                <\/span>\n            <\/div>\n            <div class=\"event-date d-none\" itemprop=\"startDate\" content=\"2026-09-06 12:29:05\">2026-09-06 12:29:05<\/div>\n            \n                     <div class=\"section-footer\">\n                                <div class=\"section_footer_content\" itemprop=\"priceRange\">\n                    <span class=\"price-tour\">\n                        <span class=\"price\">&nbsp;&nbsp;&nbsp;&nbsp;<span class=\"sale-top\">From  <span class=\"text-lg lh1em item\"> \u20ac4.00<\/span><\/span><br>&nbsp;&nbsp;&nbsp;&nbsp;per person<\/span>\n                    <\/span>\n                    \n                                                <span class=\"unit\">\n\t\t\t\t\t\t        <a href=\"https:\/\/movery.it\/en\/campania\/bacoli\/hicking-tour-a-capo-miseno-campi-flegrei\/\" class=\"add_tour\">\n\t\t\t\t\t\t\t        Book \n\t\t\t\t\t\t        <\/a>\n                            <\/span>\n                                        <\/div>\n            <\/div>\n        <\/div>\n    <\/div>\n<\/div><\/div><div class=\"item-slide\"><div class=\"services-item grid item-elementor mb-3\" itemscope itemtype=\"https:\/\/schema.org\/Trip\">\n    <div class=\"item service-border st-border-radius\">\n        <div class=\"header-services-item\" style=\"height: 50px; backround:black\">\n\n            <div class=\"title\">\n                Boat experience            <\/div>\n            <div class=\"icon\">\n\n                                    <a href=\"#\" class=\"login\" data-bs-toggle=\"modal\" data-bs-target=\"#st-login-form\">\n\n                        <div class=\"service-add-wishlist\" title=\"Add to wishlist\">\n                            <img loading=\"lazy\" decoding=\"async\" src=\"https:\/\/movery.it\/assets\/icons\/ico-favgreen.svg\" height=\"15\" width=\"15\" class=\"movery-home-main-items-child-pic-share ignore-mouse-events\" alt=\"Share\" \/>\n\n\n                            <div class=\"lds-dual-ring\"><\/div>\n                        <\/div>\n                    <\/a>\n                                <a href=\"https:\/\/movery.it\/en\/campania\/bacoli\/tour-archeologico-flegreo-con-brunch-in-barca-a-vela\/\">\n                    <img loading=\"lazy\" decoding=\"async\" src=\"https:\/\/movery.it\/assets\/icons\/card-shopping-cart.svg\" height=\"15\" width=\"15\" class=\"movery-home-main-items-child-pic-share ignore-mouse-events\" alt=\"Share\" \/>\n\n                <\/a>\n                <a href=\"https:\/\/movery.it\/en\/campania\/bacoli\/tour-archeologico-flegreo-con-brunch-in-barca-a-vela\/\">\n                    <img loading=\"lazy\" decoding=\"async\" src=\"https:\/\/static.movery.it\/assets\/img\/icons\/ico-sharegreen.svg\" height=\"15\" width=\"15\" class=\"movery-home-main-items-child-pic-share ignore-mouse-events\" alt=\"Share\" \/>\n                <\/a>\n\n            <\/div>\n\n        <\/div>\n        <div class=\"featured-image\">\n            <div class=\"st-tag-feature-sale\">\n                                                \n            <\/div>\n\n            <a href=\"https:\/\/movery.it\/en\/campania\/bacoli\/tour-archeologico-flegreo-con-brunch-in-barca-a-vela\/\">\n                <img decoding=\"async\" class=\"feature_activity_img\" itemprop=\"photo\" src=\"https:\/\/movery.it\/wp-content\/uploads\/2023\/07\/sea_experience_bacoli_barca1-450x300.jpg\" alt=\"Tour of the archaeological beauty of the Phlegrean area by sailboat including brunch\" \/>\n            <\/a>\n                    <\/div>\n        <div class=\"content-item\">\n            <a href=\"https:\/\/movery.it\/en\/campania\/bacoli\/tour-archeologico-flegreo-con-brunch-in-barca-a-vela\/\" class=\"title-a\" style=\"height: 3rem;overflow: hidden;\">\n                <p class=\"title\" itemprop=\"name\">\n                    Tour of the archaeological beauty of the Phlegrean area by sailboat including brunch                <\/p>\n            <\/a>\n            \n\n                            <div class=\"sub-title st-address d-flex\" itemprop=\"location\" itemscope itemtype=\"https:\/\/schema.org\/Place\">\n                    <span class=\"address\" itemprop=\"address\" itemscope itemtype=\"https:\/\/schema.org\/PostalAddress\">\n                        <span itemprop=\"streetAddress\"> <i class=\"stt-icon-location1\"><\/i> Port of acquamorta<\/span>\n                    <\/span>\n\t\t\t\t\t                            <span class=\"duration\">\n\t\t\t\t\t\t\t\t<i class=\"input-icon st-border-radius field-icon fa\"><svg height=\"11px\" width=\"11px\" version=\"1.1\" id=\"Layer_1\" xmlns=\"http:\/\/www.w3.org\/2000\/svg\" xmlns:xlink=\"http:\/\/www.w3.org\/1999\/xlink\" x=\"0px\" y=\"0px\"\r\n     viewbox=\"0 0 24 24\" style=\"enable-background:new 0 0 24 24;\" xml:space=\"preserve\">\r\n\r\n<g fill=\"#013451\">\r\n    <path d=\"M12,23.25C5.797,23.25,0.75,18.203,0.75,12C0.75,5.797,5.797,0.75,12,0.75c6.203,0,11.25,5.047,11.25,11.25        C23.25,18.203,18.203,23.25,12,23.25z M12,2.25c-5.376,0-9.75,4.374-9.75,9.75s4.374,9.75,9.75,9.75s9.75-4.374,9.75-9.75        S17.376,2.25,12,2.25z\"\/>\r\n    <path d=\"M15.75,16.5c-0.2,0-0.389-0.078-0.53-0.22l-2.25-2.25c-0.302,0.145-0.632,0.22-0.969,0.22c-1.241,0-2.25-1.009-2.25-2.25        c0-0.96,0.615-1.808,1.5-2.121V5.25c0-0.414,0.336-0.75,0.75-0.75s0.75,0.336,0.75,0.75v4.629c0.885,0.314,1.5,1.162,1.5,2.121        c0,0.338-0.075,0.668-0.22,0.969l2.25,2.25c0.292,0.292,0.292,0.768,0,1.061C16.139,16.422,15.95,16.5,15.75,16.5z M12,11.25        c-0.414,0-0.75,0.336-0.75,0.75s0.336,0.75,0.75,0.75s0.75-0.336,0.75-0.75S12.414,11.25,12,11.25z\"\/>\r\n<\/g>\r\n<\/svg><\/i>\t\t\t\t\t\t\t\t7h  \n                        <\/span>\n                                        <\/div>\n            \n            <div class=\"excerpt\" style=\"height: 3rem;\">\n                With the Phlegrean archaeological tour aboard an elegant sailboat you can admire Baia...            <\/div>\n\n\n            <div class=\"reviews\" itemprop=\"starRating\" itemscope itemtype=\"https:\/\/schema.org\/Rating\"  style=\"display: block;padding-left: 15px;margin-top: 15px; height: 48px;\">\n                <i class=\"stt-icon-star1\"><\/i>\n                <span class=\"rate\" itemprop=\"ratingValue\" style=\"color: #0f3f5b;\">\n\t\t\t\t\t\t5 <span>\/<\/span> 5\n\t\t\t\t\t<\/span>\n\t\t\t\t\t<span class=\"rate-text\" style=\"color: #0f3f5b;\">\n\t\t\t\t\t\tExcellent\t\t\t\t\t<\/span>\n                <span class=\"summary\">\n                    (3 Reviews)\n                <\/span>\n            <\/div>\n            <div class=\"event-date d-none\" itemprop=\"startDate\" content=\"2026-09-06 12:29:05\">2026-09-06 12:29:05<\/div>\n\n                        <div class=\"section-footer\">\n                                <div class=\"section_footer_content\" itemprop=\"priceRange\">\n                    <span class=\"price-tour\" >\n                        <span class=\"price\">&nbsp;&nbsp;&nbsp;&nbsp;<span class=\"sale-top\">From  <span class=\"text-lg lh1em item\"> \u20ac88.89<\/span><\/span><br>&nbsp;&nbsp;&nbsp;&nbsp;per person<\/span>\n                    <\/span>\n\n                                                <span class=\"unit\">\n\t\t\t\t\t\t        <a href=\"https:\/\/movery.it\/en\/campania\/bacoli\/tour-archeologico-flegreo-con-brunch-in-barca-a-vela\/\" class=\"add_tour\">\n\t\t\t\t\t\t\t        Book \n\t\t\t\t\t\t        <\/a>\n                            <\/span>\n                                        <\/div>\n            <\/div>\n        <\/div>\n    <\/div>\n<\/div><\/div><div class=\"item-slide\"><div class=\"services-item grid item-elementor mb-3\" itemscope itemtype=\"https:\/\/schema.org\/Trip\">\n    <div class=\"item service-border st-border-radius\">\n        <div class=\"header-services-item\" style=\"height: 50px; backround:black\">\n\n            <div class=\"title\">\n                Boat experience            <\/div>\n            <div class=\"icon\">\n\n                                    <a href=\"#\" class=\"login\" data-bs-toggle=\"modal\" data-bs-target=\"#st-login-form\">\n\n                        <div class=\"service-add-wishlist\" title=\"Add to wishlist\">\n                            <img loading=\"lazy\" decoding=\"async\" src=\"https:\/\/movery.it\/assets\/icons\/ico-favgreen.svg\" height=\"15\" width=\"15\" class=\"movery-home-main-items-child-pic-share ignore-mouse-events\" alt=\"Share\" \/>\n\n\n                            <div class=\"lds-dual-ring\"><\/div>\n                        <\/div>\n                    <\/a>\n                                <a href=\"https:\/\/movery.it\/en\/campania\/bacoli\/aperi-cruise-serale-lungo-la-costa-flegrea\/\">\n                    <img loading=\"lazy\" decoding=\"async\" src=\"https:\/\/movery.it\/assets\/icons\/card-shopping-cart.svg\" height=\"15\" width=\"15\" class=\"movery-home-main-items-child-pic-share ignore-mouse-events\" alt=\"Share\" \/>\n\n                <\/a>\n                <a href=\"https:\/\/movery.it\/en\/campania\/bacoli\/aperi-cruise-serale-lungo-la-costa-flegrea\/\">\n                    <img loading=\"lazy\" decoding=\"async\" src=\"https:\/\/static.movery.it\/assets\/img\/icons\/ico-sharegreen.svg\" height=\"15\" width=\"15\" class=\"movery-home-main-items-child-pic-share ignore-mouse-events\" alt=\"Share\" \/>\n                <\/a>\n\n            <\/div>\n\n        <\/div>\n        <div class=\"featured-image\">\n            <div class=\"st-tag-feature-sale\">\n                                                \n            <\/div>\n\n            <a href=\"https:\/\/movery.it\/en\/campania\/bacoli\/aperi-cruise-serale-lungo-la-costa-flegrea\/\">\n                <img decoding=\"async\" class=\"feature_activity_img\" itemprop=\"photo\" src=\"https:\/\/movery.it\/wp-content\/uploads\/2023\/06\/barca-e1689861732823-450x300.jpg\" alt=\"Aperi-cruise serale lungo la Costa Flegrea con partenza da Monte di Procida\" \/>\n            <\/a>\n                    <\/div>\n        <div class=\"content-item\">\n            <a href=\"https:\/\/movery.it\/en\/campania\/bacoli\/aperi-cruise-serale-lungo-la-costa-flegrea\/\" class=\"title-a\" style=\"height: 3rem;overflow: hidden;\">\n                <p class=\"title\" itemprop=\"name\">\n                    Aperi-cruise serale lungo la Costa Flegrea con partenza da Monte di Procida                <\/p>\n            <\/a>\n            \n\n                            <div class=\"sub-title st-address d-flex\" itemprop=\"location\" itemscope itemtype=\"https:\/\/schema.org\/Place\">\n                    <span class=\"address\" itemprop=\"address\" itemscope itemtype=\"https:\/\/schema.org\/PostalAddress\">\n                        <span itemprop=\"streetAddress\"> <i class=\"stt-icon-location1\"><\/i> Port of acquamorta<\/span>\n                    <\/span>\n\t\t\t\t\t                            <span class=\"duration\">\n\t\t\t\t\t\t\t\t<i class=\"input-icon st-border-radius field-icon fa\"><svg height=\"11px\" width=\"11px\" version=\"1.1\" id=\"Layer_1\" xmlns=\"http:\/\/www.w3.org\/2000\/svg\" xmlns:xlink=\"http:\/\/www.w3.org\/1999\/xlink\" x=\"0px\" y=\"0px\"\r\n     viewbox=\"0 0 24 24\" style=\"enable-background:new 0 0 24 24;\" xml:space=\"preserve\">\r\n\r\n<g fill=\"#013451\">\r\n    <path d=\"M12,23.25C5.797,23.25,0.75,18.203,0.75,12C0.75,5.797,5.797,0.75,12,0.75c6.203,0,11.25,5.047,11.25,11.25        C23.25,18.203,18.203,23.25,12,23.25z M12,2.25c-5.376,0-9.75,4.374-9.75,9.75s4.374,9.75,9.75,9.75s9.75-4.374,9.75-9.75        S17.376,2.25,12,2.25z\"\/>\r\n    <path d=\"M15.75,16.5c-0.2,0-0.389-0.078-0.53-0.22l-2.25-2.25c-0.302,0.145-0.632,0.22-0.969,0.22c-1.241,0-2.25-1.009-2.25-2.25        c0-0.96,0.615-1.808,1.5-2.121V5.25c0-0.414,0.336-0.75,0.75-0.75s0.75,0.336,0.75,0.75v4.629c0.885,0.314,1.5,1.162,1.5,2.121        c0,0.338-0.075,0.668-0.22,0.969l2.25,2.25c0.292,0.292,0.292,0.768,0,1.061C16.139,16.422,15.95,16.5,15.75,16.5z M12,11.25        c-0.414,0-0.75,0.336-0.75,0.75s0.336,0.75,0.75,0.75s0.75-0.336,0.75-0.75S12.414,11.25,12,11.25z\"\/>\r\n<\/g>\r\n<\/svg><\/i>\t\t\t\t\t\t\t\t3h  \n                        <\/span>\n                                        <\/div>\n            \n            <div class=\"excerpt\" style=\"height: 3rem;\">\n                Would you like to spend an unforgettable evening with your partner or friends? The aperi-cruise along the...            <\/div>\n\n\n            <div class=\"reviews\" itemprop=\"starRating\" itemscope itemtype=\"https:\/\/schema.org\/Rating\"  style=\"display: block;padding-left: 15px;margin-top: 15px; height: 48px;\">\n                <i class=\"stt-icon-star1\"><\/i>\n                <span class=\"rate\" itemprop=\"ratingValue\" style=\"color: #0f3f5b;\">\n\t\t\t\t\t\t5 <span>\/<\/span> 5\n\t\t\t\t\t<\/span>\n\t\t\t\t\t<span class=\"rate-text\" style=\"color: #0f3f5b;\">\n\t\t\t\t\t\tExcellent\t\t\t\t\t<\/span>\n                <span class=\"summary\">\n                    (3 Reviews)\n                <\/span>\n            <\/div>\n            <div class=\"event-date d-none\" itemprop=\"startDate\" content=\"2026-09-06 12:29:05\">2026-09-06 12:29:05<\/div>\n\n                        <div class=\"section-footer\">\n                                <div class=\"section_footer_content\" itemprop=\"priceRange\">\n                    <span class=\"price-tour\" >\n                        <span class=\"price\">&nbsp;&nbsp;&nbsp;&nbsp;<span class=\"sale-top\">From  <span class=\"text-lg lh1em item\"> \u20ac72.22<\/span><\/span><br>&nbsp;&nbsp;&nbsp;&nbsp;per person<\/span>\n                    <\/span>\n\n                                                <span class=\"unit\">\n\t\t\t\t\t\t        <a href=\"https:\/\/movery.it\/en\/campania\/bacoli\/aperi-cruise-serale-lungo-la-costa-flegrea\/\" class=\"add_tour\">\n\t\t\t\t\t\t\t        Book \n\t\t\t\t\t\t        <\/a>\n                            <\/span>\n                                        <\/div>\n            <\/div>\n        <\/div>\n    <\/div>\n<\/div><\/div><div class=\"item-slide\"><div class=\"services-item grid item-elementor mb-3\" itemscope itemtype=\"https:\/\/schema.org\/Trip\">\n    <div class=\"item service-border st-border-radius\">\n        <div class=\"header-services-item\" style=\"height: 50px; backround:black\">\n\n            <div class=\"title\">\n                Boat experience            <\/div>\n            <div class=\"icon\">\n\n                                    <a href=\"#\" class=\"login\" data-bs-toggle=\"modal\" data-bs-target=\"#st-login-form\">\n\n                        <div class=\"service-add-wishlist\" title=\"Add to wishlist\">\n                            <img loading=\"lazy\" decoding=\"async\" src=\"https:\/\/movery.it\/assets\/icons\/ico-favgreen.svg\" height=\"15\" width=\"15\" class=\"movery-home-main-items-child-pic-share ignore-mouse-events\" alt=\"Share\" \/>\n\n\n                            <div class=\"lds-dual-ring\"><\/div>\n                        <\/div>\n                    <\/a>\n                                <a href=\"https:\/\/movery.it\/en\/campania\/bacoli\/romantica-a-marina-di-corricella-con-partenza-da-procida\/\">\n                    <img loading=\"lazy\" decoding=\"async\" src=\"https:\/\/movery.it\/assets\/icons\/card-shopping-cart.svg\" height=\"15\" width=\"15\" class=\"movery-home-main-items-child-pic-share ignore-mouse-events\" alt=\"Share\" \/>\n\n                <\/a>\n                <a href=\"https:\/\/movery.it\/en\/campania\/bacoli\/romantica-a-marina-di-corricella-con-partenza-da-procida\/\">\n                    <img loading=\"lazy\" decoding=\"async\" src=\"https:\/\/static.movery.it\/assets\/img\/icons\/ico-sharegreen.svg\" height=\"15\" width=\"15\" class=\"movery-home-main-items-child-pic-share ignore-mouse-events\" alt=\"Share\" \/>\n                <\/a>\n\n            <\/div>\n\n        <\/div>\n        <div class=\"featured-image\">\n            <div class=\"st-tag-feature-sale\">\n                                                \n            <\/div>\n\n            <a href=\"https:\/\/movery.it\/en\/campania\/bacoli\/romantica-a-marina-di-corricella-con-partenza-da-procida\/\">\n                <img decoding=\"async\" class=\"feature_activity_img\" itemprop=\"photo\" src=\"https:\/\/movery.it\/wp-content\/uploads\/2023\/06\/vela-450x300.jpg\" alt=\"Esperienza romantica in crociera serale: cena o pernottamento a Marina di Corricella con partenza da Monte di Procida\" \/>\n            <\/a>\n                    <\/div>\n        <div class=\"content-item\">\n            <a href=\"https:\/\/movery.it\/en\/campania\/bacoli\/romantica-a-marina-di-corricella-con-partenza-da-procida\/\" class=\"title-a\" style=\"height: 3rem;overflow: hidden;\">\n                <p class=\"title\" itemprop=\"name\">\n                    Esperienza romantica in crociera serale: cena o pernottamento a Marina di Corricella con partenza da Monte di Procida                <\/p>\n            <\/a>\n            \n\n                            <div class=\"sub-title st-address d-flex\" itemprop=\"location\" itemscope itemtype=\"https:\/\/schema.org\/Place\">\n                    <span class=\"address\" itemprop=\"address\" itemscope itemtype=\"https:\/\/schema.org\/PostalAddress\">\n                        <span itemprop=\"streetAddress\"> <i class=\"stt-icon-location1\"><\/i> Port of acquamorta<\/span>\n                    <\/span>\n\t\t\t\t\t                            <span class=\"duration\">\n\t\t\t\t\t\t\t\t<i class=\"input-icon st-border-radius field-icon fa\"><svg height=\"11px\" width=\"11px\" version=\"1.1\" id=\"Layer_1\" xmlns=\"http:\/\/www.w3.org\/2000\/svg\" xmlns:xlink=\"http:\/\/www.w3.org\/1999\/xlink\" x=\"0px\" y=\"0px\"\r\n     viewbox=\"0 0 24 24\" style=\"enable-background:new 0 0 24 24;\" xml:space=\"preserve\">\r\n\r\n<g fill=\"#013451\">\r\n    <path d=\"M12,23.25C5.797,23.25,0.75,18.203,0.75,12C0.75,5.797,5.797,0.75,12,0.75c6.203,0,11.25,5.047,11.25,11.25        C23.25,18.203,18.203,23.25,12,23.25z M12,2.25c-5.376,0-9.75,4.374-9.75,9.75s4.374,9.75,9.75,9.75s9.75-4.374,9.75-9.75        S17.376,2.25,12,2.25z\"\/>\r\n    <path d=\"M15.75,16.5c-0.2,0-0.389-0.078-0.53-0.22l-2.25-2.25c-0.302,0.145-0.632,0.22-0.969,0.22c-1.241,0-2.25-1.009-2.25-2.25        c0-0.96,0.615-1.808,1.5-2.121V5.25c0-0.414,0.336-0.75,0.75-0.75s0.75,0.336,0.75,0.75v4.629c0.885,0.314,1.5,1.162,1.5,2.121        c0,0.338-0.075,0.668-0.22,0.969l2.25,2.25c0.292,0.292,0.292,0.768,0,1.061C16.139,16.422,15.95,16.5,15.75,16.5z M12,11.25        c-0.414,0-0.75,0.336-0.75,0.75s0.336,0.75,0.75,0.75s0.75-0.336,0.75-0.75S12.414,11.25,12,11.25z\"\/>\r\n<\/g>\r\n<\/svg><\/i>\t\t\t\t\t\t\t\t4h  \n                        <\/span>\n                                        <\/div>\n            \n            <div class=\"excerpt\" style=\"height: 3rem;\">\n                Embark on a romantic evening cruise along the Phlegrean coastline and be enchanted by the beauty...            <\/div>\n\n\n            <div class=\"reviews\" itemprop=\"starRating\" itemscope itemtype=\"https:\/\/schema.org\/Rating\"  style=\"display: block;padding-left: 15px;margin-top: 15px; height: 48px;\">\n                <i class=\"stt-icon-star1\"><\/i>\n                <span class=\"rate\" itemprop=\"ratingValue\" style=\"color: #0f3f5b;\">\n\t\t\t\t\t\t5 <span>\/<\/span> 5\n\t\t\t\t\t<\/span>\n\t\t\t\t\t<span class=\"rate-text\" style=\"color: #0f3f5b;\">\n\t\t\t\t\t\tExcellent\t\t\t\t\t<\/span>\n                <span class=\"summary\">\n                    (2 Reviews)\n                <\/span>\n            <\/div>\n            <div class=\"event-date d-none\" itemprop=\"startDate\" content=\"2026-09-06 12:29:05\">2026-09-06 12:29:05<\/div>\n\n                        <div class=\"section-footer\">\n                                <div class=\"section_footer_content\" itemprop=\"priceRange\">\n                    <span class=\"price-tour\" >\n                        <span class=\"price\">&nbsp;&nbsp;&nbsp;&nbsp;<span class=\"sale-top\">From  <span class=\"text-lg lh1em item\"> \u20ac195.00<\/span><\/span><br>&nbsp;&nbsp;&nbsp;&nbsp;per person<\/span>\n                    <\/span>\n\n                                                <span class=\"unit\">\n\t\t\t\t\t\t        <a href=\"https:\/\/movery.it\/en\/campania\/bacoli\/romantica-a-marina-di-corricella-con-partenza-da-procida\/\" class=\"add_tour\">\n\t\t\t\t\t\t\t        Book \n\t\t\t\t\t\t        <\/a>\n                            <\/span>\n                                        <\/div>\n            <\/div>\n        <\/div>\n    <\/div>\n<\/div><\/div><\/div>            <\/div>\n        <\/div>\n    <\/div>\n    \n    \t\t<div class=\"elementor-shortcode\"><\/div>\n\t\t\t\t<\/div>\n\t\t\t\t<\/div>\n\t\t\t\t<div class=\"elementor-element elementor-element-236b439 elementor-widget elementor-widget-text-editor\" data-id=\"236b439\" data-element_type=\"widget\" data-widget_type=\"text-editor.default\">\n\t\t\t\t<div class=\"elementor-widget-container\">\n\t\t\t\t\t\t\t<h2 class=\"wp-block-heading\"><span class=\"ez-toc-section\" id=\"Una_fuga_romantica_senza_andare_lontano\"><\/span>Una fuga romantica senza andare lontano<span class=\"ez-toc-section-end\"><\/span><\/h2>\n<p><!-- \/wp:heading --><!-- wp:paragraph --><\/p>\n<p>Uno degli aspetti pi\u00f9 interessanti di questa esperienza \u00e8 la possibilit\u00e0 di sentirsi in vacanza anche per una sola notte.<\/p>\n<p><!-- \/wp:paragraph --><!-- wp:paragraph --><\/p>\n<p>Partendo da Monte di Procida si pu\u00f2 trascorrere una serata tra mare, cena e panorami sulla Corricella senza necessariamente organizzare un soggiorno di pi\u00f9 giorni.<\/p>\n<p><!-- \/wp:paragraph --><!-- wp:paragraph --><\/p>\n<p>Per questo la formula con pernottamento pu\u00f2 essere anche una soluzione originale per una <strong>mini fuga romantica in Campania<\/strong>, ideale per chi vive a Napoli e dintorni o per chi sta gi\u00e0 trascorrendo qualche giorno nell\u2019area flegrea.<\/p>\n<p><!-- \/wp:paragraph --><!-- wp:heading --><\/p>\n<h2 class=\"wp-block-heading\"><span class=\"ez-toc-section\" id=\"Cena_e_pernottamento_in_barca_perche_puo_essere_il_regalo_giusto\"><\/span>Cena e pernottamento in barca: perch\u00e9 pu\u00f2 essere il regalo giusto<span class=\"ez-toc-section-end\"><\/span><\/h2>\n<p><!-- \/wp:heading --><!-- wp:paragraph --><\/p>\n<p>Quando si cerca un regalo di coppia, il valore non dipende soltanto da ci\u00f2 che si acquista, ma soprattutto dall\u2019esperienza che si riesce a creare.<\/p>\n<p><!-- \/wp:paragraph --><!-- wp:paragraph --><\/p>\n<p>Una crociera serale privata verso Procida, una cena a bordo, una notte in barca e la colazione del mattino successivo permettono di condividere qualcosa di diverso dalla routine quotidiana.<\/p>\n<p><!-- \/wp:paragraph --><!-- wp:paragraph --><\/p>\n<p>Per chi vuole sorprendere il partner con un regalo romantico e originale, <strong>dormire in barca dopo una cena sul mare<\/strong> pu\u00f2 diventare uno di quei ricordi che restano molto pi\u00f9 a lungo di un regalo tradizionale.<\/p>\n<p><!-- \/wp:paragraph --><!-- wp:paragraph --><\/p>\t\t\t\t\t\t<\/div>\n\t\t\t\t<\/div>\n\t\t\t\t\t<\/div>\n\t\t\t\t<\/div>\n\t\t<div class=\"elementor-element elementor-element-99b57e8 e-flex e-con-boxed e-con e-parent\" data-id=\"99b57e8\" data-element_type=\"container\">\n\t\t\t\t\t<div class=\"e-con-inner\">\n\t\t\t\t\t<\/div>\n\t\t\t\t<\/div>\n\t\t\t\t<\/div>","protected":false},"excerpt":{"rendered":"<p>Regalare un oggetto \u00e8 semplice. Regalare un ricordo da vivere insieme, invece, pu\u00f2 rendere un&#8230;<\/p>","protected":false},"author":10,"featured_media":63422,"comment_status":"closed","ping_status":"closed","sticky":true,"template":"","format":"standard","meta":{"_seopress_robots_primary_cat":"none","_seopress_titles_title":"Pernottamento in barca e cena romantica: idea regalo di coppia","_seopress_titles_desc":"Regala una notte in barca con cena romantica e colazione: un\u2019esperienza di coppia originale tra Monte di Procida e Marina di Corricella.","_seopress_robots_index":"","content-type":"","footnotes":""},"categories":[319,310,307,316,313,322],"tags":[],"locations":[193,167,205,208],"class_list":["post-63494","post","type-post","status-publish","format-standard","has-post-thumbnail","hentry","category-eventi","category-luoghi-delle-storie","category-passi-memoria","category-viaggia-in-compagnia","category-sapori-tipici","category-vette-sentieri","locations-bacoli","locations-campania","locations-monte-di-procida","locations-napoli"],"pp_statuses_selecting_workflow":false,"pp_workflow_action":"current","pp_status_selection":"publish","_links":{"self":[{"href":"https:\/\/movery.it\/en\/wp-json\/wp\/v2\/posts\/63494","targetHints":{"allow":["GET"]}}],"collection":[{"href":"https:\/\/movery.it\/en\/wp-json\/wp\/v2\/posts"}],"about":[{"href":"https:\/\/movery.it\/en\/wp-json\/wp\/v2\/types\/post"}],"author":[{"embeddable":true,"href":"https:\/\/movery.it\/en\/wp-json\/wp\/v2\/users\/10"}],"replies":[{"embeddable":true,"href":"https:\/\/movery.it\/en\/wp-json\/wp\/v2\/comments?post=63494"}],"version-history":[{"count":4,"href":"https:\/\/movery.it\/en\/wp-json\/wp\/v2\/posts\/63494\/revisions"}],"predecessor-version":[{"id":63500,"href":"https:\/\/movery.it\/en\/wp-json\/wp\/v2\/posts\/63494\/revisions\/63500"}],"wp:featuredmedia":[{"embeddable":true,"href":"https:\/\/movery.it\/en\/wp-json\/wp\/v2\/media\/63422"}],"wp:attachment":[{"href":"https:\/\/movery.it\/en\/wp-json\/wp\/v2\/media?parent=63494"}],"wp:term":[{"taxonomy":"category","embeddable":true,"href":"https:\/\/movery.it\/en\/wp-json\/wp\/v2\/categories?post=63494"},{"taxonomy":"post_tag","embeddable":true,"href":"https:\/\/movery.it\/en\/wp-json\/wp\/v2\/tags?post=63494"},{"taxonomy":"locations","embeddable":true,"href":"https:\/\/movery.it\/en\/wp-json\/wp\/v2\/locations?post=63494"}],"curies":[{"name":"wp","href":"https:\/\/api.w.org\/{rel}","templated":true}]}}