
{"id":17399,"date":"2022-07-18T11:20:05","date_gmt":"2021-05-27T00:02:38","guid":{"rendered":"http:\/\/shop.movery.it\/viaggio-petrarca\/"},"modified":"2024-06-24T09:50:30","modified_gmt":"2024-06-24T08:50:30","slug":"viaggio-petrarca","status":"publish","type":"post","link":"https:\/\/movery.it\/fr\/viaggio-petrarca\/","title":{"rendered":"Le voyage de P\u00e9trarque"},"content":{"rendered":"<div id=\"ez-toc-container\" class=\"ez-toc-v2_0_68_1 ez-toc-wrap-left counter-hierarchy ez-toc-counter ez-toc-custom ez-toc-container-direction\">\n<div class=\"ez-toc-title-container\">\n<p class=\"ez-toc-title\" >Table des mati\u00e8res<\/p>\n<span class=\"ez-toc-title-toggle\"><\/span><\/div>\n<nav><ul class='ez-toc-list ez-toc-list-level-1' ><li class='ez-toc-page-1 ez-toc-heading-level-2'><a class=\"ez-toc-link ez-toc-heading-1\" href=\"https:\/\/movery.it\/fr\/viaggio-petrarca\/#Petrarca_a_Napoli_prima_dellincoronazione_poetica\" title=\"P\u00e9trarque \u00e0 Naples avant son couronnement po\u00e9tique\">P\u00e9trarque \u00e0 Naples avant son couronnement po\u00e9tique<\/a><\/li><li class='ez-toc-page-1 ez-toc-heading-level-2'><a class=\"ez-toc-link ez-toc-heading-2\" href=\"https:\/\/movery.it\/fr\/viaggio-petrarca\/#Proposition_for_you\" title=\"Proposition pour vous\">Proposition pour vous<\/a><\/li><li class='ez-toc-page-1 ez-toc-heading-level-2'><a class=\"ez-toc-link ez-toc-heading-3\" href=\"https:\/\/movery.it\/fr\/viaggio-petrarca\/#Lo_tsunami_che_colpi_Napoli_nel_1343\" title=\"Le tsunami qui a frapp\u00e9 Naples en 1343\">Le tsunami qui a frapp\u00e9 Naples en 1343<\/a><\/li><li class='ez-toc-page-1 ez-toc-heading-level-2'><a class=\"ez-toc-link ez-toc-heading-4\" href=\"https:\/\/movery.it\/fr\/viaggio-petrarca\/#Cenni_biografici_su_Francesco_Petrarca\" title=\"Notes biographiques sur Francesco Petrarca\">Notes biographiques sur Francesco Petrarca<\/a><ul class='ez-toc-list-level-3' ><li class='ez-toc-heading-level-3'><a class=\"ez-toc-link ez-toc-heading-5\" href=\"https:\/\/movery.it\/fr\/viaggio-petrarca\/#Leggenda_sulla_morte_di_Petrarca_e_il_mistero_della_sua_Tomba\" title=\"La l\u00e9gende de la mort de P\u00e9trarque et le myst\u00e8re de sa tombe\">La l\u00e9gende de la mort de P\u00e9trarque et le myst\u00e8re de sa tombe<\/a><\/li><\/ul><\/li><\/ul><\/nav><\/div>\n\t\t<div data-elementor-type=\"wp-post\" data-elementor-id=\"17399\" class=\"elementor elementor-17399\">\n\t\t\t\t<div class=\"elementor-element elementor-element-5fa67c2e e-flex e-con-boxed e-con e-parent\" data-id=\"5fa67c2e\" data-element_type=\"container\">\n\t\t\t\t\t<div class=\"e-con-inner\">\n\t\t\t\t<div class=\"elementor-element elementor-element-3b918f8b elementor-widget elementor-widget-text-editor\" data-id=\"3b918f8b\" data-element_type=\"widget\" data-widget_type=\"text-editor.default\">\n\t\t\t\t<div class=\"elementor-widget-container\">\n\t\t\t\t\t\t\t<p>La litt\u00e9rature italienne est n\u00e9e gr\u00e2ce \u00e0 la contribution d'illustres personnages du XIIe si\u00e8cle. Parmi ceux-ci <strong>Fran\u00e7ois P\u00e9trarque<\/strong>po\u00e8te, philosophe, mais surtout l'un des plus grands \u00e9crivains de son temps, pionnier de l'humanisme et de la red\u00e9couverte des grands classiques latins et grecs.<\/p><p>Parmi ses <strong>voyage<\/strong>de la culture la plus profonde et la plus vari\u00e9e, P\u00e9trarque n'a pas manqu\u00e9 de voyager \u00e0 l'\u00e9tranger. <strong>Naples<\/strong> pour visiter les lieux d\u00e9crits par le po\u00e8te Virgile. L'\u00e9crivain est venu deux fois dans la ville napolitaine et les t\u00e9moignages d'amour et de haine qu'il a \u00e9prouv\u00e9s pour la fascinante ville de Naples, aussi imparfaite que riche en histoire, sont nombreux et contradictoires.<\/p><p>P\u00e9trarque a visit\u00e9 de nombreuses villes italiennes et s'est fait conna\u00eetre pour sa profonde \u00e9rudition. Il se voit offrir le<strong>couronnement po\u00e9tique<\/strong> \u00e0 Paris et \u00e0 Rome. Ainsi, sur les conseils du cardinal Giovanni Colonna, il accepte de recevoir l'honneur dans la capitale. P\u00e9trarque est couronn\u00e9 po\u00e8te supr\u00eame au Campidoglio en 1341.<\/p><h2><span class=\"ez-toc-section\" id=\"Petrarca_a_Napoli_prima_dellincoronazione_poetica\"><\/span>P\u00e9trarque \u00e0 Naples avant son couronnement po\u00e9tique<span class=\"ez-toc-section-end\"><\/span><\/h2><p>Peu avant son couronnement po\u00e9tique, P\u00e9trarque est invit\u00e9 \u00e0 Naples \u00e0 la cour du roi Robert d'Anjou, dit le Sage, probablement dans les salles royales de l'h\u00f4tel de ville. <strong>Maschio Angioino<\/strong>. En effet, le souverain a d\u00fb examiner le jeune homme de lettres avant de lui remettre la couronne de laurier, symbole de l'autorit\u00e9 de l'Etat. <strong>degr\u00e9 po\u00e9tique<\/strong> &#8220;<strong>ad honoris<\/strong>\". Le po\u00e8te est fascin\u00e9 par la grandeur de la cour angevine et son nom et sa renomm\u00e9e sont renforc\u00e9s par l'approbation du souverain.<\/p><p>A <strong>Naples<\/strong> P\u00e9trarque y fait la connaissance des plus importants \u00e9rudits napolitains de l'\u00e9poque, comme Barbato da Sulmona, Giovanni Barilli et Nicol\u00f2 Alunno d'Alife. Il revient dans la ville deux ans plus tard, \u00e0 l'\u00e9t\u00e9 1343, \u00e0 la demande du pape Cl\u00e9ment VI. Accueilli dans le palais des princes Colonna di Stigliano, P\u00e9trarque reste trois mois dans la ville. Le roi Robert d'Anjou \u00e9tait mort et l'adolescent <strong>Giovanna Durazzo<\/strong>. La p\u00e9riode angevine est termin\u00e9e et le m\u00e9contentement est grand face \u00e0 la succession : la reine est en effet la ni\u00e8ce du roi Sage et son unique descendante. Son r\u00e8gne est marqu\u00e9 par le d\u00e9sordre et d'innombrables intrigues de cour.<\/p><p>Lorsque P\u00e9trarque revint \u00e0 Naples, il trouva donc une situation compl\u00e8tement diff\u00e9rente de celle de son premier voyage. \u00c0 vrai dire, l'auteur \u00e9tait venu dans la ville pour demander \u00e0 la jeune reine la lib\u00e9ration de quelques prisonniers politiques, accus\u00e9s de r\u00e9bellion et enferm\u00e9s dans les prisons de la ville. <strong>Castel Nuovo<\/strong>. Le r\u00e9sultat de la demande est cependant n\u00e9gatif et une grande amertume envahit P\u00e9trarque, qui commence \u00e0 nourrir des sentiments mitig\u00e9s \u00e0 l'\u00e9gard de Naples \u00e9galement.<\/p><p>D\u00e9\u00e7u, il commence \u00e9galement \u00e0 remarquer le d\u00e9sordre et l'injustice dans les rues. Il a notamment \u00e9t\u00e9 frapp\u00e9 par un \u00e9v\u00e9nement dont il a \u00e9t\u00e9 personnellement t\u00e9moin : pr\u00e8s de la <strong>\u00c9glise Sainte-Catherine de Formello<\/strong>En fait, l'\u00e9crivain a \u00e9t\u00e9 t\u00e9moin d'une bagarre entre deux hommes qui s'est sold\u00e9e par le meurtre choquant, de sang-froid, du jeune homme.<\/p><p>D'une part, les \u00e9v\u00e9nements historiques et sociaux de la ville l'effrayaient et le d\u00e9cevaient, d'autre part, P\u00e9trarque ne pouvait r\u00e9sister au charme sc\u00e9nique et culturel de Naples. Il fr\u00e9quente les lieux embl\u00e9matiques de la ville en se rendant aux <strong>Maschio Angioino<\/strong> et visiter les nombreux clo\u00eetres et jardins. L'homme de lettres supr\u00eame poursuit \u00e9galement ses recherches culturelles dans les riches biblioth\u00e8ques et les fascinants sites arch\u00e9ologiques de Naples. Comme en t\u00e9moigne l'\u0153uvre <strong>S\u00e9niles<\/strong>Le chercheur a suivi les traces de Virgile dans les lieux de Naples que l'auteur antique a mentionn\u00e9s dans ses grandes \u0153uvres.<\/p><p>Emerveill\u00e9 par la grande beaut\u00e9 du golfe de Naples, il effectue de nombreuses explorations en compagnie de ses amis napolitains, <strong>Barilli<\/strong> et <strong>Barbato<\/strong>. Ces aventures comprennent une excursion \u00e0 la <strong>Champs Phl\u00e9gr\u00e9ens<\/strong> o\u00f9 il a pu visiter les merveilles de <strong>Baie<\/strong> et de <strong>Pouzzoles<\/strong>allant m\u00eame jusqu'\u00e0 <strong>Miseno<\/strong> et <strong>Cuma<\/strong>. Il a \u00e9galement visit\u00e9 le <strong>Lac Avernus<\/strong>enchant\u00e9s et intrigu\u00e9s par les mythes et les histoires concernant l'ancienne \"entr\u00e9e du monde souterrain\", et celle de l'\u00e9glise. <strong>Lucrino<\/strong>l'exploration, enfin, de l'\u00e9sot\u00e9risme <strong>La caverne de Sybil.<\/strong><\/p>\t\t\t\t\t\t<\/div>\n\t\t\t\t<\/div>\n\t\t\t\t\t<\/div>\n\t\t\t\t<\/div>\n\t\t<div class=\"elementor-element elementor-element-2a148ea e-flex e-con-boxed e-con e-parent\" data-id=\"2a148ea\" data-element_type=\"container\">\n\t\t\t\t\t<div class=\"e-con-inner\">\n\t\t\t\t<div class=\"elementor-element elementor-element-f6830f9 elementor-widget elementor-widget-shortcode\" data-id=\"f6830f9\" data-element_type=\"widget\" data-widget_type=\"shortcode.default\">\n\t\t\t\t<div class=\"elementor-widget-container\">\n\t\t\t    \n    <div class=\"st-relate st-hotel-room-content\">\n        <div class=\"relate-rooms\">\n            <div class=\"st-hr\"><\/div>\n            <h2 class=\"st-heading-section\"><span class=\"ez-toc-section\" id=\"Proposition_for_you\"><\/span>Proposition pour vous<span class=\"ez-toc-section-end\"><\/span><\/h2>\n            <div class=\"inner service-list-wrapper service-tour\">\n                <div class=\"owl-carousel st-owl-slider\" data-loop=\"false\" data-center=\"true\" data-margin=\"24\" data-responsive=\"{&quot;992&quot;:{&quot;items&quot;:4},&quot;768&quot;:{&quot;items&quot;:2},&quot;0&quot;:{&quot;items&quot;:1}}\"><div class=\"item-slide\"><div class=\"services-item grid item-elementor mb-3\" itemscope itemtype=\"https:\/\/schema.org\/Trip\">\n    <div class=\"item service-border st-border-radius\">\n    <div class=\"header-services-item\" style=\"height: 50px; backround:black\">\n\n<div class=\"title\" >\n    Visites \u00e0 pied<\/div>\n<div class=\"icon\">\n\n        <a href=\"#\" class=\"login\" data-bs-toggle=\"modal\" data-bs-target=\"#st-login-form\">\n        \n            <div class=\"service-add-wishlist\" title=\"Ajouter \u00e0 la liste de souhaits\">\n            <img decoding=\"async\"  src=\"https:\/\/movery.it\/assets\/icons\/ico-favgreen.svg\" height=\"15\" width=\"15\" class=\"movery-home-main-items-child-pic-share ignore-mouse-events\" alt=\"Partager\" \/>\n\n\n                <div class=\"lds-dual-ring\"><\/div>\n            <\/div>\n        <\/a>\n        <a href=\"https:\/\/movery.it\/fr\/campania\/napoli\/tour-a-piedi-tra-le-meraviglie-del-rione-sanita\/\">\n    <img decoding=\"async\"  src=\"https:\/\/movery.it\/assets\/icons\/card-shopping-cart.svg\" height=\"15\" width=\"15\" class=\"movery-home-main-items-child-pic-share ignore-mouse-events\" alt=\"Partager\" \/>\n\n    <\/a>\n    <a href=\"https:\/\/movery.it\/fr\/campania\/napoli\/tour-a-piedi-tra-le-meraviglie-del-rione-sanita\/\">\n    <img decoding=\"async\"  src=\"https:\/\/static.movery.it\/assets\/img\/icons\/ico-sharegreen.svg\" height=\"15\" width=\"15\" class=\"movery-home-main-items-child-pic-share ignore-mouse-events\" alt=\"Partager\" \/>\n    <\/a>\n    \n<\/div>\n\n<\/div>\n        <div class=\"featured-image\">\n            <div class=\"st-tag-feature-sale\">\n                \n                                                            <\/div>\n\n            <a href=\"https:\/\/movery.it\/fr\/campania\/napoli\/tour-a-piedi-tra-le-meraviglie-del-rione-sanita\/\">\n                <img decoding=\"async\" class=\"feature_tour_img\" itemprop=\"photo\" src=\"https:\/\/movery.it\/wp-content\/uploads\/2024\/05\/santa-maria-della-sanita-450x300.jpg\"\n                     alt=\"Visite \u00e0 pied parmi les merveilles du Rione Sanit\u00e0\" \/>\n            <\/a>\n                    <\/div>\n        <div class=\"content-item\">\n        <a href=\"https:\/\/movery.it\/fr\/campania\/napoli\/tour-a-piedi-tra-le-meraviglie-del-rione-sanita\/\"  class=\"title-a\" style=\"height: 3rem;overflow: hidden;\">\n        <p class=\"title\" itemprop=\"name\">\n               Visite \u00e0 pied parmi les merveilles du Rione Sanit\u00e0        <\/p>\n                <\/a>   \n        \n                            <div class=\"sub-title st-address d-flex\" itemprop=\"location\" itemscope itemtype=\"https:\/\/schema.org\/Place\">\n                    <span class=\"address\" itemprop=\"address\" itemscope itemtype=\"https:\/\/schema.org\/PostalAddress\">\n                        <span itemprop=\"streetAddress\"> <i class=\"stt-icon-location1\"><\/i> Porta San Gennaro<\/span>\n                    <\/span>\n\t\t\t\t\t                            <span class=\"duration\">\n\t\t\t\t\t\t\t\t<i class=\"input-icon st-border-radius field-icon fa\"><svg height=\"11px\" width=\"11px\" version=\"1.1\" id=\"Layer_1\" xmlns=\"http:\/\/www.w3.org\/2000\/svg\" xmlns:xlink=\"http:\/\/www.w3.org\/1999\/xlink\" x=\"0px\" y=\"0px\"\r\n     viewbox=\"0 0 24 24\" style=\"enable-background:new 0 0 24 24;\" xml:space=\"preserve\">\r\n\r\n<g fill=\"#013451\">\r\n    <path d=\"M12,23.25C5.797,23.25,0.75,18.203,0.75,12C0.75,5.797,5.797,0.75,12,0.75c6.203,0,11.25,5.047,11.25,11.25        C23.25,18.203,18.203,23.25,12,23.25z M12,2.25c-5.376,0-9.75,4.374-9.75,9.75s4.374,9.75,9.75,9.75s9.75-4.374,9.75-9.75        S17.376,2.25,12,2.25z\"\/>\r\n    <path d=\"M15.75,16.5c-0.2,0-0.389-0.078-0.53-0.22l-2.25-2.25c-0.302,0.145-0.632,0.22-0.969,0.22c-1.241,0-2.25-1.009-2.25-2.25        c0-0.96,0.615-1.808,1.5-2.121V5.25c0-0.414,0.336-0.75,0.75-0.75s0.75,0.336,0.75,0.75v4.629c0.885,0.314,1.5,1.162,1.5,2.121        c0,0.338-0.075,0.668-0.22,0.969l2.25,2.25c0.292,0.292,0.292,0.768,0,1.061C16.139,16.422,15.95,16.5,15.75,16.5z M12,11.25        c-0.414,0-0.75,0.336-0.75,0.75s0.336,0.75,0.75,0.75s0.75-0.336,0.75-0.75S12.414,11.25,12,11.25z\"\/>\r\n<\/g>\r\n<\/svg><\/i>\t\t\t\t\t\t\t\t3h  \n                        <\/span>\n                                        <\/div>\n            \n            <div class=\"excerpt\" style=\"height: 3rem;\">\n            Voulez-vous profiter de la beaut\u00e9 de Naples dans l'une de ses zones les plus pittoresques ? Avec cette visite...            <\/div>\n\n\n            <div class=\"reviews\" itemprop=\"starRating\" itemscope itemtype=\"https:\/\/schema.org\/Rating\"  style=\"display: block;padding-left: 15px;margin-top: 15px; height: 48px;\">\n                <i class=\"stt-icon-star1\"><\/i>\n                <span class=\"rate\" itemprop=\"ratingValue\" style=\"color: #0f3f5b;\">\n\t\t\t\t\t\t0 <span>\/<\/span> 5\n\t\t\t\t\t<\/span>\n\t\t\t\t\t<span class=\"rate-text\" style=\"color: #0f3f5b;\">\n\t\t\t\t\t\tNon class\u00e9\t\t\t\t\t<\/span>\n                <span class=\"summary\">\n                    (0 commentaires)\n                <\/span>\n            <\/div>\n            <div class=\"event-date d-none\" itemprop=\"startDate\" content=\"2026-04-25 07:49:52\">2026-04-25 07:49:52<\/div>\n            \n                     <div class=\"section-footer\">\n                                <div class=\"section_footer_content\" itemprop=\"priceRange\">\n                    <span class=\"price-tour\">\n                        <span class=\"price\">&nbsp;&nbsp;&nbsp;&nbsp;<span class=\"sale-top\">De  <span class=\"text-lg lh1em item\"> \u20ac12.50<\/span><\/span><br>&nbsp;&nbsp;&nbsp;&nbsp;une personne<\/span>\n                    <\/span>\n                    \n                                                <span class=\"unit\">\n\t\t\t\t\t\t        <a href=\"https:\/\/movery.it\/fr\/campania\/napoli\/tour-a-piedi-tra-le-meraviglie-del-rione-sanita\/\" class=\"add_tour\">\n\t\t\t\t\t\t\t        Livre \n\t\t\t\t\t\t        <\/a>\n                            <\/span>\n                                        <\/div>\n            <\/div>\n        <\/div>\n    <\/div>\n<\/div><\/div><div class=\"item-slide\"><div class=\"services-item grid item-elementor mb-3\" itemscope itemtype=\"https:\/\/schema.org\/Trip\">\n    <div class=\"item service-border st-border-radius\">\n    <div class=\"header-services-item\" style=\"height: 50px; backround:black\">\n\n<div class=\"title\" >\n    Visites \u00e0 pied<\/div>\n<div class=\"icon\">\n\n        <a href=\"#\" class=\"login\" data-bs-toggle=\"modal\" data-bs-target=\"#st-login-form\">\n        \n            <div class=\"service-add-wishlist\" title=\"Ajouter \u00e0 la liste de souhaits\">\n            <img decoding=\"async\"  src=\"https:\/\/movery.it\/assets\/icons\/ico-favgreen.svg\" height=\"15\" width=\"15\" class=\"movery-home-main-items-child-pic-share ignore-mouse-events\" alt=\"Partager\" \/>\n\n\n                <div class=\"lds-dual-ring\"><\/div>\n            <\/div>\n        <\/a>\n        <a href=\"https:\/\/movery.it\/fr\/campania\/napoli\/walking-tour-nei-quartieri-spagnoli-per-respirare-la-magia-di-napoli\/\">\n    <img decoding=\"async\"  src=\"https:\/\/movery.it\/assets\/icons\/card-shopping-cart.svg\" height=\"15\" width=\"15\" class=\"movery-home-main-items-child-pic-share ignore-mouse-events\" alt=\"Partager\" \/>\n\n    <\/a>\n    <a href=\"https:\/\/movery.it\/fr\/campania\/napoli\/walking-tour-nei-quartieri-spagnoli-per-respirare-la-magia-di-napoli\/\">\n    <img decoding=\"async\"  src=\"https:\/\/static.movery.it\/assets\/img\/icons\/ico-sharegreen.svg\" height=\"15\" width=\"15\" class=\"movery-home-main-items-child-pic-share ignore-mouse-events\" alt=\"Partager\" \/>\n    <\/a>\n    \n<\/div>\n\n<\/div>\n        <div class=\"featured-image\">\n            <div class=\"st-tag-feature-sale\">\n                \n                                                            <\/div>\n\n            <a href=\"https:\/\/movery.it\/fr\/campania\/napoli\/walking-tour-nei-quartieri-spagnoli-per-respirare-la-magia-di-napoli\/\">\n                <img decoding=\"async\" class=\"feature_tour_img\" itemprop=\"photo\" src=\"https:\/\/movery.it\/wp-content\/uploads\/2024\/05\/tour_quartieri_spagnoli-scaled-450x300.jpg\"\n                     alt=\"Visite \u00e0 pied dans les Quartieri Spagnoli pour respirer la magie de Naples\" \/>\n            <\/a>\n                    <\/div>\n        <div class=\"content-item\">\n        <a href=\"https:\/\/movery.it\/fr\/campania\/napoli\/walking-tour-nei-quartieri-spagnoli-per-respirare-la-magia-di-napoli\/\"  class=\"title-a\" style=\"height: 3rem;overflow: hidden;\">\n        <p class=\"title\" itemprop=\"name\">\n               Visite \u00e0 pied dans les Quartieri Spagnoli pour respirer la magie de Naples        <\/p>\n                <\/a>   \n        \n                            <div class=\"sub-title st-address d-flex\" itemprop=\"location\" itemscope itemtype=\"https:\/\/schema.org\/Place\">\n                    <span class=\"address\" itemprop=\"address\" itemscope itemtype=\"https:\/\/schema.org\/PostalAddress\">\n                        <span itemprop=\"streetAddress\"> <i class=\"stt-icon-location1\"><\/i> Place du pl\u00e9biscite<\/span>\n                    <\/span>\n\t\t\t\t\t                            <span class=\"duration\">\n\t\t\t\t\t\t\t\t<i class=\"input-icon st-border-radius field-icon fa\"><svg height=\"11px\" width=\"11px\" version=\"1.1\" id=\"Layer_1\" xmlns=\"http:\/\/www.w3.org\/2000\/svg\" xmlns:xlink=\"http:\/\/www.w3.org\/1999\/xlink\" x=\"0px\" y=\"0px\"\r\n     viewbox=\"0 0 24 24\" style=\"enable-background:new 0 0 24 24;\" xml:space=\"preserve\">\r\n\r\n<g fill=\"#013451\">\r\n    <path d=\"M12,23.25C5.797,23.25,0.75,18.203,0.75,12C0.75,5.797,5.797,0.75,12,0.75c6.203,0,11.25,5.047,11.25,11.25        C23.25,18.203,18.203,23.25,12,23.25z M12,2.25c-5.376,0-9.75,4.374-9.75,9.75s4.374,9.75,9.75,9.75s9.75-4.374,9.75-9.75        S17.376,2.25,12,2.25z\"\/>\r\n    <path d=\"M15.75,16.5c-0.2,0-0.389-0.078-0.53-0.22l-2.25-2.25c-0.302,0.145-0.632,0.22-0.969,0.22c-1.241,0-2.25-1.009-2.25-2.25        c0-0.96,0.615-1.808,1.5-2.121V5.25c0-0.414,0.336-0.75,0.75-0.75s0.75,0.336,0.75,0.75v4.629c0.885,0.314,1.5,1.162,1.5,2.121        c0,0.338-0.075,0.668-0.22,0.969l2.25,2.25c0.292,0.292,0.292,0.768,0,1.061C16.139,16.422,15.95,16.5,15.75,16.5z M12,11.25        c-0.414,0-0.75,0.336-0.75,0.75s0.336,0.75,0.75,0.75s0.75-0.336,0.75-0.75S12.414,11.25,12,11.25z\"\/>\r\n<\/g>\r\n<\/svg><\/i>\t\t\t\t\t\t\t\t3h  \n                        <\/span>\n                                        <\/div>\n            \n            <div class=\"excerpt\" style=\"height: 3rem;\">\n            Pour comprendre la culture napolitaine dans toutes ses nuances, il n'y a pas de meilleur moyen...            <\/div>\n\n\n            <div class=\"reviews\" itemprop=\"starRating\" itemscope itemtype=\"https:\/\/schema.org\/Rating\"  style=\"display: block;padding-left: 15px;margin-top: 15px; height: 48px;\">\n                <i class=\"stt-icon-star1\"><\/i>\n                <span class=\"rate\" itemprop=\"ratingValue\" style=\"color: #0f3f5b;\">\n\t\t\t\t\t\t5 <span>\/<\/span> 5\n\t\t\t\t\t<\/span>\n\t\t\t\t\t<span class=\"rate-text\" style=\"color: #0f3f5b;\">\n\t\t\t\t\t\tExcellent\t\t\t\t\t<\/span>\n                <span class=\"summary\">\n                    (3 commentaires)\n                <\/span>\n            <\/div>\n            <div class=\"event-date d-none\" itemprop=\"startDate\" content=\"2026-04-25 07:49:53\">2026-04-25 07:49:53<\/div>\n            \n                     <div class=\"section-footer\">\n                                <div class=\"section_footer_content\" itemprop=\"priceRange\">\n                    <span class=\"price-tour\">\n                        <span class=\"price\">&nbsp;&nbsp;&nbsp;&nbsp;<span class=\"sale-top\">De  <span class=\"text-lg lh1em item\"> \u20ac12.50<\/span><\/span><br>&nbsp;&nbsp;&nbsp;&nbsp;une personne<\/span>\n                    <\/span>\n                    \n                                                <span class=\"unit\">\n\t\t\t\t\t\t        <a href=\"https:\/\/movery.it\/fr\/campania\/napoli\/walking-tour-nei-quartieri-spagnoli-per-respirare-la-magia-di-napoli\/\" class=\"add_tour\">\n\t\t\t\t\t\t\t        Livre \n\t\t\t\t\t\t        <\/a>\n                            <\/span>\n                                        <\/div>\n            <\/div>\n        <\/div>\n    <\/div>\n<\/div><\/div><div class=\"item-slide\"><div class=\"services-item grid item-elementor mb-3\" itemscope itemtype=\"https:\/\/schema.org\/Trip\">\n    <div class=\"item service-border st-border-radius\">\n        <div class=\"header-services-item\" style=\"height: 50px; backround:black\">\n\n            <div class=\"title\">\n                Maison historique            <\/div>\n            <div class=\"icon\">\n\n                                    <a href=\"#\" class=\"login\" data-bs-toggle=\"modal\" data-bs-target=\"#st-login-form\">\n\n                        <div class=\"service-add-wishlist\" title=\"Ajouter \u00e0 la liste de souhaits\">\n                            <img loading=\"lazy\" decoding=\"async\" src=\"https:\/\/movery.it\/assets\/icons\/ico-favgreen.svg\" height=\"15\" width=\"15\" class=\"movery-home-main-items-child-pic-share ignore-mouse-events\" alt=\"Partager\" \/>\n\n\n                            <div class=\"lds-dual-ring\"><\/div>\n                        <\/div>\n                    <\/a>\n                                <a href=\"https:\/\/movery.it\/fr\/campania\/napoli\/palazzo-reale-napoli\/\">\n                    <img loading=\"lazy\" decoding=\"async\" src=\"https:\/\/movery.it\/assets\/icons\/card-shopping-cart.svg\" height=\"15\" width=\"15\" class=\"movery-home-main-items-child-pic-share ignore-mouse-events\" alt=\"Partager\" \/>\n\n                <\/a>\n                <a href=\"https:\/\/movery.it\/fr\/campania\/napoli\/palazzo-reale-napoli\/\">\n                    <img loading=\"lazy\" decoding=\"async\" src=\"https:\/\/static.movery.it\/assets\/img\/icons\/ico-sharegreen.svg\" height=\"15\" width=\"15\" class=\"movery-home-main-items-child-pic-share ignore-mouse-events\" alt=\"Partager\" \/>\n                <\/a>\n\n            <\/div>\n\n        <\/div>\n        <div class=\"featured-image\">\n            <div class=\"st-tag-feature-sale\">\n                                                \n            <\/div>\n\n            <a href=\"https:\/\/movery.it\/fr\/campania\/napoli\/palazzo-reale-napoli\/\">\n                <img decoding=\"async\" class=\"feature_activity_img\" itemprop=\"photo\" src=\"https:\/\/movery.it\/wp-content\/uploads\/2023\/02\/re-palazzo-reale-napoli-7495818-450x300.jpeg\" alt=\"Visite guid\u00e9e priv\u00e9e du Palais royal de Naples\" \/>\n            <\/a>\n                    <\/div>\n        <div class=\"content-item\">\n            <a href=\"https:\/\/movery.it\/fr\/campania\/napoli\/palazzo-reale-napoli\/\" class=\"title-a\" style=\"height: 3rem;overflow: hidden;\">\n                <p class=\"title\" itemprop=\"name\">\n                    Visite guid\u00e9e priv\u00e9e du Palais royal de Naples                <\/p>\n            <\/a>\n            \n\n                            <div class=\"sub-title st-address d-flex\" itemprop=\"location\" itemscope itemtype=\"https:\/\/schema.org\/Place\">\n                    <span class=\"address\" itemprop=\"address\" itemscope itemtype=\"https:\/\/schema.org\/PostalAddress\">\n                        <span itemprop=\"streetAddress\"> <i class=\"stt-icon-location1\"><\/i> Piazza del Plebiscito 1, 80132, Naples<\/span>\n                    <\/span>\n\t\t\t\t\t                            <span class=\"duration\">\n\t\t\t\t\t\t\t\t<i class=\"input-icon st-border-radius field-icon fa\"><svg height=\"11px\" width=\"11px\" version=\"1.1\" id=\"Layer_1\" xmlns=\"http:\/\/www.w3.org\/2000\/svg\" xmlns:xlink=\"http:\/\/www.w3.org\/1999\/xlink\" x=\"0px\" y=\"0px\"\r\n     viewbox=\"0 0 24 24\" style=\"enable-background:new 0 0 24 24;\" xml:space=\"preserve\">\r\n\r\n<g fill=\"#013451\">\r\n    <path d=\"M12,23.25C5.797,23.25,0.75,18.203,0.75,12C0.75,5.797,5.797,0.75,12,0.75c6.203,0,11.25,5.047,11.25,11.25        C23.25,18.203,18.203,23.25,12,23.25z M12,2.25c-5.376,0-9.75,4.374-9.75,9.75s4.374,9.75,9.75,9.75s9.75-4.374,9.75-9.75        S17.376,2.25,12,2.25z\"\/>\r\n    <path d=\"M15.75,16.5c-0.2,0-0.389-0.078-0.53-0.22l-2.25-2.25c-0.302,0.145-0.632,0.22-0.969,0.22c-1.241,0-2.25-1.009-2.25-2.25        c0-0.96,0.615-1.808,1.5-2.121V5.25c0-0.414,0.336-0.75,0.75-0.75s0.75,0.336,0.75,0.75v4.629c0.885,0.314,1.5,1.162,1.5,2.121        c0,0.338-0.075,0.668-0.22,0.969l2.25,2.25c0.292,0.292,0.292,0.768,0,1.061C16.139,16.422,15.95,16.5,15.75,16.5z M12,11.25        c-0.414,0-0.75,0.336-0.75,0.75s0.336,0.75,0.75,0.75s0.75-0.336,0.75-0.75S12.414,11.25,12,11.25z\"\/>\r\n<\/g>\r\n<\/svg><\/i>\t\t\t\t\t\t\t\t2h  \n                        <\/span>\n                                        <\/div>\n            \n            <div class=\"excerpt\" style=\"height: 3rem;\">\n                B\u00e2timent historique construit dans les ann\u00e9es 1600, le Palais royal de Naples est un lieu incontournable...            <\/div>\n\n\n            <div class=\"reviews\" itemprop=\"starRating\" itemscope itemtype=\"https:\/\/schema.org\/Rating\"  style=\"display: block;padding-left: 15px;margin-top: 15px; height: 48px;\">\n                <i class=\"stt-icon-star1\"><\/i>\n                <span class=\"rate\" itemprop=\"ratingValue\" style=\"color: #0f3f5b;\">\n\t\t\t\t\t\t4.8 <span>\/<\/span> 5\n\t\t\t\t\t<\/span>\n\t\t\t\t\t<span class=\"rate-text\" style=\"color: #0f3f5b;\">\n\t\t\t\t\t\tExcellent\t\t\t\t\t<\/span>\n                <span class=\"summary\">\n                    (4 commentaires)\n                <\/span>\n            <\/div>\n            <div class=\"event-date d-none\" itemprop=\"startDate\" content=\"2026-04-25 07:49:53\">2026-04-25 07:49:53<\/div>\n\n                        <div class=\"section-footer\">\n                                <div class=\"section_footer_content\" itemprop=\"priceRange\">\n                    <span class=\"price-tour\" >\n                        <span class=\"price\">&nbsp;&nbsp;&nbsp;&nbsp;<span class=\"sale-top\">De  <span class=\"text-lg lh1em item\"> \u20ac11.00<\/span><\/span><br>&nbsp;&nbsp;&nbsp;&nbsp;une personne<\/span>\n                    <\/span>\n\n                                                <span class=\"unit\">\n\t\t\t\t\t\t        <a href=\"https:\/\/movery.it\/fr\/campania\/napoli\/palazzo-reale-napoli\/\" class=\"add_tour\">\n\t\t\t\t\t\t\t        Livre \n\t\t\t\t\t\t        <\/a>\n                            <\/span>\n                                        <\/div>\n            <\/div>\n        <\/div>\n    <\/div>\n<\/div><\/div><\/div>            <\/div>\n        <\/div>\n    <\/div>\n    \n    \t\t<div class=\"elementor-shortcode\">\n<\/div>\n\t\t\t\t<\/div>\n\t\t\t\t<\/div>\n\t\t\t\t\t<\/div>\n\t\t\t\t<\/div>\n\t\t<div class=\"elementor-element elementor-element-a7ee180 e-flex e-con-boxed e-con e-parent\" data-id=\"a7ee180\" data-element_type=\"container\">\n\t\t\t\t\t<div class=\"e-con-inner\">\n\t\t\t\t<div class=\"elementor-element elementor-element-197a8e0 elementor-widget elementor-widget-text-editor\" data-id=\"197a8e0\" data-element_type=\"widget\" data-widget_type=\"text-editor.default\">\n\t\t\t\t<div class=\"elementor-widget-container\">\n\t\t\t\t\t\t\t<h2><span class=\"ez-toc-section\" id=\"Lo_tsunami_che_colpi_Napoli_nel_1343\"><\/span>Le tsunami qui a frapp\u00e9 Naples en 1343<span class=\"ez-toc-section-end\"><\/span><\/h2><p>En 1343, un \u00e9v\u00e9nement m\u00e9t\u00e9orologique effrayant et terrible a frapp\u00e9 la ville de Naples. P\u00e9trarque lui-m\u00eame aurait not\u00e9 entre ses lignes les temp\u00eates qui frappaient la ville \u00e0 cette \u00e9poque. Dans la nuit du 24 novembre de cette ann\u00e9e-l\u00e0, un terrible raz-de-mar\u00e9e se produisit. La terre trembla au milieu des mugissements et des \u00e9claboussures de la mer d\u00e9cha\u00een\u00e9e, tandis que d'\u00e9normes vagues frappaient les bateaux dans le port, endommageant tout et engloutissant m\u00eame le phare. Les rues inond\u00e9es sont devenues dangereuses et les gens se sont r\u00e9fugi\u00e9s sur les hauteurs de la ville. Les \u00e9gouts \u00e9clatent et de nombreuses personnes sont tu\u00e9es par cet \u00e9v\u00e9nement naturel d\u00e9vastateur. Francesco Petrarch, qui se trouvait encore \u00e0 Naples, a \u00e9t\u00e9 traumatis\u00e9 et horrifi\u00e9 par la fureur de l'inondation. <strong>tsunami<\/strong>Il s'est donc d'abord r\u00e9fugi\u00e9 dans l'\u00e9glise de San Lorenzo, o\u00f9 les fr\u00e8res l'ont accueilli avec d'autres concitoyens bless\u00e9s. Pendant ce temps, la mer poursuit son \u0153uvre de destruction jusqu'au lendemain. P\u00e9trarque saute alors dans un carrosse et s'enfuit \u00e0 Ga\u00e8te o\u00f9 il prend le premier bateau disponible qui l'emm\u00e8ne \u00e0 Livourne puis \u00e0 Parme. Bref, son opinion, d\u00e9j\u00e0 terrible, fut assombrie par cet \u00e9v\u00e9nement fortuit qui l'\u00e9branla profond\u00e9ment et dont il fait le r\u00e9cit parmi ses <strong>Ep\u00eetres familiales<\/strong>.<\/p><h2><span class=\"ez-toc-section\" id=\"Cenni_biografici_su_Francesco_Petrarca\"><\/span>Notes biographiques sur Francesco Petrarca<span class=\"ez-toc-section-end\"><\/span><\/h2><p>Francesco Petrarca est n\u00e9 \u00e0 Arezzo, en Toscane, en 1304. Ses deux parents \u00e9taient originaires de la ville de Florence, mais l'arriv\u00e9e de Charles de Valois, qui a exil\u00e9 tous les Guelfes blancs de la ville, a contraint Ser Petrarch et sa famille \u00e0 d\u00e9m\u00e9nager. Les premi\u00e8res ann\u00e9es du jeune P\u00e9trarque se d\u00e9roulent donc entre l'Italie et la France o\u00f9 travaille son p\u00e8re, notaire \u00e0 la cour pontificale. \u00c0 cette \u00e9poque, Avignon \u00e9tait devenu le nouveau si\u00e8ge de l'\u00c9glise de Rome, et c'est en Italie qu'il noua d'importantes amiti\u00e9s, comme en t\u00e9moigne l'\u0153uvre de P\u00e9trarque lui-m\u00eame, Familiares XXI.<\/p><p>Dans l'\u00e9p\u00eetre adress\u00e9e \u00e0 son ami Boccace, l'auteur raconte sa rencontre avec le Po\u00e8te Supr\u00eame <strong>Dante Alighieri<\/strong>. Au cours de son d\u00e9veloppement culturel, il se familiarise avec les romans fran\u00e7ais et la litt\u00e9rature de Dante et se consacre \u00e9galement aux textes religieux. En 1320, le jeune homme fr\u00e9quente le<strong>Universit\u00e9 de Bologne<\/strong> o\u00f9 il \u00e9tudie le droit, red\u00e9couvrant les auteurs antiques comme Horace et Virgile, dont il s'inspire pour ses compositions po\u00e9tiques, tout en modelant ses \u0153uvres en prose dans le style de S\u00e9n\u00e8que et de Cic\u00e9ron.<\/p><p>Quelques ann\u00e9es plus tard, en 1327, il vit <strong>Laura<\/strong>. La rencontre eut lieu lors d'un de ses s\u00e9jours \u00e0 Avignon et, comme l'auteur le d\u00e9crit lui-m\u00eame, ce fut un v\u00e9ritable coup de foudre. Le sentiment profond qu'il \u00e9prouva pour cette noble fran\u00e7aise d\u00e9j\u00e0 mari\u00e9e inspira \u00e0 P\u00e9trarque la plupart des po\u00e8mes de son \u0153uvre majeure : le <strong>Canzoniere<\/strong>. Cependant, il a v\u00e9cu comme un clerc la\u00efc, pronon\u00e7ant des v\u0153ux et se liant d'amiti\u00e9 avec la famille Colonna.<\/p><p>Dans les derni\u00e8res ann\u00e9es de sa vie, P\u00e9trarque avait fui la vie napolitaine, se r\u00e9fugiant \u00e0 Parme puis \u00e0 Valchiusa. En 1348, le <strong>Peste noire<\/strong> et avec elle la nouvelle dramatique de la mort de sa bien-aim\u00e9e Laura, terrass\u00e9e par la maladie. Malgr\u00e9 cette triste nouvelle, P\u00e9trarque continue de voyager, vivant en Provence pendant deux ans, puis retournant en Italie, \u00e0 Milan. Il se rend ensuite \u00e0 Padoue et \u00e0 Venise, avant de retourner \u00e0 Arqu\u00e0 en 1370, o\u00f9 il meurt subitement quatre ans plus tard.<\/p><h3><span class=\"ez-toc-section\" id=\"Leggenda_sulla_morte_di_Petrarca_e_il_mistero_della_sua_Tomba\"><\/span>La l\u00e9gende de la mort de P\u00e9trarque et le myst\u00e8re de sa tombe<span class=\"ez-toc-section-end\"><\/span><\/h3><p>On dit que le <strong>la mort<\/strong> a surpris le grand P\u00e9trarque dans la nuit du 19 juillet 1374. Il \u00e9tait assis \u00e0 son bureau dans la maison canonique qui lui avait \u00e9t\u00e9 assign\u00e9e \u00e0 Padoue, lorsque, alors qu'il \u00e9tudiait les textes de Virgile dans l'intention de perfectionner son art litt\u00e9raire, il fut frapp\u00e9 par un <strong>syncope<\/strong> dont il ne s'est jamais r\u00e9veill\u00e9. Sa d\u00e9pouille aurait \u00e9t\u00e9 enterr\u00e9e pr\u00e8s de l'\u00e9glise paroissiale <strong>Sainte Marie de l'Assomption<\/strong> par <strong>Arqu\u00e0<\/strong>. Cependant, m\u00eame apr\u00e8s sa mort, P\u00e9trarque a continu\u00e9 \u00e0 voyager. Six ans apr\u00e8s son enterrement, sa d\u00e9pouille est exhum\u00e9e et plac\u00e9e dans un sarcophage. \u00c0 la demande de son gendre, un <strong>monument<\/strong> <strong>s\u00e9pulcral<\/strong> en marbre rouge de V\u00e9rone, semblable aux anciens sarcophages romains. On y trouve une inscription, apparemment compos\u00e9e par P\u00e9trarque lui-m\u00eame avant sa mort, qui dit : \"Cette pierre recouvre les os froids de Francesco P\u00e9trarque, accueille, \u00f4 Vierge M\u00e8re, son \u00e2me et toi, fils de la Vierge, pardonne. Qu'il repose, fatigu\u00e9 de la terre, dans le rocher c\u00e9leste\".<\/p><p>En raison de ces mouvements, les ossements du monument ont \u00e9t\u00e9 analys\u00e9s en 2004. Les examens ont montr\u00e9 que le cr\u00e2ne de la tombe n'appartenait pas \u00e0 P\u00e9trarque, mais \u00e0 une femme inconnue ayant probablement v\u00e9cu au XIIIe si\u00e8cle. A <strong>myst\u00e8re<\/strong> On se demande encore qui, parmi les nombreux profanateurs de la tombe de P\u00e9trarque, a emport\u00e9 le cr\u00e2ne de l'\u00e9crivain.<\/p>\t\t\t\t\t\t<\/div>\n\t\t\t\t<\/div>\n\t\t\t\t\t<\/div>\n\t\t\t\t<\/div>\n\t\t\t\t<\/div>","protected":false},"excerpt":{"rendered":"<p>D\u00e9couvrez la vie du po\u00e8te et philosophe Francesco Petrarca, et retracez avec nous...<\/p>","protected":false},"author":8,"featured_media":15284,"comment_status":"open","ping_status":"open","sticky":false,"template":"","format":"standard","meta":{"_seopress_robots_primary_cat":"none","_seopress_titles_title":"","_seopress_titles_desc":"","_seopress_robots_index":"","content-type":"","footnotes":""},"categories":[307],"tags":[],"locations":[167,208],"class_list":["post-17399","post","type-post","status-publish","format-standard","has-post-thumbnail","hentry","category-passi-memoria","locations-campania","locations-napoli"],"pp_statuses_selecting_workflow":false,"pp_workflow_action":"current","pp_status_selection":"publish","_links":{"self":[{"href":"https:\/\/movery.it\/fr\/wp-json\/wp\/v2\/posts\/17399","targetHints":{"allow":["GET"]}}],"collection":[{"href":"https:\/\/movery.it\/fr\/wp-json\/wp\/v2\/posts"}],"about":[{"href":"https:\/\/movery.it\/fr\/wp-json\/wp\/v2\/types\/post"}],"author":[{"embeddable":true,"href":"https:\/\/movery.it\/fr\/wp-json\/wp\/v2\/users\/8"}],"replies":[{"embeddable":true,"href":"https:\/\/movery.it\/fr\/wp-json\/wp\/v2\/comments?post=17399"}],"version-history":[{"count":4,"href":"https:\/\/movery.it\/fr\/wp-json\/wp\/v2\/posts\/17399\/revisions"}],"predecessor-version":[{"id":36717,"href":"https:\/\/movery.it\/fr\/wp-json\/wp\/v2\/posts\/17399\/revisions\/36717"}],"wp:featuredmedia":[{"embeddable":true,"href":"https:\/\/movery.it\/fr\/wp-json\/wp\/v2\/media\/15284"}],"wp:attachment":[{"href":"https:\/\/movery.it\/fr\/wp-json\/wp\/v2\/media?parent=17399"}],"wp:term":[{"taxonomy":"category","embeddable":true,"href":"https:\/\/movery.it\/fr\/wp-json\/wp\/v2\/categories?post=17399"},{"taxonomy":"post_tag","embeddable":true,"href":"https:\/\/movery.it\/fr\/wp-json\/wp\/v2\/tags?post=17399"},{"taxonomy":"locations","embeddable":true,"href":"https:\/\/movery.it\/fr\/wp-json\/wp\/v2\/locations?post=17399"}],"curies":[{"name":"wp","href":"https:\/\/api.w.org\/{rel}","templated":true}]}}