
{"id":17466,"date":"2021-06-03T08:13:50","date_gmt":"2021-01-13T10:31:14","guid":{"rendered":"http:\/\/shop.movery.it\/troisi-bacio-bacoli-scale-chiaia\/"},"modified":"2023-03-01T16:54:15","modified_gmt":"2023-03-01T15:54:15","slug":"troisi-bacio-bacoli-scale-chiaia","status":"publish","type":"post","link":"https:\/\/movery.it\/fr\/troisi-bacio-bacoli-scale-chiaia\/","title":{"rendered":"Troisi, le baiser de Bacoli et les escaliers de Chiaia"},"content":{"rendered":"<div id=\"ez-toc-container\" class=\"ez-toc-v2_0_68_1 ez-toc-wrap-left counter-hierarchy ez-toc-counter ez-toc-custom ez-toc-container-direction\">\n<div class=\"ez-toc-title-container\">\n<p class=\"ez-toc-title\" >Table des mati\u00e8res<\/p>\n<span class=\"ez-toc-title-toggle\"><\/span><\/div>\n<nav><ul class='ez-toc-list ez-toc-list-level-1' ><li class='ez-toc-page-1 ez-toc-heading-level-2'><a class=\"ez-toc-link ez-toc-heading-1\" href=\"https:\/\/movery.it\/fr\/troisi-bacio-bacoli-scale-chiaia\/#Scusate_il_ritardo\" title=\"D\u00e9sol\u00e9 pour le retard\">D\u00e9sol\u00e9 pour le retard<\/a><ul class='ez-toc-list-level-3' ><li class='ez-toc-heading-level-3'><a class=\"ez-toc-link ez-toc-heading-2\" href=\"https:\/\/movery.it\/fr\/troisi-bacio-bacoli-scale-chiaia\/#I_luoghi_del_film\" title=\"Les lieux de tournage\">Les lieux de tournage<\/a><ul class='ez-toc-list-level-4' ><li class='ez-toc-heading-level-4'><a class=\"ez-toc-link ez-toc-heading-3\" href=\"https:\/\/movery.it\/fr\/troisi-bacio-bacoli-scale-chiaia\/#Il_lungomare_di_Miliscola\" title=\"Le front de mer de Miliscola\">Le front de mer de Miliscola<\/a><\/li><\/ul><\/li><\/ul><\/li><\/ul><\/nav><\/div>\n<p>L'essence culturelle la plus profonde de Naples a toujours \u00e9t\u00e9 captur\u00e9e, sous une forme aussi humble que brillante, par les \u0153uvres cin\u00e9matographiques de <strong>Massimo Troisi<\/strong>.<\/p>\n<p>Surnomm\u00e9 le <strong>Punchinello sans masque<\/strong>Cet acteur a su interpr\u00e9ter de mani\u00e8re comique tant de facettes de l'\u00eatre humain, allant jusqu'\u00e0 dessiner le profil de celui que l'on appelle le \"p\u00e8re\". <strong>anti-h\u00e9ros<\/strong>Une personnalit\u00e9 empreinte de doute et d'inqui\u00e9tude, qui refl\u00e8te encore l'\u00e9tat d'esprit des jeunes d'aujourd'hui ; en effet, nous pouvons \u00eatre s\u00fbrs de l'immortalit\u00e9 de ses films, qui nous ont fait rire et r\u00e9fl\u00e9chir \u00e0 la fois.<\/p>\n<p>Un grand acteur revit dans les lieux de ses \u0153uvres cin\u00e9matographiques. D\u00e9couvrons ensemble ceux qui forment la toile de fond du film <strong>D\u00e9sol\u00e9 pour le retard<\/strong>.<\/p>\n<h2><span class=\"ez-toc-section\" id=\"Scusate_il_ritardo\"><\/span>D\u00e9sol\u00e9 pour le retard<span class=\"ez-toc-section-end\"><\/span><\/h2>\n<p>\"Vinc\u00e9, je me tue, mieux vaut un jour de lion. Mieux vaut cent jours comme mouton ? Mieux vaut un jour comme lion, n'est-ce pas ?\" dit Tonino, et Vincenzo r\u00e9pond : \"Ton\u00ec, qu'est-ce que j'en sais d'\u00eatre un mouton ou un lion, fais 50 jours comme un ours en peluche, au moins tu seras heureux, tu ne ressembleras pas \u00e0 un mouton ou \u00e0 un lion qui ne vit qu'un jour\".<\/p>\n<p>Cette c\u00e9l\u00e8bre citation que Troisi adresse \u00e0 l'acteur Lello Arena, qui joue Tonino dans le film, r\u00e9sume en quelque sorte l'attitude que le personnage qu'il incarne, Vincenzo, a vis-\u00e0-vis de son ami mais aussi de la vie en g\u00e9n\u00e9ral. Les dialogues entre les deux amis constituent en effet une partie importante et r\u00e9currente du film.<\/p>\n<p>Vincenzo, en effet, est un trentenaire au ch\u00f4mage, un peu timide et paresseux, aussi maladroit que superficiel dans ses relations amoureuses, qui se retrouve \u00e0 la fois \u00e0 consoler fr\u00e9quemment son ami Tonino, quitt\u00e9 par sa petite amie, et \u00e0 se lancer dans une histoire d'amour avec Anna, une femme qui voudrait plus de s\u00e9curit\u00e9 et d'attention de sa part.<\/p>\n<p>La plupart des sc\u00e8nes o\u00f9 le protagoniste est appel\u00e9 \u00e0 \u00e9couter son ami Tonino, compl\u00e8tement d\u00e9vast\u00e9 par cette rupture, se d\u00e9roulent en plein air, \u00e0 tel point que Vincenzo lui-m\u00eame se plaint de ce choix, lui qui avait \u00e9t\u00e9 contraint de le consoler sous l'orage la fois pr\u00e9c\u00e9dente.<\/p>\n<h3><span class=\"ez-toc-section\" id=\"I_luoghi_del_film\"><\/span>Les lieux de tournage<span class=\"ez-toc-section-end\"><\/span><\/h3>\n<p>Ces d\u00e9cors comprennent les c\u00e9l\u00e8bres escaliers sur lesquels les deux acteurs s'assoient sous la pluie, situ\u00e9s dans la salle des f\u00eates.\u00a0<strong>Chiaia <\/strong>\u00e0 Naples, ou encore la station <strong>Giugliano-Qualiano<\/strong> dans lequel Tonino tente en vain de se suicider ; les escaliers, o\u00f9 sont pouss\u00e9s ces cris d'amour comiques, ont \u00e9galement \u00e9t\u00e9 baptis\u00e9s <strong>Massimo Troisi Escaliers<\/strong> apr\u00e8s la mort de l'acteur, \u00e0 travers une c\u00e9l\u00e9bration qui lui rendait hommage. Les promeneurs ne peuvent s'emp\u00eacher d'imaginer les deux acteurs encore assis sur les marches, image d'un souvenir dramatique et comique d\u00e9sormais ind\u00e9l\u00e9bile.<\/p>\n<p>N\u00e9anmoins, les promoteurs de l'initiative ont commis une falsification historique, probablement une erreur de raisonnement, car la v\u00e9ritable vol\u00e9e d'escaliers du d\u00e9cor se trouve plus bas, dans une zone moins accessible aux passants.<\/p>\n<h4><span class=\"ez-toc-section\" id=\"Il_lungomare_di_Miliscola\"><\/span>Le front de mer de Miliscola<span class=\"ez-toc-section-end\"><\/span><\/h4>\n<p>Pour revenir \u00e0 l'histoire d'amour entre Vincenzo et Anna, Troisi a choisi un cadre tr\u00e8s \u00e9vocateur pour couronner leur premier baiser, \u00e0 savoir la plage de <strong>Miliscola \u00e0 Bacoli<\/strong>avec la montagne Miseno en arri\u00e8re-plan, ainsi que les \u00eeles de <strong>Ischia et Procida<\/strong>De mani\u00e8re impr\u00e9visible, l'acteur a \u00e9t\u00e9 saisi par l'image des vagues nostalgiques de la mer d'\u00e9t\u00e9 rencontrant la brise d'hiver, un paysage dont la beaut\u00e9 est \u00e9galement soulign\u00e9e par les deux protagonistes du film.<\/p>\n<p>La promenade de Miliscola s'entrecroise avec celle de <strong>Miseno<\/strong>qui abrite \u00e9galement le <strong>Grotte de Dragonara<\/strong>creus\u00e9e dans un mur de tuf qui surplombe la plage du c\u00f4t\u00e9 de l'\u00eele de Procida.<\/p>\n<p>Derri\u00e8re la plage, bien que non visible depuis les enregistrements, la <strong>Lac Miseno<\/strong>entour\u00e9e d'une promenade qui longe tout le plan d'eau ; le parcours n'est pas trop long et permet d'acc\u00e9der directement \u00e0 la plage par une sortie situ\u00e9e \u00e0 mi-parcours. Les petits coins de nature ne manquent pas et, en \u00e9t\u00e9, il est conseill\u00e9 de faire un tour sur le p\u00e9dalo ou le petit bateau que l'on peut louer \u00e0 la villa municipale de Bacoli.<\/p>\n<p>Probablement Excusez-moi d'\u00eatre en retard est une \u0153uvre \u00e0 caract\u00e8re autobiographique, car elle est aussi destin\u00e9e \u00e0 refl\u00e9ter en partie les doutes et les pr\u00e9occupations qui animent la personne, et pas seulement le personnage ; en fait, ce film est le deuxi\u00e8me long m\u00e9trage de Troisi apr\u00e8s <strong>Je recommence \u00e0 partir de trois<\/strong>On peut donc supposer que l'auteur avait peur de ne pas confirmer le succ\u00e8s du film pr\u00e9c\u00e9dent, mais nous savons, heureusement, que cela n'a pas \u00e9t\u00e9 le cas.<\/p>","protected":false},"excerpt":{"rendered":"<p>Nous revivons ensemble l'une des sc\u00e8nes les plus romantiques du film intemporel de Massimo Troisi, Scusate il ritardo (D\u00e9sol\u00e9, je suis en retard), tourn\u00e9...<\/p>","protected":false},"author":11,"featured_media":15462,"comment_status":"open","ping_status":"open","sticky":false,"template":"","format":"standard","meta":{"_seopress_robots_primary_cat":"","_seopress_titles_title":"","_seopress_titles_desc":"","_seopress_robots_index":"","content-type":"","footnotes":""},"categories":[310],"tags":[],"locations":[193,167],"class_list":["post-17466","post","type-post","status-publish","format-standard","has-post-thumbnail","hentry","category-luoghi-delle-storie","locations-bacoli","locations-campania"],"pp_statuses_selecting_workflow":false,"pp_workflow_action":"current","pp_status_selection":"publish","_links":{"self":[{"href":"https:\/\/movery.it\/fr\/wp-json\/wp\/v2\/posts\/17466","targetHints":{"allow":["GET"]}}],"collection":[{"href":"https:\/\/movery.it\/fr\/wp-json\/wp\/v2\/posts"}],"about":[{"href":"https:\/\/movery.it\/fr\/wp-json\/wp\/v2\/types\/post"}],"author":[{"embeddable":true,"href":"https:\/\/movery.it\/fr\/wp-json\/wp\/v2\/users\/11"}],"replies":[{"embeddable":true,"href":"https:\/\/movery.it\/fr\/wp-json\/wp\/v2\/comments?post=17466"}],"version-history":[{"count":0,"href":"https:\/\/movery.it\/fr\/wp-json\/wp\/v2\/posts\/17466\/revisions"}],"wp:featuredmedia":[{"embeddable":true,"href":"https:\/\/movery.it\/fr\/wp-json\/wp\/v2\/media\/15462"}],"wp:attachment":[{"href":"https:\/\/movery.it\/fr\/wp-json\/wp\/v2\/media?parent=17466"}],"wp:term":[{"taxonomy":"category","embeddable":true,"href":"https:\/\/movery.it\/fr\/wp-json\/wp\/v2\/categories?post=17466"},{"taxonomy":"post_tag","embeddable":true,"href":"https:\/\/movery.it\/fr\/wp-json\/wp\/v2\/tags?post=17466"},{"taxonomy":"locations","embeddable":true,"href":"https:\/\/movery.it\/fr\/wp-json\/wp\/v2\/locations?post=17466"}],"curies":[{"name":"wp","href":"https:\/\/api.w.org\/{rel}","templated":true}]}}