
{"id":17476,"date":"2021-05-01T16:14:18","date_gmt":"2021-05-01T15:14:18","guid":{"rendered":"http:\/\/shop.movery.it\/ischia-legends\/"},"modified":"2024-07-25T11:16:02","modified_gmt":"2024-07-25T10:16:02","slug":"ischia-legends","status":"publish","type":"post","link":"https:\/\/movery.it\/fr\/ischia-legends\/","title":{"rendered":"Mythes et l\u00e9gendes de l'\u00eele d'Ischia"},"content":{"rendered":"<div id=\"ez-toc-container\" class=\"ez-toc-v2_0_68_1 ez-toc-wrap-left counter-hierarchy ez-toc-counter ez-toc-custom ez-toc-container-direction\">\n<div class=\"ez-toc-title-container\">\n<p class=\"ez-toc-title\" >Table des mati\u00e8res<\/p>\n<span class=\"ez-toc-title-toggle\"><\/span><\/div>\n<nav><ul class='ez-toc-list ez-toc-list-level-1' ><li class='ez-toc-page-1 ez-toc-heading-level-2'><a class=\"ez-toc-link ez-toc-heading-1\" href=\"https:\/\/movery.it\/fr\/ischia-legends\/#Tifeo_the_rebellious_giant\" title=\"Typhoeus, le g\u00e9ant rebelle\">Typhoeus, le g\u00e9ant rebelle<\/a><ul class='ez-toc-list-level-3' ><li class='ez-toc-heading-level-3'><a class=\"ez-toc-link ez-toc-heading-2\" href=\"https:\/\/movery.it\/fr\/ischia-legends\/#It_happened_Casamicciola_when_Ischia_really_trembled\" title=\"C&#039;est arriv\u00e9 \u00e0 Casamicciola, quand Ischia a vraiment trembl\u00e9.\">C'est arriv\u00e9 \u00e0 Casamicciola, quand Ischia a vraiment trembl\u00e9.<\/a><\/li><\/ul><\/li><li class='ez-toc-page-1 ez-toc-heading-level-2'><a class=\"ez-toc-link ez-toc-heading-3\" href=\"https:\/\/movery.it\/fr\/ischia-legends\/#Proposition_for_you\" title=\"Proposition pour vous\">Proposition pour vous<\/a><\/li><li class='ez-toc-page-1 ez-toc-heading-level-2'><a class=\"ez-toc-link ez-toc-heading-4\" href=\"https:\/\/movery.it\/fr\/ischia-legends\/#The_Cercopes_the_monkeys_of_the_island\" title=\"Les Cercopes, les singes de l&#039;\u00eele\">Les Cercopes, les singes de l'\u00eele<\/a><\/li><li class='ez-toc-page-1 ez-toc-heading-level-2'><a class=\"ez-toc-link ez-toc-heading-5\" href=\"https:\/\/movery.it\/fr\/ischia-legends\/#The_Magicians_Cave_and_the_mermaids\" title=\"La grotte du magicien et les sir\u00e8nes\">La grotte du magicien et les sir\u00e8nes<\/a><\/li><li class='ez-toc-page-1 ez-toc-heading-level-2'><a class=\"ez-toc-link ez-toc-heading-6\" href=\"https:\/\/movery.it\/fr\/ischia-legends\/#The_legend_of_the_Chiesa_del_Soccorso_crucifix\" title=\"La l\u00e9gende du crucifix de la Chiesa del Soccorso\">La l\u00e9gende du crucifix de la Chiesa del Soccorso<\/a><\/li><li class='ez-toc-page-1 ez-toc-heading-level-2'><a class=\"ez-toc-link ez-toc-heading-7\" href=\"https:\/\/movery.it\/fr\/ischia-legends\/#Sybils_Cave_in_Ischia\" title=\"La grotte de Sybil \u00e0 Ischia\">La grotte de Sybil \u00e0 Ischia<\/a><\/li><li class='ez-toc-page-1 ez-toc-heading-level-2'><a class=\"ez-toc-link ez-toc-heading-8\" href=\"https:\/\/movery.it\/fr\/ischia-legends\/#The_sacred_waters_of_Nitrodi\" title=\"Les eaux sacr\u00e9es de Nitrodi\">Les eaux sacr\u00e9es de Nitrodi<\/a><\/li><li class='ez-toc-page-1 ez-toc-heading-level-2'><a class=\"ez-toc-link ez-toc-heading-9\" href=\"https:\/\/movery.it\/fr\/ischia-legends\/#Ischia_the_Land_of_the_Feaci\" title=\"Ischia, la terre des Ph\u00e9aciens\">Ischia, la terre des Ph\u00e9aciens<\/a><\/li><li class='ez-toc-page-1 ez-toc-heading-level-2'><a class=\"ez-toc-link ez-toc-heading-10\" href=\"https:\/\/movery.it\/fr\/ischia-legends\/#The_demigod_that_gives_life_to_the_waters_of_Bagnitiello\" title=\"Le demi-dieu qui donne vie aux eaux du Bagnitiello\">Le demi-dieu qui donne vie aux eaux du Bagnitiello<\/a><\/li><\/ul><\/nav><\/div>\n\t\t<div data-elementor-type=\"wp-post\" data-elementor-id=\"17476\" class=\"elementor elementor-17476\">\n\t\t\t\t<div class=\"elementor-element elementor-element-4cae631a e-flex e-con-boxed e-con e-parent\" data-id=\"4cae631a\" data-element_type=\"container\">\n\t\t\t\t\t<div class=\"e-con-inner\">\n\t\t\t\t<div class=\"elementor-element elementor-element-4551d35b elementor-widget elementor-widget-text-editor\" data-id=\"4551d35b\" data-element_type=\"widget\" data-widget_type=\"text-editor.default\">\n\t\t\t\t<div class=\"elementor-widget-container\">\n\t\t\t\t\t\t\t<p>Vous aimez les l\u00e9gendes ? D\u00e9couvrez l'\u00eele fascinante de <strong>Ischia<\/strong>dans le golfe du <strong>Naples<\/strong>une localit\u00e9 pleine d'endroits \u00e0 d\u00e9couvrir, anim\u00e9e par des mythes et des histoires qui la rendent encore plus intrigante.<\/p><h2><span class=\"ez-toc-section\" id=\"Tifeo_the_rebellious_giant\"><\/span>Typhoeus, le g\u00e9ant rebelle<span class=\"ez-toc-section-end\"><\/span><\/h2><p>Caract\u00e9ris\u00e9e par des mouvements terrestres continus, des \u00e9ruptions volcaniques et habit\u00e9e par des populations sauvages, l'\u00eele de <strong>Ischia<\/strong> suscitait autrefois des sentiments d'\u00e9tonnement et \u00e9tait consid\u00e9r\u00e9e comme un lieu inhospitalier. On dit que les ph\u00e9nom\u00e8nes naturels de l'\u00eele sont le r\u00e9sultat de l'action punitive d'un \u00eatre surnaturel, le dieu <strong>Zeus<\/strong>, vers le g\u00e9ant <strong>Typhon<\/strong>.<\/p><p>Le g\u00e9ant a \u00e9t\u00e9 engendr\u00e9 par les dieux Tartare et Gaea pour \u00eatre l'adversaire de Zeus et revendiquer le tr\u00f4ne du second seigneur du monde, Cronos. Zeus, furieux, lui lan\u00e7a une montagne et parvint \u00e0 le vaincre, le condamnant \u00e0 reposer sous elle. Ainsi naquit l'\u00eele d'Ischia.<\/p><p>Le g\u00e9ant ne s'est pas d\u00e9courag\u00e9 et pour se d\u00e9barrasser du poids de l'\u00eele, il a transform\u00e9 son souffle en volcan et continue de temps \u00e0 autre \u00e0 la faire trembler.<\/p><h3><span class=\"ez-toc-section\" id=\"It_happened_Casamicciola_when_Ischia_really_trembled\"><\/span>C'est arriv\u00e9 \u00e0 Casamicciola, quand Ischia a vraiment trembl\u00e9.<span class=\"ez-toc-section-end\"><\/span><\/h3><p>\"\u00c8 successo Casamicciola\", en anglais \"It happened Casamicciola\" ou encore \"Faccio succedere Casamicciola\", \"Je fais en sorte que Casamicciola se produise\", sont des expressions qui font partie de la langue italienne, en particulier napolitaine, depuis longtemps. Le terme <strong>Casamicciola<\/strong> est utilis\u00e9 comme synonyme de tremblement de terre, d\u00e9sordre, catastrophe, car ici la catastrophe s'est r\u00e9ellement produite.<\/p><p>L'\u00eele d'<strong>Ischia<\/strong> n'est pas vraiment une \u00eele mais, comme le dit la l\u00e9gende du g\u00e9ant Tifeo, c'est la partie sup\u00e9rieure d'un volcan, d'une hauteur d'environ 900 m depuis le fond de la mer et d'une largeur de pr\u00e8s de 50 km. Constitu\u00e9e principalement de roches volcaniques, de d\u00e9p\u00f4ts de glissements de terrain et de roches s\u00e9dimentaires, elle a connu plusieurs p\u00e9riodes d'activit\u00e9 avec de grandes \u00e9ruptions explosives.<\/p><p>Au cours de l'\u00e9t\u00e9 1883, un violent tremblement de terre a ras\u00e9 la petite ville de <strong>Casamicciola<\/strong> avec la quasi-totalit\u00e9 de ses maisons et a endommag\u00e9 les maisons voisines. <strong>Lacco Ameno<\/strong>, <strong>Forio<\/strong>, <strong>Barano<\/strong> et <strong>Serrara Fontana<\/strong>qui a fait 2313 victimes, la plupart \u00e0 Casamicciola, y compris les parents du philosophe <strong>Benedetto Croce<\/strong>Le jeune homme, alors \u00e2g\u00e9 de dix-sept ans, en est heureusement sorti vivant. Aujourd'hui, l'activit\u00e9 sismique, surveill\u00e9e en permanence, est tr\u00e8s modeste.<\/p><p>La nature est merveilleuse, mais elle peut aussi \u00eatre puissante et effrayante, capable, par sa force imparable, d'emporter en un instant ce qui nous entoure.<\/p>\t\t\t\t\t\t<\/div>\n\t\t\t\t<\/div>\n\t\t\t\t\t<\/div>\n\t\t\t\t<\/div>\n\t\t<div class=\"elementor-element elementor-element-3847f5c e-flex e-con-boxed e-con e-parent\" data-id=\"3847f5c\" data-element_type=\"container\">\n\t\t\t\t\t<div class=\"e-con-inner\">\n\t\t\t\t<div class=\"elementor-element elementor-element-bf950df elementor-widget elementor-widget-shortcode\" data-id=\"bf950df\" data-element_type=\"widget\" data-widget_type=\"shortcode.default\">\n\t\t\t\t<div class=\"elementor-widget-container\">\n\t\t\t    \n    <div class=\"st-relate st-hotel-room-content\">\n        <div class=\"relate-rooms\">\n            <div class=\"st-hr\"><\/div>\n            <h2 class=\"st-heading-section\"><span class=\"ez-toc-section\" id=\"Proposition_for_you\"><\/span>Proposition pour vous<span class=\"ez-toc-section-end\"><\/span><\/h2>\n            <div class=\"inner service-list-wrapper service-tour\">\n                <div class=\"owl-carousel st-owl-slider\" data-loop=\"false\" data-center=\"true\" data-margin=\"24\" data-responsive=\"{&quot;992&quot;:{&quot;items&quot;:4},&quot;768&quot;:{&quot;items&quot;:2},&quot;0&quot;:{&quot;items&quot;:1}}\"><div class=\"item-slide\"><div class=\"services-item grid item-elementor mb-3\" itemscope itemtype=\"https:\/\/schema.org\/Trip\">\n    <div class=\"item service-border st-border-radius\">\n    <div class=\"header-services-item\" style=\"height: 50px; backround:black\">\n\n<div class=\"title\" >\n    Visites guid\u00e9es<\/div>\n<div class=\"icon\">\n\n        <a href=\"#\" class=\"login\" data-bs-toggle=\"modal\" data-bs-target=\"#st-login-form\">\n        \n            <div class=\"service-add-wishlist\" title=\"Ajouter \u00e0 la liste de souhaits\">\n            <img decoding=\"async\"  src=\"https:\/\/movery.it\/assets\/icons\/ico-favgreen.svg\" height=\"15\" width=\"15\" class=\"movery-home-main-items-child-pic-share ignore-mouse-events\" alt=\"Partager\" \/>\n\n\n                <div class=\"lds-dual-ring\"><\/div>\n            <\/div>\n        <\/a>\n        <a href=\"https:\/\/movery.it\/fr\/campania\/ischia\/visita-guidata-ai-giardini-la-mortella-di-ischia\/\">\n    <img decoding=\"async\"  src=\"https:\/\/movery.it\/assets\/icons\/card-shopping-cart.svg\" height=\"15\" width=\"15\" class=\"movery-home-main-items-child-pic-share ignore-mouse-events\" alt=\"Partager\" \/>\n\n    <\/a>\n    <a href=\"https:\/\/movery.it\/fr\/campania\/ischia\/visita-guidata-ai-giardini-la-mortella-di-ischia\/\">\n    <img decoding=\"async\"  src=\"https:\/\/static.movery.it\/assets\/img\/icons\/ico-sharegreen.svg\" height=\"15\" width=\"15\" class=\"movery-home-main-items-child-pic-share ignore-mouse-events\" alt=\"Partager\" \/>\n    <\/a>\n    \n<\/div>\n\n<\/div>\n        <div class=\"featured-image\">\n            <div class=\"st-tag-feature-sale\">\n                \n                                                            <\/div>\n\n            <a href=\"https:\/\/movery.it\/fr\/campania\/ischia\/visita-guidata-ai-giardini-la-mortella-di-ischia\/\">\n                <img decoding=\"async\" class=\"feature_tour_img\" itemprop=\"photo\" src=\"https:\/\/movery.it\/wp-content\/uploads\/2024\/07\/mortella_giardini_esperienza-450x300.jpg\"\n                     alt=\"Visite guid\u00e9e des jardins de La Mortella \u00e0 Ischia\" \/>\n            <\/a>\n                    <\/div>\n        <div class=\"content-item\">\n        <a href=\"https:\/\/movery.it\/fr\/campania\/ischia\/visita-guidata-ai-giardini-la-mortella-di-ischia\/\"  class=\"title-a\" style=\"height: 3rem;overflow: hidden;\">\n        <p class=\"title\" itemprop=\"name\">\n               Visite guid\u00e9e des jardins de La Mortella \u00e0 Ischia        <\/p>\n                <\/a>   \n        \n                            <div class=\"sub-title st-address d-flex\" itemprop=\"location\" itemscope itemtype=\"https:\/\/schema.org\/Place\">\n                    <span class=\"address\" itemprop=\"address\" itemscope itemtype=\"https:\/\/schema.org\/PostalAddress\">\n                        <span itemprop=\"streetAddress\"> <i class=\"stt-icon-location1\"><\/i> Jardins de La Mortella<\/span>\n                    <\/span>\n\t\t\t\t\t                            <span class=\"duration\">\n\t\t\t\t\t\t\t\t<i class=\"input-icon st-border-radius field-icon fa\"><svg height=\"11px\" width=\"11px\" version=\"1.1\" id=\"Layer_1\" xmlns=\"http:\/\/www.w3.org\/2000\/svg\" xmlns:xlink=\"http:\/\/www.w3.org\/1999\/xlink\" x=\"0px\" y=\"0px\"\r\n     viewbox=\"0 0 24 24\" style=\"enable-background:new 0 0 24 24;\" xml:space=\"preserve\">\r\n\r\n<g fill=\"#013451\">\r\n    <path d=\"M12,23.25C5.797,23.25,0.75,18.203,0.75,12C0.75,5.797,5.797,0.75,12,0.75c6.203,0,11.25,5.047,11.25,11.25        C23.25,18.203,18.203,23.25,12,23.25z M12,2.25c-5.376,0-9.75,4.374-9.75,9.75s4.374,9.75,9.75,9.75s9.75-4.374,9.75-9.75        S17.376,2.25,12,2.25z\"\/>\r\n    <path d=\"M15.75,16.5c-0.2,0-0.389-0.078-0.53-0.22l-2.25-2.25c-0.302,0.145-0.632,0.22-0.969,0.22c-1.241,0-2.25-1.009-2.25-2.25        c0-0.96,0.615-1.808,1.5-2.121V5.25c0-0.414,0.336-0.75,0.75-0.75s0.75,0.336,0.75,0.75v4.629c0.885,0.314,1.5,1.162,1.5,2.121        c0,0.338-0.075,0.668-0.22,0.969l2.25,2.25c0.292,0.292,0.292,0.768,0,1.061C16.139,16.422,15.95,16.5,15.75,16.5z M12,11.25        c-0.414,0-0.75,0.336-0.75,0.75s0.336,0.75,0.75,0.75s0.75-0.336,0.75-0.75S12.414,11.25,12,11.25z\"\/>\r\n<\/g>\r\n<\/svg><\/i>\t\t\t\t\t\t\t\t2h  \n                        <\/span>\n                                        <\/div>\n            \n            <div class=\"excerpt\" style=\"height: 3rem;\">\n            Au c\u0153ur d'Ischia, vous pourrez profiter d'une visite guid\u00e9e \u00e9vocatrice des jardins de La Mortella pour...            <\/div>\n\n\n            <div class=\"reviews\" itemprop=\"starRating\" itemscope itemtype=\"https:\/\/schema.org\/Rating\"  style=\"display: block;padding-left: 15px;margin-top: 15px; height: 48px;\">\n                <i class=\"stt-icon-star1\"><\/i>\n                <span class=\"rate\" itemprop=\"ratingValue\" style=\"color: #0f3f5b;\">\n\t\t\t\t\t\t0 <span>\/<\/span> 5\n\t\t\t\t\t<\/span>\n\t\t\t\t\t<span class=\"rate-text\" style=\"color: #0f3f5b;\">\n\t\t\t\t\t\tNon class\u00e9\t\t\t\t\t<\/span>\n                <span class=\"summary\">\n                    (0 commentaires)\n                <\/span>\n            <\/div>\n            <div class=\"event-date d-none\" itemprop=\"startDate\" content=\"2026-04-25 09:10:43\">2026-04-25 09:10:43<\/div>\n            \n                     <div class=\"section-footer\">\n                                <div class=\"section_footer_content\" itemprop=\"priceRange\">\n                    <span class=\"price-tour\">\n                        <span class=\"price\">&nbsp;&nbsp;&nbsp;&nbsp;<span class=\"sale-top\">De  <span class=\"text-lg lh1em item\"> \u20ac50.00<\/span><\/span><br>&nbsp;&nbsp;&nbsp;&nbsp;une personne<\/span>\n                    <\/span>\n                    \n                                                <span class=\"unit\">\n\t\t\t\t\t\t        <a href=\"https:\/\/movery.it\/fr\/campania\/ischia\/visita-guidata-ai-giardini-la-mortella-di-ischia\/\" class=\"add_tour\">\n\t\t\t\t\t\t\t        Livre \n\t\t\t\t\t\t        <\/a>\n                            <\/span>\n                                        <\/div>\n            <\/div>\n        <\/div>\n    <\/div>\n<\/div><\/div><div class=\"item-slide\"><div class=\"services-item grid item-elementor mb-3\" itemscope itemtype=\"https:\/\/schema.org\/Trip\">\n    <div class=\"item service-border st-border-radius\">\n    <div class=\"header-services-item\" style=\"height: 50px; backround:black\">\n\n<div class=\"title\" >\n    Excursions en bateau<\/div>\n<div class=\"icon\">\n\n        <a href=\"#\" class=\"login\" data-bs-toggle=\"modal\" data-bs-target=\"#st-login-form\">\n        \n            <div class=\"service-add-wishlist\" title=\"Ajouter \u00e0 la liste de souhaits\">\n            <img decoding=\"async\"  src=\"https:\/\/movery.it\/assets\/icons\/ico-favgreen.svg\" height=\"15\" width=\"15\" class=\"movery-home-main-items-child-pic-share ignore-mouse-events\" alt=\"Partager\" \/>\n\n\n                <div class=\"lds-dual-ring\"><\/div>\n            <\/div>\n        <\/a>\n        <a href=\"https:\/\/movery.it\/fr\/campania\/ischia\/tour-taxi-a-procida-giro-isola-via-mare-con-partenza-da-ischia\/\">\n    <img decoding=\"async\"  src=\"https:\/\/movery.it\/assets\/icons\/card-shopping-cart.svg\" height=\"15\" width=\"15\" class=\"movery-home-main-items-child-pic-share ignore-mouse-events\" alt=\"Partager\" \/>\n\n    <\/a>\n    <a href=\"https:\/\/movery.it\/fr\/campania\/ischia\/tour-taxi-a-procida-giro-isola-via-mare-con-partenza-da-ischia\/\">\n    <img decoding=\"async\"  src=\"https:\/\/static.movery.it\/assets\/img\/icons\/ico-sharegreen.svg\" height=\"15\" width=\"15\" class=\"movery-home-main-items-child-pic-share ignore-mouse-events\" alt=\"Partager\" \/>\n    <\/a>\n    \n<\/div>\n\n<\/div>\n        <div class=\"featured-image\">\n            <div class=\"st-tag-feature-sale\">\n                \n                                                            <\/div>\n\n            <a href=\"https:\/\/movery.it\/fr\/campania\/ischia\/tour-taxi-a-procida-giro-isola-via-mare-con-partenza-da-ischia\/\">\n                <img decoding=\"async\" class=\"feature_tour_img\" itemprop=\"photo\" src=\"https:\/\/movery.it\/wp-content\/uploads\/2024\/03\/Taxi_procida_-sunsea-450x300.jpg\"\n                     alt=\"Tour d&#039;Ischia \u00e0 Procida avec billet inclus : option taxi et guide pour le tour complet\" \/>\n            <\/a>\n                    <\/div>\n        <div class=\"content-item\">\n        <a href=\"https:\/\/movery.it\/fr\/campania\/ischia\/tour-taxi-a-procida-giro-isola-via-mare-con-partenza-da-ischia\/\"  class=\"title-a\" style=\"height: 3rem;overflow: hidden;\">\n        <p class=\"title\" itemprop=\"name\">\n               Tour d'Ischia \u00e0 Procida avec billet inclus : option taxi et guide pour le tour complet        <\/p>\n                <\/a>   \n        \n                            <div class=\"sub-title st-address d-flex\" itemprop=\"location\" itemscope itemtype=\"https:\/\/schema.org\/Place\">\n                    <span class=\"address\" itemprop=\"address\" itemscope itemtype=\"https:\/\/schema.org\/PostalAddress\">\n                        <span itemprop=\"streetAddress\"> <i class=\"stt-icon-location1\"><\/i> Porto di Forio, Forio, ville m\u00e9tropolitaine de Naples, Italie<\/span>\n                    <\/span>\n\t\t\t\t\t                            <span class=\"duration\">\n\t\t\t\t\t\t\t\t<i class=\"input-icon st-border-radius field-icon fa\"><svg height=\"11px\" width=\"11px\" version=\"1.1\" id=\"Layer_1\" xmlns=\"http:\/\/www.w3.org\/2000\/svg\" xmlns:xlink=\"http:\/\/www.w3.org\/1999\/xlink\" x=\"0px\" y=\"0px\"\r\n     viewbox=\"0 0 24 24\" style=\"enable-background:new 0 0 24 24;\" xml:space=\"preserve\">\r\n\r\n<g fill=\"#013451\">\r\n    <path d=\"M12,23.25C5.797,23.25,0.75,18.203,0.75,12C0.75,5.797,5.797,0.75,12,0.75c6.203,0,11.25,5.047,11.25,11.25        C23.25,18.203,18.203,23.25,12,23.25z M12,2.25c-5.376,0-9.75,4.374-9.75,9.75s4.374,9.75,9.75,9.75s9.75-4.374,9.75-9.75        S17.376,2.25,12,2.25z\"\/>\r\n    <path d=\"M15.75,16.5c-0.2,0-0.389-0.078-0.53-0.22l-2.25-2.25c-0.302,0.145-0.632,0.22-0.969,0.22c-1.241,0-2.25-1.009-2.25-2.25        c0-0.96,0.615-1.808,1.5-2.121V5.25c0-0.414,0.336-0.75,0.75-0.75s0.75,0.336,0.75,0.75v4.629c0.885,0.314,1.5,1.162,1.5,2.121        c0,0.338-0.075,0.668-0.22,0.969l2.25,2.25c0.292,0.292,0.292,0.768,0,1.061C16.139,16.422,15.95,16.5,15.75,16.5z M12,11.25        c-0.414,0-0.75,0.336-0.75,0.75s0.336,0.75,0.75,0.75s0.75-0.336,0.75-0.75S12.414,11.25,12,11.25z\"\/>\r\n<\/g>\r\n<\/svg><\/i>\t\t\t\t\t\t\t\t4h  \n                        <\/span>\n                                        <\/div>\n            \n            <div class=\"excerpt\" style=\"height: 3rem;\">\n            Pour profiter d'un petit paradis sur terre, vous pouvez choisir cette visite guid\u00e9e en taxi \u00e0 travers...            <\/div>\n\n\n            <div class=\"reviews\" itemprop=\"starRating\" itemscope itemtype=\"https:\/\/schema.org\/Rating\"  style=\"display: block;padding-left: 15px;margin-top: 15px; height: 48px;\">\n                <i class=\"stt-icon-star1\"><\/i>\n                <span class=\"rate\" itemprop=\"ratingValue\" style=\"color: #0f3f5b;\">\n\t\t\t\t\t\t4.5 <span>\/<\/span> 5\n\t\t\t\t\t<\/span>\n\t\t\t\t\t<span class=\"rate-text\" style=\"color: #0f3f5b;\">\n\t\t\t\t\t\tExcellent\t\t\t\t\t<\/span>\n                <span class=\"summary\">\n                    (4 commentaires)\n                <\/span>\n            <\/div>\n            <div class=\"event-date d-none\" itemprop=\"startDate\" content=\"2026-04-25 09:10:43\">2026-04-25 09:10:43<\/div>\n            \n                     <div class=\"section-footer\">\n                                <div class=\"section_footer_content\" itemprop=\"priceRange\">\n                    <span class=\"price-tour\">\n                        <span class=\"price\">&nbsp;&nbsp;&nbsp;&nbsp;<span class=\"sale-top\">De  <span class=\"text-lg lh1em item\"> \u20ac54.00<\/span><\/span><br>&nbsp;&nbsp;&nbsp;&nbsp;une personne<\/span>\n                    <\/span>\n                    \n                                                <span class=\"unit\">\n\t\t\t\t\t\t        <a href=\"https:\/\/movery.it\/fr\/campania\/ischia\/tour-taxi-a-procida-giro-isola-via-mare-con-partenza-da-ischia\/\" class=\"add_tour\">\n\t\t\t\t\t\t\t        Livre \n\t\t\t\t\t\t        <\/a>\n                            <\/span>\n                                        <\/div>\n            <\/div>\n        <\/div>\n    <\/div>\n<\/div><\/div><div class=\"item-slide\"><div class=\"services-item grid item-elementor mb-3\" itemscope itemtype=\"https:\/\/schema.org\/Trip\">\n    <div class=\"item service-border st-border-radius\">\n    <div class=\"header-services-item\" style=\"height: 50px; backround:black\">\n\n<div class=\"title\" >\n    Excursions en bateau<\/div>\n<div class=\"icon\">\n\n        <a href=\"#\" class=\"login\" data-bs-toggle=\"modal\" data-bs-target=\"#st-login-form\">\n        \n            <div class=\"service-add-wishlist\" title=\"Ajouter \u00e0 la liste de souhaits\">\n            <img decoding=\"async\"  src=\"https:\/\/movery.it\/assets\/icons\/ico-favgreen.svg\" height=\"15\" width=\"15\" class=\"movery-home-main-items-child-pic-share ignore-mouse-events\" alt=\"Partager\" \/>\n\n\n                <div class=\"lds-dual-ring\"><\/div>\n            <\/div>\n        <\/a>\n        <a href=\"https:\/\/movery.it\/fr\/campania\/ischia\/a-procida-con-degustazione-di-caffe-e-lingua-di-bue-con-partenza-da-ischia\/\">\n    <img decoding=\"async\"  src=\"https:\/\/movery.it\/assets\/icons\/card-shopping-cart.svg\" height=\"15\" width=\"15\" class=\"movery-home-main-items-child-pic-share ignore-mouse-events\" alt=\"Partager\" \/>\n\n    <\/a>\n    <a href=\"https:\/\/movery.it\/fr\/campania\/ischia\/a-procida-con-degustazione-di-caffe-e-lingua-di-bue-con-partenza-da-ischia\/\">\n    <img decoding=\"async\"  src=\"https:\/\/static.movery.it\/assets\/img\/icons\/ico-sharegreen.svg\" height=\"15\" width=\"15\" class=\"movery-home-main-items-child-pic-share ignore-mouse-events\" alt=\"Partager\" \/>\n    <\/a>\n    \n<\/div>\n\n<\/div>\n        <div class=\"featured-image\">\n            <div class=\"st-tag-feature-sale\">\n                \n                                                            <\/div>\n\n            <a href=\"https:\/\/movery.it\/fr\/campania\/ischia\/a-procida-con-degustazione-di-caffe-e-lingua-di-bue-con-partenza-da-ischia\/\">\n                <img decoding=\"async\" class=\"feature_tour_img\" itemprop=\"photo\" src=\"https:\/\/movery.it\/wp-content\/uploads\/2024\/03\/colazione_procida_sunsea-450x300.jpeg\"\n                     alt=\"Visite de Procida avec d\u00e9gustation de caf\u00e9 et de langue de b\u0153uf au d\u00e9part d&#039;Ischia\" \/>\n            <\/a>\n                    <\/div>\n        <div class=\"content-item\">\n        <a href=\"https:\/\/movery.it\/fr\/campania\/ischia\/a-procida-con-degustazione-di-caffe-e-lingua-di-bue-con-partenza-da-ischia\/\"  class=\"title-a\" style=\"height: 3rem;overflow: hidden;\">\n        <p class=\"title\" itemprop=\"name\">\n               Visite de Procida avec d\u00e9gustation de caf\u00e9 et de langue de b\u0153uf au d\u00e9part d'Ischia        <\/p>\n                <\/a>   \n        \n                            <div class=\"sub-title st-address d-flex\" itemprop=\"location\" itemscope itemtype=\"https:\/\/schema.org\/Place\">\n                    <span class=\"address\" itemprop=\"address\" itemscope itemtype=\"https:\/\/schema.org\/PostalAddress\">\n                        <span itemprop=\"streetAddress\"> <i class=\"stt-icon-location1\"><\/i> Casamicciola Terme<\/span>\n                    <\/span>\n\t\t\t\t\t                            <span class=\"duration\">\n\t\t\t\t\t\t\t\t<i class=\"input-icon st-border-radius field-icon fa\"><svg height=\"11px\" width=\"11px\" version=\"1.1\" id=\"Layer_1\" xmlns=\"http:\/\/www.w3.org\/2000\/svg\" xmlns:xlink=\"http:\/\/www.w3.org\/1999\/xlink\" x=\"0px\" y=\"0px\"\r\n     viewbox=\"0 0 24 24\" style=\"enable-background:new 0 0 24 24;\" xml:space=\"preserve\">\r\n\r\n<g fill=\"#013451\">\r\n    <path d=\"M12,23.25C5.797,23.25,0.75,18.203,0.75,12C0.75,5.797,5.797,0.75,12,0.75c6.203,0,11.25,5.047,11.25,11.25        C23.25,18.203,18.203,23.25,12,23.25z M12,2.25c-5.376,0-9.75,4.374-9.75,9.75s4.374,9.75,9.75,9.75s9.75-4.374,9.75-9.75        S17.376,2.25,12,2.25z\"\/>\r\n    <path d=\"M15.75,16.5c-0.2,0-0.389-0.078-0.53-0.22l-2.25-2.25c-0.302,0.145-0.632,0.22-0.969,0.22c-1.241,0-2.25-1.009-2.25-2.25        c0-0.96,0.615-1.808,1.5-2.121V5.25c0-0.414,0.336-0.75,0.75-0.75s0.75,0.336,0.75,0.75v4.629c0.885,0.314,1.5,1.162,1.5,2.121        c0,0.338-0.075,0.668-0.22,0.969l2.25,2.25c0.292,0.292,0.292,0.768,0,1.061C16.139,16.422,15.95,16.5,15.75,16.5z M12,11.25        c-0.414,0-0.75,0.336-0.75,0.75s0.336,0.75,0.75,0.75s0.75-0.336,0.75-0.75S12.414,11.25,12,11.25z\"\/>\r\n<\/g>\r\n<\/svg><\/i>\t\t\t\t\t\t\t\t3h  \n                        <\/span>\n                                        <\/div>\n            \n            <div class=\"excerpt\" style=\"height: 3rem;\">\n            Pour visiter Procida, comptez sur cette visite gratuite qui vous permettra d'admirer les...            <\/div>\n\n\n            <div class=\"reviews\" itemprop=\"starRating\" itemscope itemtype=\"https:\/\/schema.org\/Rating\"  style=\"display: block;padding-left: 15px;margin-top: 15px; height: 48px;\">\n                <i class=\"stt-icon-star1\"><\/i>\n                <span class=\"rate\" itemprop=\"ratingValue\" style=\"color: #0f3f5b;\">\n\t\t\t\t\t\t4.4 <span>\/<\/span> 5\n\t\t\t\t\t<\/span>\n\t\t\t\t\t<span class=\"rate-text\" style=\"color: #0f3f5b;\">\n\t\t\t\t\t\tExcellent\t\t\t\t\t<\/span>\n                <span class=\"summary\">\n                    (5 commentaires)\n                <\/span>\n            <\/div>\n            <div class=\"event-date d-none\" itemprop=\"startDate\" content=\"2026-04-25 09:10:43\">2026-04-25 09:10:43<\/div>\n            \n                     <div class=\"section-footer\">\n                                <div class=\"section_footer_content\" itemprop=\"priceRange\">\n                    <span class=\"price-tour\">\n                        <span class=\"price\">&nbsp;&nbsp;&nbsp;&nbsp;<span class=\"sale-top\">De  <span class=\"text-lg lh1em item\"> \u20ac10.00<\/span><\/span><br>&nbsp;&nbsp;&nbsp;&nbsp;une personne<\/span>\n                    <\/span>\n                    \n                                                <span class=\"unit\">\n\t\t\t\t\t\t        <a href=\"https:\/\/movery.it\/fr\/campania\/ischia\/a-procida-con-degustazione-di-caffe-e-lingua-di-bue-con-partenza-da-ischia\/\" class=\"add_tour\">\n\t\t\t\t\t\t\t        Livre \n\t\t\t\t\t\t        <\/a>\n                            <\/span>\n                                        <\/div>\n            <\/div>\n        <\/div>\n    <\/div>\n<\/div><\/div><\/div>            <\/div>\n        <\/div>\n    <\/div>\n    \n    \t\t<div class=\"elementor-shortcode\">\n\n\n\n\n\n<\/div>\n\t\t\t\t<\/div>\n\t\t\t\t<\/div>\n\t\t\t\t\t<\/div>\n\t\t\t\t<\/div>\n\t\t<div class=\"elementor-element elementor-element-fc9e845 e-flex e-con-boxed e-con e-parent\" data-id=\"fc9e845\" data-element_type=\"container\">\n\t\t\t\t\t<div class=\"e-con-inner\">\n\t\t\t\t<div class=\"elementor-element elementor-element-a606037 elementor-widget elementor-widget-text-editor\" data-id=\"a606037\" data-element_type=\"widget\" data-widget_type=\"text-editor.default\">\n\t\t\t\t<div class=\"elementor-widget-container\">\n\t\t\t\t\t\t\t<h2><span class=\"ez-toc-section\" id=\"The_Cercopes_the_monkeys_of_the_island\"><\/span>Les Cercopes, les singes de l'\u00eele<span class=\"ez-toc-section-end\"><\/span><\/h2><p>Une autre l\u00e9gende raconte que l'\u00eele \u00e9tait infest\u00e9e par les Cercopes. Les Cercopes \u00e9taient de m\u00e9chants voleurs qui pillaient tous ceux qui d\u00e9barquaient sur l'\u00eele. La col\u00e8re des <strong>Zeus<\/strong> est \u00e9galement venu ici et a envoy\u00e9 ses marins lib\u00e9rer l'\u00eele, en massacrant les Cercopes et en les transformant en singes.<\/p><p>Depuis lors, tous ceux qui d\u00e9barqu\u00e8rent sur l'\u00eele entendirent des cris de singes et, croyant qu'elle \u00e9tait habit\u00e9e par Piteco, un singe pr\u00e9historique, ils l'appel\u00e8rent <strong>Pith\u00e9cusa<\/strong>.<\/p><h2><span class=\"ez-toc-section\" id=\"The_Magicians_Cave_and_the_mermaids\"><\/span>La grotte du magicien et les sir\u00e8nes<span class=\"ez-toc-section-end\"><\/span><\/h2><p>Au sud-est de l'\u00eele, parmi les hautes parois rocheuses, se trouve une petite grotte, refuge pr\u00e9cieux lors des temp\u00eates c\u00f4ti\u00e8res. Les p\u00eacheurs s'arr\u00eataient souvent dans la grotte et racontaient l'apparition d'un vieil homme \u00e0 l'air bon enfant, \u00e0 la barbe blanche et aux cheveux flottants, assis sur le rocher. On attribuait \u00e0 ce myst\u00e9rieux esprit le pouvoir de rendre la mer incroyablement riche en poissons mais aussi d'aider les p\u00eacheurs, c'est pourquoi on l'appelait le <strong>Magicien<\/strong>.<\/p><p>Dans la grotte se trouvaient aussi de jeunes et belles filles aux voix myst\u00e9rieuses qui \u00e9gayaient l'attente des hommes, peut-\u00eatre les myst\u00e9rieuses sir\u00e8nes.<\/p><h2><span class=\"ez-toc-section\" id=\"The_legend_of_the_Chiesa_del_Soccorso_crucifix\"><\/span>La l\u00e9gende du crucifix de la Chiesa del Soccorso<span class=\"ez-toc-section-end\"><\/span><\/h2><p>La l\u00e9gende raconte qu'une sculpture en bois, le crucifix, a \u00e9t\u00e9 trouv\u00e9e en mer par un groupe de marins qui se rendaient \u00e0 l'a\u00e9roport. <strong>Sardaigne<\/strong>Les deux hommes se sont retrouv\u00e9s \u00e0 Ischia \u00e0 la suite d'une temp\u00eate. Arriv\u00e9s sur l'\u00eele, ils d\u00e9cident d'attacher le crucifix dans l'\u00e9glise. <strong>\u00c9glise de secours<\/strong>puis un couvent, de retourner le chercher alors qu'ils auraient pu repartir. Curieusement, les marins ne pouvaient plus sortir le crucifix car \u00e0 chaque fois qu'ils essayaient, l'entr\u00e9e du couvent disparaissait sous leurs yeux. <strong>Ischia<\/strong>. Les pratiques de d\u00e9votion au crucifix \"venu de la mer\" commenc\u00e8rent imm\u00e9diatement.<\/p><p>De nombreux r\u00e9cits religieux identifient les rivages, les rochers, les promontoires, comme des lieux de rencontre entre les vivants et les morts.<\/p><p>Dans les croyances de l'\u00eele, les plages, la nuit pr\u00e9c\u00e9dant la f\u00eate de la Saint Jean, sont travers\u00e9es par le <strong>janare<\/strong>Il s'agit de sorci\u00e8res capables de g\u00e2cher la vie avec des rites magiques, des sortil\u00e8ges et le mauvais \u0153il, dont vous pouvez vous d\u00e9fendre avec des poign\u00e9es de sable. On raconte qu'un homme recouvrit son \u00e2ne sur la plage de Maronti \u00e0 Barano, esp\u00e9rant le gu\u00e9rir des douleurs qui l'affligeaient mais lorsqu'il alla le lib\u00e9rer, du pauvre animal il ne resta que la t\u00eate, avec un museau au sourire moqueur. L'histoire raconte que le corps a \u00e9t\u00e9 aval\u00e9 par les puissantes forces sous-marines, celles-l\u00e0 m\u00eames qui ont ramen\u00e9 le <strong>Crucifix<\/strong>.<\/p><h2><span class=\"ez-toc-section\" id=\"Sybils_Cave_in_Ischia\"><\/span>La grotte de Sybil \u00e0 Ischia<span class=\"ez-toc-section-end\"><\/span><\/h2><p>Une autre l\u00e9gende indique que les grottes d'Ischia \u00e9taient la demeure de la Sibylle qui, en \u00e9t\u00e9, se rendait \u00e0 Ischia, attir\u00e9e par les eaux aux propri\u00e9t\u00e9s merveilleuses. Pers\u00e9cut\u00e9e par le tyran Aristod\u00e8me, elle se serait r\u00e9fugi\u00e9e au Castiglione, comme de nombreuses familles qui s'\u00e9taient rebell\u00e9es contre le ma\u00eetre de Cuma et ses m\u00e9thodes de gouvernement barbares. Ce n'est qu'apr\u00e8s la mort du tyran que la Sibylle retrouva sa libert\u00e9. La tradition raconte que dans la grotte pr\u00e8s de Castiglione, la Sibylle aurait annonc\u00e9 la venue du Christ R\u00e9dempteur.<\/p><h2><span class=\"ez-toc-section\" id=\"The_sacred_waters_of_Nitrodi\"><\/span>Les eaux sacr\u00e9es de Nitrodi<span class=\"ez-toc-section-end\"><\/span><\/h2><p>On dit que les femmes de <strong>Ischia<\/strong> sont belles mais celles de <strong>Barano<\/strong> encore plus et qu'ils doivent leur beaut\u00e9 aux eaux de la mer. <strong>Nitrodi<\/strong>. Ces eaux proviennent du ch\u00e2timent d'une nymphe dont la peau, les cheveux et les beaux membres ont \u00e9t\u00e9 dissous comme de l'eau, l'eau de Nitrodi.<\/p><p>Pendant la peste, la sibylle entendit de l'oracle une proph\u00e9tie : \"Le salut que vous cherchez ne viendra que de la nymphe\" et en profita pour se pr\u00e9senter comme le sauveur, mais seulement apr\u00e8s avoir re\u00e7u des cadeaux votifs sur les autels qui lui \u00e9taient consacr\u00e9s. La nymphe vola du nitre et du soufre pour les m\u00e9langer aux eaux saines afin d'accomplir son m\u00e9fait, mais elle fut d\u00e9couverte et perdit connaissance. Son corps devint une pierre et, en punition du vol, fut transform\u00e9 en source, appel\u00e9e depuis lors <strong>Nitrodi<\/strong> de l'eau, de l'odeur du nitre qu'elle avait vol\u00e9.<\/p><h2><span class=\"ez-toc-section\" id=\"Ischia_the_Land_of_the_Feaci\"><\/span>Ischia, la terre des Ph\u00e9aciens<span class=\"ez-toc-section-end\"><\/span><\/h2><p>On dit qu'Ischia n'est autre que la l\u00e9gendaire terre de Feaci. <strong>Ulysse<\/strong>Arriv\u00e9 ici \u00e9puis\u00e9, il se plongea dans les eaux chaudes du Gurgitiello pour reprendre des forces et rencontra la belle Nausicaa.<\/p><p>Les Ph\u00e9aciens \u00e9taient un peuple de navigateurs de la mythologie grecque. Dans le <strong>Odyss\u00e9e<\/strong>une \u0153uvre c\u00e9l\u00e8bre, <strong>Hom\u00e8re<\/strong> raconte comment ils ont accueilli Ulysse et lui ont donn\u00e9 le bateau pour qu'il retourne dans sa patrie, sachant qu'ils ont d\u00e9clench\u00e9 la col\u00e8re d'Ulysse. <strong>Pos\u00e9idon<\/strong>le dieu de la mer.<\/p><h2><span class=\"ez-toc-section\" id=\"The_demigod_that_gives_life_to_the_waters_of_Bagnitiello\"><\/span>Le demi-dieu qui donne vie aux eaux du Bagnitiello<span class=\"ez-toc-section-end\"><\/span><\/h2><p>Acmeno, demi-dieu n\u00e9 de la nymphe Euplea, vivait sous forme humaine sur l'\u00eele d'Ischia. Un jour, sautant d'une rive \u00e0 l'autre d'un ruisseau, il tomba au milieu des eaux. Personne n'entendit ses appels au secours, et ses pri\u00e8res aux dieux furent \u00e9galement vaines. <strong>Zeus<\/strong>Cependant, pouss\u00e9 par la mis\u00e9ricorde, il ne l'abandonna pas et lui dit \"tu vas couler avec des eaux saines qui soulageront les maladies et la joie\", ainsi les membres du jeune se dissolvaient et continuaient \u00e0 vivre dans les eaux de l'\u00eele d'Ischia, dans les eaux de l'\u00eele d'Aragon, dans les eaux de l'\u00eele d'Aragon, dans les eaux de l'\u00eele d'Aragon. <strong>Bagnitiello<\/strong>.<\/p><p>Qu'attendez-vous pour visiter l'\u00eele d'Ischia et revivre ces l\u00e9gendes fascinantes ?<\/p>\t\t\t\t\t\t<\/div>\n\t\t\t\t<\/div>\n\t\t\t\t\t<\/div>\n\t\t\t\t<\/div>\n\t\t\t\t<\/div>","protected":false},"excerpt":{"rendered":"<p>D\u00e9couvrez avec nous la merveilleuse \u00eele d'Ischia et ses eaux thermales, dans le golfe...<\/p>","protected":false},"author":17,"featured_media":15480,"comment_status":"open","ping_status":"open","sticky":false,"template":"","format":"standard","meta":{"_seopress_robots_primary_cat":"none","_seopress_titles_title":"","_seopress_titles_desc":"","_seopress_robots_index":"","content-type":"","footnotes":""},"categories":[],"tags":[],"locations":[167],"class_list":["post-17476","post","type-post","status-publish","format-standard","has-post-thumbnail","hentry","locations-campania"],"pp_statuses_selecting_workflow":false,"pp_workflow_action":"current","pp_status_selection":"publish","_links":{"self":[{"href":"https:\/\/movery.it\/fr\/wp-json\/wp\/v2\/posts\/17476","targetHints":{"allow":["GET"]}}],"collection":[{"href":"https:\/\/movery.it\/fr\/wp-json\/wp\/v2\/posts"}],"about":[{"href":"https:\/\/movery.it\/fr\/wp-json\/wp\/v2\/types\/post"}],"author":[{"embeddable":true,"href":"https:\/\/movery.it\/fr\/wp-json\/wp\/v2\/users\/17"}],"replies":[{"embeddable":true,"href":"https:\/\/movery.it\/fr\/wp-json\/wp\/v2\/comments?post=17476"}],"version-history":[{"count":7,"href":"https:\/\/movery.it\/fr\/wp-json\/wp\/v2\/posts\/17476\/revisions"}],"predecessor-version":[{"id":38089,"href":"https:\/\/movery.it\/fr\/wp-json\/wp\/v2\/posts\/17476\/revisions\/38089"}],"wp:featuredmedia":[{"embeddable":true,"href":"https:\/\/movery.it\/fr\/wp-json\/wp\/v2\/media\/15480"}],"wp:attachment":[{"href":"https:\/\/movery.it\/fr\/wp-json\/wp\/v2\/media?parent=17476"}],"wp:term":[{"taxonomy":"category","embeddable":true,"href":"https:\/\/movery.it\/fr\/wp-json\/wp\/v2\/categories?post=17476"},{"taxonomy":"post_tag","embeddable":true,"href":"https:\/\/movery.it\/fr\/wp-json\/wp\/v2\/tags?post=17476"},{"taxonomy":"locations","embeddable":true,"href":"https:\/\/movery.it\/fr\/wp-json\/wp\/v2\/locations?post=17476"}],"curies":[{"name":"wp","href":"https:\/\/api.w.org\/{rel}","templated":true}]}}