
{"id":17616,"date":"2021-10-26T09:37:03","date_gmt":"2021-06-11T07:59:18","guid":{"rendered":"http:\/\/shop.movery.it\/ischia-film-festival\/"},"modified":"2023-03-01T16:54:42","modified_gmt":"2023-03-01T15:54:42","slug":"ischia-film-festival","status":"publish","type":"post","link":"https:\/\/movery.it\/fr\/ischia-film-festival\/","title":{"rendered":"Festival du film d'Ischia"},"content":{"rendered":"<div id=\"ez-toc-container\" class=\"ez-toc-v2_0_68_1 ez-toc-wrap-left counter-hierarchy ez-toc-counter ez-toc-custom ez-toc-container-direction\">\n<div class=\"ez-toc-title-container\">\n<p class=\"ez-toc-title\" >Table des mati\u00e8res<\/p>\n<span class=\"ez-toc-title-toggle\"><\/span><\/div>\n<nav><ul class='ez-toc-list ez-toc-list-level-1' ><li class='ez-toc-page-1 ez-toc-heading-level-2'><a class=\"ez-toc-link ez-toc-heading-1\" href=\"https:\/\/movery.it\/fr\/ischia-film-festival\/#Le_sezioni_competitive_dellIschia_Film_Festival\" title=\"Les sections comp\u00e9titives du festival du film d&#039;Ischia\">Les sections comp\u00e9titives du festival du film d'Ischia<\/a><ul class='ez-toc-list-level-3' ><li class='ez-toc-heading-level-3'><a class=\"ez-toc-link ez-toc-heading-2\" href=\"https:\/\/movery.it\/fr\/ischia-film-festival\/#I_lungometraggi_in_concorso\" title=\"Longs m\u00e9trages en comp\u00e9tition\">Longs m\u00e9trages en comp\u00e9tition<\/a><\/li><li class='ez-toc-page-1 ez-toc-heading-level-3'><a class=\"ez-toc-link ez-toc-heading-3\" href=\"https:\/\/movery.it\/fr\/ischia-film-festival\/#I_cortometraggi_in_concorso\" title=\"Courts m\u00e9trages en comp\u00e9tition\">Courts m\u00e9trages en comp\u00e9tition<\/a><\/li><li class='ez-toc-page-1 ez-toc-heading-level-3'><a class=\"ez-toc-link ez-toc-heading-4\" href=\"https:\/\/movery.it\/fr\/ischia-film-festival\/#Location_negata\" title=\"Lieu refus\u00e9\">Lieu refus\u00e9<\/a><\/li><li class='ez-toc-page-1 ez-toc-heading-level-3'><a class=\"ez-toc-link ez-toc-heading-5\" href=\"https:\/\/movery.it\/fr\/ischia-film-festival\/#Scenari_campani\" title=\"Sc\u00e9narios pour la Campanie\">Sc\u00e9narios pour la Campanie<\/a><\/li><\/ul><\/li><li class='ez-toc-page-1 ez-toc-heading-level-2'><a class=\"ez-toc-link ez-toc-heading-6\" href=\"https:\/\/movery.it\/fr\/ischia-film-festival\/#Il_programma_e_gli_ospiti_dellIschia_Film_Festival\" title=\"Le programme et les invit\u00e9s du Festival du film d&#039;Ischia\">Le programme et les invit\u00e9s du festival du film d'Ischia<\/a><\/li><li class='ez-toc-page-1 ez-toc-heading-level-2'><a class=\"ez-toc-link ez-toc-heading-7\" href=\"https:\/\/movery.it\/fr\/ischia-film-festival\/#LIschia_Film_Festival_a_casa_tua\" title=\"Le festival du film d&#039;Ischia chez vous\">Le festival du film d'Ischia chez vous<\/a><\/li><\/ul><\/nav><\/div>\n<p>Du 26 juin au 3 juillet, la\u00a0<strong>Ch\u00e2teau aragonais d'Ischia<\/strong> sera le th\u00e9\u00e2tre de la<strong>Festival du film d'Ischia<\/strong>un festival international consacr\u00e9 aux lieux de tournage.<\/p>\n<p>N\u00e9 du projet <strong>Cin\u00e9ma et territoire<\/strong> de Michelangelo Messina, aujourd'hui directeur artistique du concours, a \u00e9t\u00e9 r\u00e9alis\u00e9e par l'association culturelle Art Movie and Music.<\/p>\n<p>Le festival vise \u00e0 donner une reconnaissance artistique \u00e0 des \u0153uvres, des r\u00e9alisateurs, des sc\u00e9nographes qui mettent en valeur des lieux italiens ou internationaux : en repr\u00e9sentant la r\u00e9alit\u00e9 humaine, historique et sociale et en promouvant la culture et les traditions, ils suscitent la curiosit\u00e9 et l'envie de d\u00e9couvrir des endroits merveilleux.<\/p>\n<p>Elle a une mission, avec une v\u00e9ritable <strong>manifeste<\/strong>. Elle vise \u00e0 contrer les guerres faciles qui se d\u00e9clenchent parfois entre les populations pour des raisons triviales, telles que l'absence de dialogue interculturel. Elle encourage la paix en promouvant <strong>Cin\u00e9tourisme<\/strong>Le terme \"visite\" est un n\u00e9ologisme invent\u00e9 par Michelangelo Messina : il s'agit de visiter des lieux de tournage de films et d'\u00e9missions de t\u00e9l\u00e9vision. Il permet de mieux conna\u00eetre l'identit\u00e9 culturelle d'une grande vari\u00e9t\u00e9 de lieux avec des \u0153uvres du monde entier.<\/p>\n<h2><span class=\"ez-toc-section\" id=\"Le_sezioni_competitive_dellIschia_Film_Festival\"><\/span>Les sections comp\u00e9titives du festival du film d'Ischia<span class=\"ez-toc-section-end\"><\/span><\/h2>\n<p>Il s'agit d'un concours international de films ouvert aux longs et courts m\u00e9trages et au cin\u00e9ma du r\u00e9el, quelle que soit la langue. Il y a quatre sections.<\/p>\n<p>I <strong>Longs m\u00e9trages<\/strong>les c\u0153urs battants du festival, des documentaires in\u00e9dits et mont\u00e9s, des animations, des fictions et des films d'animation. <strong>Courts m\u00e9trages<\/strong>avec les m\u00eames caract\u00e9ristiques mais une dur\u00e9e plus courte.<\/p>\n<p>La <strong>Lieu refus\u00e9<\/strong>L'exposition est compos\u00e9e d'\u0153uvres in\u00e9dites et publi\u00e9es, de toutes dur\u00e9es, qui d\u00e9peignent les territoires d\u00e9vast\u00e9s, viol\u00e9s par les contradictions et le progr\u00e8s, d\u00e9truits par la guerre ou les catastrophes naturelles, et qui traitent de la violation des droits de l'homme et de l'\u00e9chec de la sauvegarde des paysages, du patrimoine et des identit\u00e9s culturelles.<\/p>\n<p>Les <strong>Sc\u00e9narios pour la Campanie<\/strong> ne pouvait manquer de c\u00e9l\u00e9brer la r\u00e9gion <strong>Campanie<\/strong> qui accueille le festival, avec des courts et longs m\u00e9trages in\u00e9dits (documentaires, animations, fictions) qui racontent l'histoire de ces lieux \u00e0 travers l'art.<\/p>\n<p>Huit pays concourront pour le premier prix : Isra\u00ebl, France, Finlande, Chine, \u00c9tats-Unis, Pologne, Portugal et Italie. Chaque section aura son propre jury.<\/p>\n<h3><span class=\"ez-toc-section\" id=\"I_lungometraggi_in_concorso\"><\/span>Longs m\u00e9trages en comp\u00e9tition<span class=\"ez-toc-section-end\"><\/span><\/h3>\n<p>Les films en comp\u00e9tition sont Mr. Motor, Echoes of Empire : Beyond Genghis Khan, Le Caf\u00e9 de mes Souvenirs, Sombra, Abu Omar, I am Vera, Erotica 2022, Regina.<\/p>\n<p><strong>M. Motor<\/strong> de Hene Mi sera pr\u00e9sent\u00e9e en premi\u00e8re mondiale et <strong>Les \u00e9chos de l'empire : au-del\u00e0 de Gengis Khan<\/strong> de Robert H. Lieberman sera diffus\u00e9 pour la premi\u00e8re fois \u00e0 l'\u00e9tranger. Mr. Motor raconte les contradictions de la Chine contemporaine entre tradition et modernit\u00e9 et Echoes of the Empire la vie aventureuse du l\u00e9gendaire chef mongol.<\/p>\n<p><strong>Le Caf\u00e9 de mes Souvenirs<\/strong> de Valto Baltzar est une com\u00e9die musicale franco-finlandaise qui rend hommage au film culte <strong>Les parapluies de Cherbourg<\/strong>.<\/p>\n<p><strong>Pozzis, Samarkand<\/strong> de Stefano Giacomuzzi raconte le voyage \u00e0 moto d'un centaure frioulan jusqu'\u00e0 la c\u00e9l\u00e8bre Samarcande.<\/p>\n<p><strong>Sombra<\/strong> de Bruno Gascon d\u00e9nonce les organisations p\u00e9dophiles internationales \u00e0 travers la disparition douloureuse d'un adolescent portugais.<\/p>\n<p><strong>Abou Omar<\/strong> de Roy Krispel nous fait r\u00e9fl\u00e9chir sur le conflit isra\u00e9lo-palestinien actuel.<\/p>\n<p><strong>Je suis Vera<\/strong> de Beniamino Catena raconte le retour surr\u00e9aliste d'une jeune fille disparue depuis des ann\u00e9es.<\/p>\n<p><strong>Erotica 2022<\/strong> d\u00e9nonce les tentatives visant \u00e0 restreindre les acquis civils et sociaux des femmes polonaises.<\/p>\n<p><strong>Regina<\/strong> est un film qui se d\u00e9roule en Calabre, r\u00e9alis\u00e9 par Alessandro Grande, un ancien invit\u00e9 du festival.<\/p>\n<h3><span class=\"ez-toc-section\" id=\"I_cortometraggi_in_concorso\"><\/span>Courts m\u00e9trages en comp\u00e9tition<span class=\"ez-toc-section-end\"><\/span><\/h3>\n<p>Les courts m\u00e9trages en comp\u00e9tition sont Al-Sit, Being my mom, Two Hurt, Three Heal, El silencio del rio, Fibonacci, His death, There where the night, Midnight, Return to Toyama, Shakira, Stanbrook, Talker, This cloud is stille there, The God, Zheng.<\/p>\n<p><strong>Al-Sit<\/strong> de Suzannah Mirghani nous fait vivre les aventures de Nafisa, 15 ans, amoureuse de Babiker mais promise \u00e0 un mariage arrang\u00e9 avec Nadir, un jeune homme d'affaires soudanais.<\/p>\n<p><strong>\u00catre ma m\u00e8re<\/strong> de Jasmine Trinca raconte l'histoire d'une m\u00e8re et d'une fille qui voyagent dans Rome avec une grosse valise et qui d\u00e9couvrent peu \u00e0 peu leur amour l'une pour l'autre.<\/p>\n<p><strong>Deux blessures, trois soins<\/strong>par Elisa Baccolo, Daniele De Stefano, Martina Lioi, Walter Molfese et Beatrice Surano. Cinq chapitres pour voyager \u00e0 travers la magie c\u00e9r\u00e9monielle lucanienne avec une r\u00e9interpr\u00e9tation du rituel comme moyen de gu\u00e9rison.<\/p>\n<p><strong>Le silence du fleuve<\/strong> de Francesca Canepa raconte l'histoire de Juan, un gar\u00e7on p\u00e9ruvien de 9 ans qui vit avec un p\u00e8re tr\u00e8s taciturne dans une p\u00e9niche sur le fleuve Amazone. Un voyage all\u00e9gorique dans la jungle de la for\u00eat tropicale lui r\u00e9v\u00e9lera l'identit\u00e9 de son p\u00e8re.<\/p>\n<p><strong>Fibonacci<\/strong> de Tom\u00e1\u0161 Hub\u00e1\u010dek pr\u00e9sente un sombre chasseur et un troupeau humain courant \u00e0 travers les champs. Elle s'inspire de la c\u00e9l\u00e8bre succession de Fibonacci, l'un des plus grands math\u00e9maticiens de tous les temps.<\/p>\n<p><strong>Sa mort<\/strong>L'ouvrage d'Avishai Sivan raconte la rencontre, apr\u00e8s de nombreuses ann\u00e9es, du la\u00efc Noah et de ses fr\u00e8res. Ils se retrouvent \u00e0 J\u00e9rusalem pour \u00e9couter le testament du patriarche r\u00e9cemment d\u00e9c\u00e9d\u00e9.<\/p>\n<p><strong>L\u00e0 o\u00f9 la nuit<\/strong> de Francesco Filippini, raconte l'histoire de Pic et de sa grand-m\u00e8re. Un \u00e9clair \u00e9teint la lumi\u00e8re : un loup arrive, un hibou et les feuilles commencent \u00e0 tomber. Le courant revient et la grand-m\u00e8re d\u00e9couvre sur le mur les dessins de Pic avec tout ce qu'ils ont vu et un tronc d'arbre sur leur maison. Ils partent en voyage de nuit pour redresser l'arbre et d\u00e9couvrent peu \u00e0 peu leurs origines.<\/p>\n<p><strong>Minuit<\/strong> de Giuseppe Carrieri, raconte l'histoire de deux adolescents vivant dans le m\u00eame quartier de la banlieue napolitaine, Peppe et Imma. Peppe est contraint de partir en Allemagne pour travailler avec son oncle, mais il passe sa derni\u00e8re nuit \u00e0 Naples \u00e0 livrer des pizzas \u00e0 Scampia. Il n'avait jamais vraiment parl\u00e9 \u00e0 Imma et cette nuit-l\u00e0, il la rencontre dans un appartement o\u00f9 ont lieu des avortements clandestins. Ils vivent cette nuit comme si c'\u00e9tait la derni\u00e8re de leur vie.<\/p>\n<p><strong>Retour \u00e0 Toyama<\/strong> d'Atsushi Hirai raconte l'histoire de Takumi qui quitte le Japon pour aller en France contre l'avis de son p\u00e8re. Il d\u00e9cide ensuite de revenir dans sa ville natale apr\u00e8s une longue absence.<\/p>\n<p><strong>Shakira<\/strong> de No\u00e9mie Merlant est l'histoire d'une jeune gitane qui tente de sauver sa famille de la rue et rencontre Marius, membre d'un gang de voleurs.<\/p>\n<p><strong>Stanbrook<\/strong> de \u00d3scar Bern\u00e0cer. Nous sommes en Espagne en 1939, \u00e0 la fin de la guerre civile, et dans le port d'Alicante, des milliers de personnes attendent un bateau. Le cargo Stanbrook est le t\u00e9moin du d\u00e9sespoir d\u00e9chirant de ces moments.<\/p>\n<p><strong>Parleur<\/strong> de Mehrshad Ranjbar, la vie d'une femme \u00e2g\u00e9e qui s'est occup\u00e9e toute sa vie de son mari malade, mais un jour ce n'est plus le cas.<\/p>\n<p><strong>Ce nuage est toujours l\u00e0<\/strong> de Mickey Lai est l'histoire d'une jeune chr\u00e9tienne. Son grand-p\u00e8re Xiao Le tombe en phase terminale et elle a l'occasion d'intervenir dans les rituels familiaux tao\u00efstes. Elle commence \u00e0 prier secr\u00e8tement dans l'espoir de le sauver, mais sa m\u00e8re l'apprend et n'est pas du tout contente.<\/p>\n<p><strong>Le Dieu<\/strong> de Shim Ik Tae. Il raconte l'histoire d'un village chamanique o\u00f9 Taeju est le repr\u00e9sentant de Dieu. Un jour, Jeong-hee, la folle du village, est retrouv\u00e9e noy\u00e9e dans un r\u00e9servoir. Tout le monde pense qu'il s'agit d'un accident, mais pas Seo-ok qui l'a vue se battre avec Tae-joo le jour m\u00eame.<\/p>\n<p><strong>Zheng<\/strong> de Giacomo Sebastiani raconte l'histoire d'un jeune Chinois solitaire qui travaille en Italie depuis son enfance et qui n'est jamais satisfait de sa vie. Il est toujours tiraill\u00e9 entre les rigueurs du travail et le d\u00e9sir d'\u00eatre avec ses pairs et doit prendre une d\u00e9cision.<\/p>\n<h3><span class=\"ez-toc-section\" id=\"Location_negata\"><\/span>Lieu refus\u00e9<span class=\"ez-toc-section-end\"><\/span><\/h3>\n<p>Les films sont les suivants : Admiral Tchumakov, Aylesbury Estate, Dajla : cin\u00e9ma et oubli, Days of ignorance, Hakamada - The longest-held mand in deathrow, Magnifiche sorti e progressive, Mila, Movida, On island west, Sapelo, Shawka, Shero, The criminals, The Vatican, The Visit, What we don't know about Mariam.<\/p>\n<p><strong>Amiral Tchumakov<\/strong> de Laurier Fourniau et Arnaud Alberola raconte la figure m\u00e9lancolique d'un amiral sovi\u00e9tique 30 ans apr\u00e8s la chute de l'URSS. L'histoire se d\u00e9roule sur le lac Issyk Kul, l'un des cinq lacs les plus profonds du monde. Les b\u00e2timents et les \u00e9paves qui le bordent sont en train d'\u00eatre enlev\u00e9s pour transformer le port de Bayktchy en station baln\u00e9aire.<\/p>\n<p><strong>Domaine d'Aylesbury<\/strong> par Carlotta Berti. L'Aylesbury Estate est un grand lotissement construit dans le sud-est de Londres dans les ann\u00e9es 1960. Le film raconte l'histoire de cette communaut\u00e9 qui r\u00e9siste aux tentatives de sp\u00e9culation immobili\u00e8re en se concentrant sur Fred, un ancien d\u00e9molisseur proche de l'expulsion.<\/p>\n<p><strong>Dajla : cin\u00e9ma et oubli<\/strong> d'Arturo Due\u00f1as raconte la vie \u00e0 Dakhla, un camp de r\u00e9fugi\u00e9s oubli\u00e9 depuis 45 ans dans le sud de l'Alg\u00e9rie, o\u00f9 la c\u00e9l\u00e9bration d'un festival donne enfin une bouff\u00e9e de vie, mais o\u00f9 l'\u00e9v\u00e9nement se termine et o\u00f9 l'on retourne \u00e0 l'oubli.<\/p>\n<p><strong>Jours d'ignorance<\/strong> d'Abolfazl Tajik pr\u00e9sente la vie et le travail d'Ali-Mohammad, 84 ans, le dernier Feltrai rural survivant dans la r\u00e9gion de Neyshabur.<\/p>\n<p><strong>Hakamada - L'homme le plus longtemps d\u00e9tenu dans l'antichambre de la mort<\/strong> de Louis Dai raconte l'histoire d'Iwao Hakamada, un d\u00e9tenu du syst\u00e8me de justice p\u00e9nale japonais qui d\u00e9tient le record mondial du temps pass\u00e9 dans le couloir de la mort. Sa s\u0153ur s'est battue pendant 47 ans pour prouver son innocence.<\/p>\n<p><strong>Magnifique et progressiste<\/strong> de Claudio Di Mambro, Luca Mandrile et Umberto Migliaccio aborde une r\u00e9flexion int\u00e9ressante \u00e0 travers le regard de Renato Curcio, socio-analyste, cofondateur des Brigate Rosse, aujourd'hui prisonnier en Italie depuis plus de vingt ans. En explorant l'\u00eele de Santo Stefano et la prison d'Ergastolo, il compare les institutions et le web : l'internet, les r\u00e9seaux sociaux et tous les algorithmes connect\u00e9s peuvent \u00eatre des prisons virtuelles.<\/p>\n<p><strong>Mila<\/strong> de Cinzia Angelini parle de la guerre vue \u00e0 travers les yeux d'une petite fille qui a tout perdu mais qui garde espoir.<\/p>\n<p><strong>Movida<\/strong> d'Alessandro Padovani raconte l'histoire de deux enfants, Tommaso et Riccardo, qui passent l'\u00e9t\u00e9 \u00e0 jouer dans des parkings et des entrep\u00f4ts abandonn\u00e9s dans la r\u00e9gion de Belluno, l'une des nombreuses r\u00e9gions italiennes qui se d\u00e9peuplent.<\/p>\n<p><strong>\u00c0 l'ouest de l'\u00eele<\/strong> de Carolyn Saunders raconte l'histoire d'Arya, une jeune femme de 18 ans qui a grandi sur une \u00eele en tant que militante raciste. Un jour, un Canadien autochtone pers\u00e9cut\u00e9 arrive et Arya commence \u00e0 ressentir un d\u00e9sir de libert\u00e9 et de justice raciale en contradiction avec son \u00e9ducation.<\/p>\n<p><strong>Sapelo<\/strong> de Nick Brandestini est un documentaire sur l'histoire de la griotte Cornelia Walker Bailey et de ses enfants adoptifs, une conteuse, \u00e9crivain et historienne qui a \u0153uvr\u00e9 \u00e0 la pr\u00e9servation de la culture Geechee-Gullah de l'\u00eele de Sapelo.<\/p>\n<p><strong>Shakwa<\/strong> de Farah Shaer, qui se d\u00e9roule \u00e0 Beyrouth, raconte l'histoire de Hoda, qui va secr\u00e8tement d\u00e9noncer un crime commis par son mari et fait face \u00e0 des cons\u00e9quences inattendues.<\/p>\n<p><strong>Shero<\/strong> de Claudio Casale raconte l'histoire de Shabnam, victime d'une attaque \u00e0 l'acide lorsqu'elle \u00e9tait adolescente, qui est devenue une Shero, une militante indienne des droits des femmes.<\/p>\n<p><strong>Les criminels<\/strong> de Serhat Karaaslan est l'aventure d'un jeune couple \u00e0 la recherche d'une chambre d'h\u00f4tel, rejet\u00e9 par tous parce qu'il n'est pas mari\u00e9.<\/p>\n<p><strong>Le Vatican<\/strong> de Gonzalo Almeida raconte la vie difficile de deux personnes marginalis\u00e9es par la soci\u00e9t\u00e9, r\u00e9fugi\u00e9es dans un b\u00e2timent abandonn\u00e9.<\/p>\n<p><strong>La visite<\/strong> d'Azadeh Moussavi raconte comment Elaheh se pr\u00e9pare, avec sa fille Tara, \u00e0 rencontrer son mari apr\u00e8s six mois d'emprisonnement.<\/p>\n<p><strong>Ce que nous ne savons pas sur Mariam<\/strong> Morad Mostafa raconte l'histoire de Mariam qui se rend \u00e0 l'h\u00f4pital pour des saignements et de fortes douleurs abdominales, mais qui, apr\u00e8s la visite, commence \u00e0 se disputer avec son mari.<\/p>\n<h3><span class=\"ez-toc-section\" id=\"Scenari_campani\"><\/span>Sc\u00e9narios pour la Campanie<span class=\"ez-toc-section-end\"><\/span><\/h3>\n<p>Les films sont Al lupo cattivo, Clarus, Estate povera, Frammenti, L'ardore dei timidi, Le conseguenze dell'attore - Il piccolo Michele Esposito.<\/p>\n<p><strong>Au grand m\u00e9chant loup<\/strong> de Chiara Tarfano et Ilaria Luperini raconte l'histoire de Sergio Piro, un psychiatre h\u00e9r\u00e9tique passionn\u00e9 par le langage qui inclut les \"fous\". De m\u00eame que Basaglia, dans le Nord, a r\u00e9ussi \u00e0 faire instituer la loi 180 pour la suppression des asiles, de m\u00eame, dans le Sud, il a fait sa r\u00e9volution mais est rest\u00e9 dans l'ombre.<\/p>\n<p><strong>Clarus<\/strong> de Michele Schiano raconte l'histoire de Marco, gardien et guide des structures arch\u00e9ologiques d'Alife, qui, \u00e0 la fin de la journ\u00e9e, alors qu'il s'appr\u00eate \u00e0 fermer la derni\u00e8re porte des fouilles, remarque la pr\u00e9sence de Claro, le premier \u00e9v\u00eaque d'Alife, et entame un voyage \u00e0 travers l'histoire et la l\u00e9gende.<\/p>\n<p><strong>Mauvais \u00e9t\u00e9<\/strong> d'Andrea Piretti parle des merveilleux b\u00e9n\u00e9voles qui travaillent sans rel\u00e2che \u00e0 Naples pour aider tous ceux qui sont dans le besoin.<\/p>\n<p><strong>Fragments<\/strong> de Boris Molinaro sont les fragments de vie de Giovanni De Angelis, Raffaele Buono et Sandro Petti, habitants historiques de l'\u00eele d'Ischia. Ils refl\u00e8tent le pass\u00e9 et le pr\u00e9sent et font revivre l'\u00eele dans une dimension rurale, spirituelle et banale.<\/p>\n<p><strong>L'ardeur des timides<\/strong> d'Antonio Vladimir Marino est une r\u00e9flexion touchante sur des personnes au caract\u00e8re timide, qui vivent un peu hors du temps, toujours \u00e0 l'\u00e9cart, mais qui, lorsqu'elles sont anim\u00e9es par leur passion, donnent de la vitalit\u00e9, de l'espoir, elles nous remettent sur le droit chemin dans un monde domin\u00e9 par l'apparence.<\/p>\n<p><strong>Les cons\u00e9quences de l'acteur - Little Michele Esposito<\/strong> de Daniele Chiariello et Pierfrancesco Cantarella raconte l'histoire de Michele, dernier n\u00e9 d'une famille simple d'Amalfi, qui se retrouve catapult\u00e9 dans le monde du cin\u00e9ma \u00e0 l'\u00e2ge de 11 ans seulement. Il jouit de la gloire jusqu'\u00e0 l'\u00e2ge de 15 ans, mais ensuite, comme cela arrive souvent, personne ne fait plus appel \u00e0 lui.<\/p>\n<h2><span class=\"ez-toc-section\" id=\"Il_programma_e_gli_ospiti_dellIschia_Film_Festival\"><\/span>Le programme et les invit\u00e9s du festival du film d'Ischia<span class=\"ez-toc-section-end\"><\/span><\/h2>\n<p>Les films en comp\u00e9tition sont nombreux et int\u00e9ressants, mais ce n'est pas tout. Vous pouvez voir de nombreux autres films c\u00e9l\u00e8bres tels que <strong>Quo Vadis, Aida ?<\/strong>, <strong>Calibre 9<\/strong>, <strong>Parth\u00e9nope noir<\/strong>, <strong>Arche russe<\/strong> et <strong>Oliver Twist<\/strong> et de nombreux invit\u00e9s participeront \u00e0 l'\u00e9v\u00e9nement.<\/p>\n<p>Il y aura <strong>Oliver Stone<\/strong>c\u00e9l\u00e8bre r\u00e9alisateur pendant plus de quarante ans dans le monde du cin\u00e9ma, puis <strong>Alexander Sokurov<\/strong>En 2011, il a remport\u00e9 le Lion d'or \u00e0 la Mostra de Venise avec \"Faust\", ainsi que le Prix de l'Union europ\u00e9enne pour la libert\u00e9 d'expression. <strong>Allan Starski<\/strong>Concepteur de d\u00e9cors oscaris\u00e9 pour <strong>La liste de Schindler<\/strong>.<\/p>\n<p>Le festival d\u00e9butera le samedi 26 juin avec la projection du film <strong>Quo Vadis, Aida ?<\/strong> de Jasmila \u017dbani\u0107, qui d\u00e9crit le massacre atroce de 8 000 musulmans bosniaques en juillet 1995 \u00e0 Srebrenica. Il se poursuivra avec <strong>Le dernier paradis<\/strong> de Rocco Ricciardulli. Une histoire fascinante <strong>Riccardo Scamarcio<\/strong> l'interpr\u00e9tation <strong>Ciccio Paradiso<\/strong>un homme qui tente de prot\u00e9ger un groupe de travailleurs de l'exploitation par des <strong>Cump\u00e0 Schettino<\/strong>propri\u00e9taire terrien peu scrupuleux. Ce soir-l\u00e0, le r\u00e9alisateur, sc\u00e9nariste et acteur <strong>Alessandro D'Alatri<\/strong> recevra la <strong>Prix Plinius<\/strong>.<\/p>\n<p>Les \u00e9l\u00e9ments suivants seront ensuite examin\u00e9s <strong>Sic Est<\/strong>L'histoire de la banlieue de Naples \u00e0 travers les yeux des enfants, <strong>Oplontis<\/strong>un voyage \u00e0 travers le dernier drame en musique de Claudio Monteverdi, \u00e0 l'int\u00e9rieur de l'\u00e9vocatrice Villa di Poppea dans le parc arch\u00e9ologique d'Oplontis, <strong>Fragments<\/strong>, <strong>Au grand m\u00e9chant loup<\/strong>, <strong>Al-Sit<\/strong> et <strong>Hakamada - L'homme le plus longtemps d\u00e9tenu dans le couloir de la mort<\/strong>.<\/p>\n<p>Le dimanche 27 juin aura lieu la c\u00e9r\u00e9monie de remise des prix du <strong>Barbara Bouchet<\/strong> et <strong>Marco Bocci<\/strong>avec le<strong>Prix du film d'Ischia<\/strong>. Ils introduiront la projection de <strong>Calibre 9<\/strong> par <strong>Toni D'Angelo<\/strong>L'histoire de Fernando, un brillant avocat p\u00e9naliste qui se retrouve confront\u00e9 \u00e0 une escroquerie. Le r\u00e9alisateur Franco Bruni pr\u00e9sentera quant \u00e0 lui <strong>Qu'est-ce qui sera<\/strong>La vie plate d'un homme, Bruno, qui d\u00e9couvre un jour qu'il est atteint d'une leuc\u00e9mie. Les films suivants seront ensuite projet\u00e9s <strong>Le Vatican, Shakwa<\/strong>, <strong>Magnifique et progressiste<\/strong> et <strong>Sapelo<\/strong>.<\/p>\n<p>Le lundi 28 juin aura lieu la c\u00e9r\u00e9monie de remise des prix de la <strong>Allan Starski<\/strong> avec le <strong>Prix pour l'ensemble de la carri\u00e8re<\/strong>le prix du festival du film d'Ischia pour l'ensemble de sa carri\u00e8re et la projection d'un autre de ses chefs-d'\u0153uvre, <strong>Oliver Twist<\/strong>. Il sera suivi par <strong>Un guide romantique des endroits recul\u00e9s<\/strong>les aventures de l'alcoolique Benno et de la craintive Allegra, <strong>Mauvais \u00e9t\u00e9<\/strong>, <strong>Sa mort<\/strong>, <strong>Erotica 2022<\/strong>, <strong>Regina<\/strong>, <strong>Retour \u00e0 Toyama<\/strong> et <strong>Le Dieu<\/strong>.<\/p>\n<p>Le mardi 29 juin aura lieu la premi\u00e8re de <strong>Parth\u00e9nope noir<\/strong> par\u00a0<strong>Alessandro Giglio<\/strong>. Le r\u00e9alisateur ainsi que les acteurs Giovanni Esposito, Gianluca Di Gennaro et Nicola Nocella seront pr\u00e9sents au festival. Les autres invit\u00e9s seront Giovanni Amura, Elvis Esposito et Sara Falanga. Il y aura \u00e9galement une projection du film <strong>200 m\u00e8tres<\/strong>l'histoire de Mustafa et de sa femme, s\u00e9par\u00e9s par un mur dans deux pays distants de seulement 200 m\u00e8tres, <strong>Clarus<\/strong>, <strong>Les \u00e9chos de l'Empire<\/strong>, <strong>Pozzis, Samarkand<\/strong>, <strong>Shero<\/strong>, <strong>\u00catre ma m\u00e8re<\/strong>, <strong>Shakira<\/strong>, <strong>Parleur<\/strong> et <strong>Movida<\/strong>.<\/p>\n<p>Le mercredi 30 juin, les films suivants seront projet\u00e9s <strong>Chaque dimanche<\/strong>qui nous parle de l'entra\u00eeneur Tony D'Amato, <strong>Je suis Vera<\/strong>, <strong>L'ardeur des timides<\/strong>, <strong>Le silence du Rio<\/strong>, <strong>Les criminels<\/strong>, <strong>Le nuage est toujours l\u00e0<\/strong>, <strong>L\u00e0 o\u00f9 la nuit<\/strong>, <strong>Mila<\/strong>, <strong>Fibonacci<\/strong>, <strong>La visite<\/strong>, <strong>Dajla : cin\u00e9ma et oubli<\/strong> et <strong>Les cons\u00e9quences pour l'acteur - Michele Esposito<\/strong>.<\/p>\n<p>Le jeudi 1er juillet, les films suivants seront diffus\u00e9s <strong>Est - dict\u00e9e de derni\u00e8re minute<\/strong>L'aventure de trois amis qui partent en vacances en Europe de l'Est, <strong>Sombra<\/strong>, <strong>Deux blessures, trois gu\u00e9risons<\/strong>, <strong>\u00c0 l'ouest de l'\u00eele<\/strong>, <strong>Ce que nous ne savons pas sur Miriam<\/strong>, <strong>Abou Omar<\/strong>, <strong>Minuit<\/strong>, <strong>Stanbrook<\/strong>, <strong>Jours d'ignorance<\/strong> et <strong>M. Motor<\/strong>.<\/p>\n<p>La soir\u00e9e du vendredi 2 juillet sera consacr\u00e9e \u00e0 <strong>Alexander Sokurov<\/strong>: recevra le <strong>Prix de la carri\u00e8re de l'IFF 2021<\/strong> et il y aura une projection de son chef-d'\u0153uvre <strong>Arche russe<\/strong>L'histoire de deux voyageurs pendant l'une des p\u00e9riodes les plus d\u00e9cisives de l'histoire politique et sociale de la Russie. Ils seront ensuite projet\u00e9s <strong>Tout pour Uma<\/strong>une fille myst\u00e9rieuse qui tente d'aider la famille Ferliga, puis <strong>Amiral Tchumakov<em>, <\/em>Parler des r\u00eaves<\/strong>, <strong>Zheng<\/strong>, <strong>Le caf\u00e9 de mes souvenirs<\/strong>, <strong>L'\u00e9t\u00e9 \u00e0 Aylesbury<\/strong>.<\/p>\n<p>Le samedi 3 juillet auront lieu les derni\u00e8res projections avec <strong>Lacets<\/strong>L'\u00e9chec du mariage d'Aldo et de Vanda et <strong>S\u00e9curit\u00e9<\/strong>La c\u00e9r\u00e9monie de remise des prix se d\u00e9roulera \u00e0 l'occasion de la c\u00e9r\u00e9monie de remise des prix de la ville de Forte dei Marmi. Le grand final sera la remise des prix aux laur\u00e9ats lors de la c\u00e9r\u00e9monie de remise des prix. <strong>Cath\u00e9drale de l'Assomption<\/strong>.<\/p>\n<h2><span class=\"ez-toc-section\" id=\"LIschia_Film_Festival_a_casa_tua\"><\/span>Le festival du film d'Ischia chez vous<span class=\"ez-toc-section-end\"><\/span><\/h2>\n<p>Le festival fait \u00e9galement entrer le monde du cin\u00e9ma dans nos foyers. Ceux qui le souhaitent peuvent visionner gratuitement 33 films hors comp\u00e9tition dans le confort de leur foyer en se rendant sur le site web du festival du film d'Ischia. Thriller, aventure, drame, romance, tout est \u00e0 port\u00e9e de clic.<\/p>","protected":false},"excerpt":{"rendered":"<p>Un festival international consacr\u00e9 aux lieux de tournage dans l'\u00e9vocateur ch\u00e2teau aragonais, symbole de l'enchantement...<\/p>","protected":false},"author":17,"featured_media":15822,"comment_status":"open","ping_status":"open","sticky":false,"template":"","format":"standard","meta":{"_seopress_robots_primary_cat":"","_seopress_titles_title":"","_seopress_titles_desc":"","_seopress_robots_index":"","content-type":"","footnotes":""},"categories":[319],"tags":[],"locations":[167,202],"class_list":["post-17616","post","type-post","status-publish","format-standard","has-post-thumbnail","hentry","category-eventi","locations-campania","locations-ischia"],"pp_statuses_selecting_workflow":false,"pp_workflow_action":"current","pp_status_selection":"publish","_links":{"self":[{"href":"https:\/\/movery.it\/fr\/wp-json\/wp\/v2\/posts\/17616","targetHints":{"allow":["GET"]}}],"collection":[{"href":"https:\/\/movery.it\/fr\/wp-json\/wp\/v2\/posts"}],"about":[{"href":"https:\/\/movery.it\/fr\/wp-json\/wp\/v2\/types\/post"}],"author":[{"embeddable":true,"href":"https:\/\/movery.it\/fr\/wp-json\/wp\/v2\/users\/17"}],"replies":[{"embeddable":true,"href":"https:\/\/movery.it\/fr\/wp-json\/wp\/v2\/comments?post=17616"}],"version-history":[{"count":0,"href":"https:\/\/movery.it\/fr\/wp-json\/wp\/v2\/posts\/17616\/revisions"}],"wp:featuredmedia":[{"embeddable":true,"href":"https:\/\/movery.it\/fr\/wp-json\/wp\/v2\/media\/15822"}],"wp:attachment":[{"href":"https:\/\/movery.it\/fr\/wp-json\/wp\/v2\/media?parent=17616"}],"wp:term":[{"taxonomy":"category","embeddable":true,"href":"https:\/\/movery.it\/fr\/wp-json\/wp\/v2\/categories?post=17616"},{"taxonomy":"post_tag","embeddable":true,"href":"https:\/\/movery.it\/fr\/wp-json\/wp\/v2\/tags?post=17616"},{"taxonomy":"locations","embeddable":true,"href":"https:\/\/movery.it\/fr\/wp-json\/wp\/v2\/locations?post=17616"}],"curies":[{"name":"wp","href":"https:\/\/api.w.org\/{rel}","templated":true}]}}