
{"id":17622,"date":"2022-06-20T14:53:28","date_gmt":"2022-06-20T06:00:05","guid":{"rendered":"http:\/\/shop.movery.it\/cusano-talk-festival\/"},"modified":"2023-03-01T16:54:43","modified_gmt":"2023-03-01T15:54:43","slug":"cusano-talk-festival","status":"publish","type":"post","link":"https:\/\/movery.it\/fr\/cusano-talk-festival\/","title":{"rendered":"Cusano Talk Festival : le festival d'\u00e9t\u00e9"},"content":{"rendered":"<div id=\"ez-toc-container\" class=\"ez-toc-v2_0_68_1 ez-toc-wrap-left counter-hierarchy ez-toc-counter ez-toc-custom ez-toc-container-direction\">\n<div class=\"ez-toc-title-container\">\n<p class=\"ez-toc-title\" >Table des mati\u00e8res<\/p>\n<span class=\"ez-toc-title-toggle\"><\/span><\/div>\n<nav><ul class='ez-toc-list ez-toc-list-level-1' ><li class='ez-toc-page-1 ez-toc-heading-level-2'><a class=\"ez-toc-link ez-toc-heading-1\" href=\"https:\/\/movery.it\/fr\/cusano-talk-festival\/#Il_coinvolgente_Cusano_Talk_Festival\" title=\"L&#039;engageant festival de la parole de Cusano\">L'engageant festival de la parole de Cusano<\/a><ul class='ez-toc-list-level-3' ><li class='ez-toc-heading-level-3'><a class=\"ez-toc-link ez-toc-heading-2\" href=\"https:\/\/movery.it\/fr\/cusano-talk-festival\/#La_curiosa_festa_di_Fontana_Street\" title=\"La curieuse f\u00eate de la rue Fontana\">La curieuse f\u00eate de la rue Fontana<\/a><\/li><\/ul><\/li><\/ul><\/nav><\/div>\n<p data-pm-slice=\"0 0 []\">Parmi les \u00e9v\u00e9nements les plus attendus qui se d\u00e9rouleront dans la <strong>municipalit\u00e9 de beneventan<\/strong> par <strong>Cusano Mutri<\/strong>il y a l'assembl\u00e9e annuelle habituelle des <strong>Festival de la parole de Cusano<\/strong>. Chaque ann\u00e9e, le <strong>\u00e9v\u00e9nement<\/strong> pr\u00e9sente un <strong>th\u00e8me principal<\/strong>de temps en temps, en abordant des questions importantes pour la population, allant de la<strong>l'\u00e9cologie <\/strong>au monde de la <strong>travail<\/strong>.<\/p>\n<p>Les <strong>Festival d'\u00e9t\u00e9<\/strong> se d\u00e9roule g\u00e9n\u00e9ralement entre la fin du mois de juillet et le d\u00e9but du mois d'ao\u00fbt, organisant un programme charg\u00e9 de deux soir\u00e9es pleines d'\u00e9v\u00e9nements :<strong> musique<\/strong>, <strong>cin\u00e9ma<\/strong>, <strong>litt\u00e9rature<\/strong> et <strong>l'art<\/strong>avec <strong>artistes<\/strong> de renomm\u00e9e internationale, animera toute la ville. Chaque ann\u00e9e, cet \u00e9v\u00e9nement culturel incontournable est attendu avec impatience par les citoyens et les visiteurs.<\/p>\n<h2><span class=\"ez-toc-section\" id=\"Il_coinvolgente_Cusano_Talk_Festival\"><\/span>L'engageant festival de la parole de Cusano<span class=\"ez-toc-section-end\"><\/span><\/h2>\n<p>Le festival ne dure que quelques jours, mais l'ambiance ludique et la port\u00e9e culturelle sont telles qu'elles attirent des visiteurs et des touristes de toute la r\u00e9gion. <strong>Campanie<\/strong>et plus encore.\u00a0<\/p>\n<p>Un tourbillon d'\u00e9v\u00e9nements entra\u00eene les participants de ce festival dans un v\u00e9ritable tour d'horizon de la culture sous tous ses aspects, sans jamais \u00eatre pr\u00e9visible ou monotone. <strong>Expositions photographiques<\/strong>, <strong>spectacles musicaux<\/strong> et <strong>th\u00e9\u00e2tral<\/strong>, <strong>conf\u00e9rences<\/strong>, <strong>expositions d'art <\/strong>et<strong> l'architecture<\/strong> ne sont que quelques-unes des activit\u00e9s qui font de cet \u00e9v\u00e9nement une manifestation vraiment articul\u00e9e et originale.<\/p>\n<p>Pendant les journ\u00e9es du festival de la parole de Cusano, l'omnipr\u00e9sent<strong> produits typiques <\/strong>du territoire. <strong>D\u00e9gustations <\/strong>et les itin\u00e9raires d\u00e9di\u00e9s \u00e0 la saveur sont les protagonistes d'une <strong>salon de la gastronomie et du vin<\/strong> vraiment sublime, dont l'objectif est l'exaltation et la mise en valeur des richesses de la terre de B\u00e9n\u00e9vent.<\/p>\n<p>Le soir, cependant, il y a <strong>concerts<\/strong> et des spectacles en direct d'artistes c\u00e9l\u00e8bres, ouvrant les danses \u00e0 la vie nocturne de la jeunesse, ponctu\u00e9e par le rythme et l'amusement de l'orchestre. <strong>DJ set<\/strong>.<\/p>\n<h3><span class=\"ez-toc-section\" id=\"La_curiosa_festa_di_Fontana_Street\"><\/span>La curieuse f\u00eate de la rue Fontana<span class=\"ez-toc-section-end\"><\/span><\/h3>\n<p>En 2015, quelques jeunes de Cusano Mutri ont organis\u00e9 un \u00e9v\u00e9nement \u00e0 la fin du mois de juin en pr\u00e9vision du Festival de la parole de Cusano. \u00c0 cette occasion, les jeunes ont eu l'id\u00e9e de pr\u00e9parer un <strong>\u00e9v\u00e9nement musical<\/strong> dans la soir\u00e9e du 27 juin, au cours de laquelle un <strong>groupe<\/strong> par <strong>musique traditionnelle des Balkans<\/strong>suivi d'un DJ set passionnant.<\/p>\n<p>Tout s'est d\u00e9roul\u00e9 au pied de la <strong>Mont Mutria<\/strong>immerg\u00e9 dans la nature de la r\u00e9gion du Cusanese <strong>Fontaine droite<\/strong>. L'\u00e9v\u00e9nement \u00e9tait ouvert \u00e0 tous avec une offre gratuite en faveur de la 7\u00e8me \u00e9dition du Festival de la parole de Cusano qui s'est tenue cette ann\u00e9e-l\u00e0, rendant hommage \u00e0 l'auteur de l'ouvrage. <strong>Nature<\/strong> en le choisissant comme th\u00e8me principal du festival.<\/p>","protected":false},"excerpt":{"rendered":"<p>Le festival d'\u00e9t\u00e9 le plus attendu de tous : le Cusano Talk Festival. Art, litt\u00e9rature, concerts, dj...<\/p>","protected":false},"author":11,"featured_media":15843,"comment_status":"open","ping_status":"open","sticky":false,"template":"","format":"standard","meta":{"_seopress_robots_primary_cat":"","_seopress_titles_title":"","_seopress_titles_desc":"","_seopress_robots_index":"","content-type":"","footnotes":""},"categories":[319],"tags":[],"locations":[167,190],"class_list":["post-17622","post","type-post","status-publish","format-standard","has-post-thumbnail","hentry","category-eventi","locations-campania","locations-cusano-mutri"],"pp_statuses_selecting_workflow":false,"pp_workflow_action":"current","pp_status_selection":"publish","_links":{"self":[{"href":"https:\/\/movery.it\/fr\/wp-json\/wp\/v2\/posts\/17622","targetHints":{"allow":["GET"]}}],"collection":[{"href":"https:\/\/movery.it\/fr\/wp-json\/wp\/v2\/posts"}],"about":[{"href":"https:\/\/movery.it\/fr\/wp-json\/wp\/v2\/types\/post"}],"author":[{"embeddable":true,"href":"https:\/\/movery.it\/fr\/wp-json\/wp\/v2\/users\/11"}],"replies":[{"embeddable":true,"href":"https:\/\/movery.it\/fr\/wp-json\/wp\/v2\/comments?post=17622"}],"version-history":[{"count":0,"href":"https:\/\/movery.it\/fr\/wp-json\/wp\/v2\/posts\/17622\/revisions"}],"wp:featuredmedia":[{"embeddable":true,"href":"https:\/\/movery.it\/fr\/wp-json\/wp\/v2\/media\/15843"}],"wp:attachment":[{"href":"https:\/\/movery.it\/fr\/wp-json\/wp\/v2\/media?parent=17622"}],"wp:term":[{"taxonomy":"category","embeddable":true,"href":"https:\/\/movery.it\/fr\/wp-json\/wp\/v2\/categories?post=17622"},{"taxonomy":"post_tag","embeddable":true,"href":"https:\/\/movery.it\/fr\/wp-json\/wp\/v2\/tags?post=17622"},{"taxonomy":"locations","embeddable":true,"href":"https:\/\/movery.it\/fr\/wp-json\/wp\/v2\/locations?post=17622"}],"curies":[{"name":"wp","href":"https:\/\/api.w.org\/{rel}","templated":true}]}}