
{"id":29111,"date":"2023-09-14T16:16:48","date_gmt":"2023-09-14T15:16:48","guid":{"rendered":"https:\/\/movery.it\/?p=29111"},"modified":"2024-06-28T11:15:37","modified_gmt":"2024-06-28T10:15:37","slug":"massimo-ranieri-il-mito-della-canzone-italiana","status":"publish","type":"post","link":"https:\/\/movery.it\/fr\/massimo-ranieri-il-mito-della-canzone-italiana\/","title":{"rendered":"Massimo Ranieri : le mythe de la chanson italienne"},"content":{"rendered":"<div id=\"ez-toc-container\" class=\"ez-toc-v2_0_68_1 ez-toc-wrap-left counter-hierarchy ez-toc-counter ez-toc-custom ez-toc-container-direction\">\n<div class=\"ez-toc-title-container\">\n<p class=\"ez-toc-title\" >Table des mati\u00e8res<\/p>\n<span class=\"ez-toc-title-toggle\"><\/span><\/div>\n<nav><ul class='ez-toc-list ez-toc-list-level-1' ><li class='ez-toc-page-1 ez-toc-heading-level-2'><a class=\"ez-toc-link ez-toc-heading-1\" href=\"https:\/\/movery.it\/fr\/massimo-ranieri-il-mito-della-canzone-italiana\/#Dagli_esordi_al_successo\" title=\"Des d\u00e9buts \u00e0 la r\u00e9ussite\">Des d\u00e9buts \u00e0 la r\u00e9ussite<\/a><\/li><li class='ez-toc-page-1 ez-toc-heading-level-2'><a class=\"ez-toc-link ez-toc-heading-2\" href=\"https:\/\/movery.it\/fr\/massimo-ranieri-il-mito-della-canzone-italiana\/#Dagli_anni_Novanta_ad_oggi\" title=\"Des ann\u00e9es 1990 \u00e0 aujourd&#039;hui\">Des ann\u00e9es 1990 \u00e0 aujourd'hui<\/a><\/li><\/ul><\/nav><\/div>\n\n<p>Massimo Ranieri est sans aucun doute l'un des plus grands artistes de la sc\u00e8ne musicale italienne. \u00c9clectique et polyvalent, il jongle avec plusieurs arts, \u00e9tant \u00e0 la fois chanteur, acteur, homme de spectacle et metteur en sc\u00e8ne.<\/p>\n\n\n\n<p>Sa longue carri\u00e8re s'est essentiellement concentr\u00e9e sur la <strong>musique<\/strong>mais au cours de ses 50 ans de carri\u00e8re, il a consacr\u00e9 une grande partie de son temps au cin\u00e9ma, \u00e0 la t\u00e9l\u00e9vision, au doublage et au th\u00e9\u00e2tre. Avec plus de 14 millions de disques vendus et <strong>31 albums enregistr\u00e9s<\/strong>Il est l'un des chanteurs italiens les plus appr\u00e9ci\u00e9s en Italie et \u00e0 l'\u00e9tranger, et un embl\u00e8me de la tradition musicale napolitaine.<\/p>\n\n\n\n<h2 class=\"wp-block-heading\"><span class=\"ez-toc-section\" id=\"Dagli_esordi_al_successo\"><\/span><strong>Des d\u00e9buts \u00e0 la r\u00e9ussite<\/strong><span class=\"ez-toc-section-end\"><\/span><\/h2>\n\n\n\n<p>Massimo Ranieri est le nom de sc\u00e8ne de <strong>John Calone<\/strong>n\u00e9 le 3 mai 1951 \u00e0 Naples. Cinqui\u00e8me d'une famille de huit enfants, il grandit dans le Pallonetto di Santa Lucia, un quartier populaire de San Ferdinando. D\u00e8s son enfance, il effectue de petits travaux et est souvent invit\u00e9 \u00e0 chanter pour les touristes.<\/p>\n\n\n\n<p>En 1964, il rencontre Gianni Aterrano, gr\u00e2ce auquel il devient l'acolyte de l'auteur-compositeur-interpr\u00e8te <strong>Sergio Bruni <\/strong>qui l'emm\u00e8ne avec lui pour une tourn\u00e9e aux \u00c9tats-Unis \u00e0 l'\u00e2ge de 13 ans. En 1966, le pianiste Enrico Polito lui propose un contrat d'enregistrement et, \u00e0 15 ans \u00e0 peine, il fait ses d\u00e9buts sous le nom de Massimo Ranieri, choisi en hommage \u00e0 la princesse Grace de Monaco, dont il est un grand admirateur. En 1967, Ranieri remporte le Cantagiro dans la cat\u00e9gorie des jeunes artistes et, l'ann\u00e9e suivante, il participe au Festival de Sanremo avec la chanson Da bambino insieme ai Giganti. Toujours en 1968, il enregistre <strong>Roses rouges<\/strong>qui est d'abord pass\u00e9e inaper\u00e7ue, avant d'exploser l'ann\u00e9e suivante.<\/p>\n\n\n\n<p>En 1969, il participe \u00e0 Canzonissima et se classe troisi\u00e8me avec la chanson Se bruciasse la citt\u00e0. En 1970 sort son premier album, Massimo Ranieri. Au cours de cette m\u00eame p\u00e9riode, il tourne le film <strong>Metellus <\/strong>de Bolognini avec Lucia Bos\u00e8, son premier film. Ce film sera suivi d'autres, comme Incontro, Cerca di capirmi, Il faro in capo al mondo et le t\u00e9l\u00e9film La sciantosa, dans lequel elle joue aux c\u00f4t\u00e9s de la l\u00e9gendaire Anna Magnani.<\/p>\n\n\n\n<p>Entre 1972 et 1973, Massimo Ranieri participe deux fois \u00e0 l'Eurofestival et se produit \u00e0 nouveau dans Canzonissima, o\u00f9 il gagne avec <strong>L'herbe de ma maison<\/strong>. Parall\u00e8lement \u00e0 son engagement musical, l'artiste napolitain continue de participer \u00e0 diverses productions cin\u00e9matographiques, dont Salvo D'Acquisto et La patata bollente.<\/p>\n\n\n\n<p>En 1980, Ranieri rencontre le maestro Giorgio Strehler et participe \u00e0 une tourn\u00e9e th\u00e9\u00e2trale europ\u00e9enne. En 1983, il fait ses d\u00e9buts en tant que jongleur et funambule dans la com\u00e9die musicale Barnum, tandis qu'en 1988, il triomphe au festival de Sanremo avec la chanson <strong>Perdre l'amour<\/strong>qui est d\u00e9sormais un classique de la musique pop italienne. Enfin, en 1989, il a pr\u00e9sent\u00e9 la c\u00e9l\u00e8bre \u00e9mission de vari\u00e9t\u00e9s du samedi soir Fantastico 10 avec Anna Oxa.<\/p>\n\n\n\n<h2 class=\"wp-block-heading\"><span class=\"ez-toc-section\" id=\"Dagli_anni_Novanta_ad_oggi\"><\/span><strong>Des ann\u00e9es 1990 \u00e0 aujourd'hui<\/strong><span class=\"ez-toc-section-end\"><\/span><\/h2>\n\n\n\n<p>En 1992, Massimo Ranieri est de nouveau pr\u00e9sent \u00e0 Sanremo et se classe cinqui\u00e8me avec la chanson Ti penso. En 1996, il pr\u00eate sa voix \u00e0 Quasimodo dans le dessin anim\u00e9 de Disney. <strong>Le Bossu de Notre Dame<\/strong> et en 2001, il est au th\u00e9\u00e2tre avec la com\u00e9die musicale Il grande campione, qui raconte l'histoire d'amour entre Edith Piaf et le boxeur Marcel Cerdan. En septembre de la m\u00eame ann\u00e9e, il passe \u00e0 la t\u00e9l\u00e9vision avec l'\u00e9mission Citofonare Calone.<\/p>\n\n\n\n<p>Entre 2001 et 2005, il a le temps d'enregistrer trois albums consacr\u00e9s \u00e0 la chanson napolitaine classique, qui remportent un grand succ\u00e8s aupr\u00e8s du public. En 2006, c'est au tour de l'album <strong>Je chante parce que je ne sais pas nager... depuis 40 ans<\/strong> pour c\u00e9l\u00e9brer pr\u00e9cis\u00e9ment ses 40 ans de carri\u00e8re. Entre 2010 et 2012, Ranieri a r\u00e9alis\u00e9 quatre com\u00e9dies d'Eduardo de Filippo pour la RAI, dans lesquelles il \u00e9tait \u00e0 la fois r\u00e9alisateur et acteur principal. En 2016, l'artiste a \u00e9t\u00e9 engag\u00e9 pour incarner Pier Paolo Pasolini dans le film La macchinazione de David Grieco, compte tenu de la grande ressemblance physique de Massimo Ranieri avec le grand r\u00e9alisateur et acteur d\u00e9c\u00e9d\u00e9 en 1975.<\/p>\n\n\n\n<p>Dans les ann\u00e9es suivantes, le chanteur napolitain revient \u00e0 la t\u00e9l\u00e9vision pour pr\u00e9senter plusieurs programmes en prime time sur la RAI, notamment Sogno e son desto (2014-2016) et Qui e adesso (2020). \u00c0 l'automne 2021, l'autobiographie de Ranieri \"Tutti i sogni ancora in volo\" est publi\u00e9e. En revanche, 2022 est l'ann\u00e9e de son grand retour au Festival de Sanremo apr\u00e8s 25 ans, auquel il participe avec la chanson <strong>Lettre de l'autre c\u00f4t\u00e9 de la mer<\/strong> en huiti\u00e8me position et pour lequel il a re\u00e7u le prix de la critique Mia Martini.<\/p>\n\n\n\n<p>Le 8 f\u00e9vrier, Massimo Ranieri sera \u00e0 nouveau pr\u00e9sent \u00e0 Sanremo en tant que super-h\u00f4te pour se produire avec Albano et Gianni Morandi. Enfin, \u00e0 la fin du printemps 2023, il pr\u00e9sentera sa nouvelle \u00e9mission de t\u00e9l\u00e9vision sur la RAI en compagnie de l'actrice espagnole Roc\u00edo Mu\u00f1oz Morales.<\/p>","protected":false},"excerpt":{"rendered":"<p>La fantastique carri\u00e8re de Massimo Ranieri est jalonn\u00e9e de succ\u00e8s musicaux, de films, de programmes t\u00e9l\u00e9vis\u00e9s, de mises en sc\u00e8ne de th\u00e9\u00e2tre...<\/p>","protected":false},"author":14,"featured_media":29131,"comment_status":"closed","ping_status":"open","sticky":false,"template":"","format":"standard","meta":{"_seopress_robots_primary_cat":"none","_seopress_titles_title":"Alla scoperta di Massimo Ranieri","_seopress_titles_desc":"La fantastica carriera di Massimo Ranieri segnata da successi musicali, film, programmi televisivi, regie teatrali e tanti riconoscimenti al suo immenso e poliedrico talento","_seopress_robots_index":"","content-type":"","footnotes":""},"categories":[307],"tags":[],"locations":[167,208],"class_list":["post-29111","post","type-post","status-publish","format-standard","has-post-thumbnail","hentry","category-passi-memoria","locations-campania","locations-napoli"],"pp_statuses_selecting_workflow":false,"pp_workflow_action":"current","pp_status_selection":"publish","_links":{"self":[{"href":"https:\/\/movery.it\/fr\/wp-json\/wp\/v2\/posts\/29111","targetHints":{"allow":["GET"]}}],"collection":[{"href":"https:\/\/movery.it\/fr\/wp-json\/wp\/v2\/posts"}],"about":[{"href":"https:\/\/movery.it\/fr\/wp-json\/wp\/v2\/types\/post"}],"author":[{"embeddable":true,"href":"https:\/\/movery.it\/fr\/wp-json\/wp\/v2\/users\/14"}],"replies":[{"embeddable":true,"href":"https:\/\/movery.it\/fr\/wp-json\/wp\/v2\/comments?post=29111"}],"version-history":[{"count":2,"href":"https:\/\/movery.it\/fr\/wp-json\/wp\/v2\/posts\/29111\/revisions"}],"predecessor-version":[{"id":36878,"href":"https:\/\/movery.it\/fr\/wp-json\/wp\/v2\/posts\/29111\/revisions\/36878"}],"wp:featuredmedia":[{"embeddable":true,"href":"https:\/\/movery.it\/fr\/wp-json\/wp\/v2\/media\/29131"}],"wp:attachment":[{"href":"https:\/\/movery.it\/fr\/wp-json\/wp\/v2\/media?parent=29111"}],"wp:term":[{"taxonomy":"category","embeddable":true,"href":"https:\/\/movery.it\/fr\/wp-json\/wp\/v2\/categories?post=29111"},{"taxonomy":"post_tag","embeddable":true,"href":"https:\/\/movery.it\/fr\/wp-json\/wp\/v2\/tags?post=29111"},{"taxonomy":"locations","embeddable":true,"href":"https:\/\/movery.it\/fr\/wp-json\/wp\/v2\/locations?post=29111"}],"curies":[{"name":"wp","href":"https:\/\/api.w.org\/{rel}","templated":true}]}}