
{"id":43192,"date":"2025-03-26T14:36:02","date_gmt":"2025-03-26T13:36:02","guid":{"rendered":"https:\/\/movery.it\/?p=43192"},"modified":"2025-09-11T10:41:06","modified_gmt":"2025-09-11T09:41:06","slug":"cosa-fare-in-due-giorni-tra-vietri-e-la-costiera-amalfitana","status":"publish","type":"post","link":"https:\/\/movery.it\/fr\/cosa-fare-in-due-giorni-tra-vietri-e-la-costiera-amalfitana\/","title":{"rendered":"Que faire en deux jours \u00e0 Vietri et sur la c\u00f4te amalfitaine ?"},"content":{"rendered":"<div id=\"ez-toc-container\" class=\"ez-toc-v2_0_68_1 ez-toc-wrap-left counter-hierarchy ez-toc-counter ez-toc-custom ez-toc-container-direction\">\n<div class=\"ez-toc-title-container\">\n<p class=\"ez-toc-title\" >Table des mati\u00e8res<\/p>\n<span class=\"ez-toc-title-toggle\"><\/span><\/div>\n<nav><ul class='ez-toc-list ez-toc-list-level-1' ><li class='ez-toc-page-1 ez-toc-heading-level-2'><a class=\"ez-toc-link ez-toc-heading-1\" href=\"https:\/\/movery.it\/fr\/cosa-fare-in-due-giorni-tra-vietri-e-la-costiera-amalfitana\/#Primo_giorno\" title=\"Premier jour\">Premier jour<\/a><\/li><li class='ez-toc-page-1 ez-toc-heading-level-2'><a class=\"ez-toc-link ez-toc-heading-2\" href=\"https:\/\/movery.it\/fr\/cosa-fare-in-due-giorni-tra-vietri-e-la-costiera-amalfitana\/#Proposition_for_you\" title=\"Proposition pour vous\">Proposition pour vous<\/a><\/li><li class='ez-toc-page-1 ez-toc-heading-level-2'><a class=\"ez-toc-link ez-toc-heading-3\" href=\"https:\/\/movery.it\/fr\/cosa-fare-in-due-giorni-tra-vietri-e-la-costiera-amalfitana\/#Secondo_giorno\" title=\"Deuxi\u00e8me jour\">Deuxi\u00e8me jour<\/a><\/li><\/ul><\/nav><\/div>\n\t\t<div data-elementor-type=\"wp-post\" data-elementor-id=\"43192\" class=\"elementor elementor-43192\">\n\t\t\t\t<div class=\"elementor-element elementor-element-63fd1818 e-flex e-con-boxed e-con e-parent\" data-id=\"63fd1818\" data-element_type=\"container\">\n\t\t\t\t\t<div class=\"e-con-inner\">\n\t\t\t\t<div class=\"elementor-element elementor-element-21e28817 elementor-widget elementor-widget-text-editor\" data-id=\"21e28817\" data-element_type=\"widget\" data-widget_type=\"text-editor.default\">\n\t\t\t\t<div class=\"elementor-widget-container\">\n\t\t\t\t\t\t\t<!-- wp:paragraph -->\n<p>Parmi les nombreuses merveilles que l'on peut admirer \u00e0 <strong>Campanie <\/strong>c'est sans aucun doute la c\u00f4te amalfitaine, un coin de paradis avec de splendides villages baln\u00e9aires surplombant une mer cristalline et non contamin\u00e9e.<\/p>\n<!-- \/wp:paragraph --><!-- wp:paragraph -->\n<p>De Positano \u00e0 Amalfi, en passant par Ravello, cette r\u00e9gion a beaucoup \u00e0 offrir aux touristes entre beaut\u00e9 naturelle, monuments anciens et tradition gastronomique \u00e0 d\u00e9couvrir. Alors pourquoi ne pas vous offrir une exp\u00e9rience de <strong>deux jours entre Vietri sul Mare et la c\u00f4te amalfitaine<\/strong>?<\/p>\n<!-- \/wp:paragraph --><!-- wp:paragraph -->\n<p>Avec <strong>Movery <\/strong>vous pouvez personnaliser vos vacances \u00e0 votre guise et avoir l'occasion de voir les endroits les plus embl\u00e9matiques de la c\u00f4te. Voici l'itin\u00e9raire que nous avons con\u00e7u pour deux jours de plaisir et de d\u00e9tente.<\/p>\n<!-- \/wp:paragraph --><!-- wp:heading -->\n<h2 class=\"wp-block-heading\"><span class=\"ez-toc-section\" id=\"Primo_giorno\"><\/span><strong>Premier jour<\/strong><span class=\"ez-toc-section-end\"><\/span><\/h2>\n<!-- \/wp:heading --><!-- wp:paragraph -->\n<p>Pour commencer votre journ\u00e9e, vous pouvez participer \u00e0 ce concours passionnant. <strong><a href=\"https:\/\/movery.it\/fr\/campania\/salerno\/laboratorio-modellazione-creta-tornio-decorazione-ceramica-vietri\/\" target=\"_blank\" rel=\"noreferrer noopener\">Atelier de c\u00e9ramique cr\u00e9ative \u00e0 Vietri sul Mare<\/a><\/strong>. L'activit\u00e9 de 3 heures vous donnera un aper\u00e7u g\u00e9n\u00e9ral de l'art de la majolique et vous pourrez apprendre le modelage de la c\u00e9ramique. <strong>argile <\/strong>et la technique du colombin. Vous apprendrez \u00e0 utiliser le tour et acquerrez de l'exp\u00e9rience dans l'application et la d\u00e9coration de l'\u00e9mail.<\/p>\n<!-- \/wp:paragraph --><!-- wp:paragraph -->\n<p>Tout aussi int\u00e9ressant est le <strong><a href=\"https:\/\/movery.it\/fr\/campania\/salerno\/corso-souvenir-ceramica-vietri\/\" target=\"_blank\" rel=\"noreferrer noopener\">atelier sur l'art de la c\u00e9ramique vietnamienne<\/a><\/strong> qui, en une heure, vous donne un aper\u00e7u de la manipulation de l'argile. Vous apprendrez \u00e0 construire en petits <strong>souvenir<\/strong>un \u00e2ne, symbole de la c\u00e9ramique vietnamienne. Une fois s\u00e9ch\u00e9, le professeur le cuira et l'enverra \u00e0 la maison.<\/p>\n<!-- \/wp:paragraph --><!-- wp:paragraph -->\n<p>Ceux qui veulent faire quelque chose de plus vivant pr\u00e9f\u00e8reront peut-\u00eatre un<strong><a href=\"https:\/\/movery.it\/fr\/campania\/capri\/escursione-in-barca-con-partenza-da-positano\/\" target=\"_blank\" rel=\"noreferrer noopener\">excursion en bateau \u00e0 Capri au d\u00e9part de Positano<\/a><\/strong>. Depuis la ville d'Amalfi, vous partirez pour une excursion d'une journ\u00e9e \u00e0 bord d'un gozzo sorrentin. Au cours de la travers\u00e9e, vous verrez la Villa Jovis, la Grotta del Corallo, les Faraglioni, le phare de Punta Campanella et la Villa Malaparte. Un arr\u00eat baignade est pr\u00e9vu pr\u00e8s de <strong>Marina Piccola<\/strong> et vous pourrez d\u00e9barquer \u00e0 Capri, o\u00f9 vous vous d\u00e9placerez librement pendant 3-4 heures.<\/p>\n<!-- \/wp:paragraph --><!-- wp:heading --><!-- \/wp:paragraph -->\t\t\t\t\t\t<\/div>\n\t\t\t\t<\/div>\n\t\t\t\t\t<\/div>\n\t\t\t\t<\/div>\n\t\t<div class=\"elementor-element elementor-element-733f9fb e-flex e-con-boxed e-con e-parent\" data-id=\"733f9fb\" data-element_type=\"container\">\n\t\t\t\t\t<div class=\"e-con-inner\">\n\t\t\t\t<div class=\"elementor-element elementor-element-3513ebd elementor-widget elementor-widget-shortcode\" data-id=\"3513ebd\" data-element_type=\"widget\" data-widget_type=\"shortcode.default\">\n\t\t\t\t<div class=\"elementor-widget-container\">\n\t\t\t    \n    <div class=\"st-relate st-hotel-room-content\">\n        <div class=\"relate-rooms\">\n            <div class=\"st-hr\"><\/div>\n            <h2 class=\"st-heading-section\"><span class=\"ez-toc-section\" id=\"Proposition_for_you\"><\/span>Proposition pour vous<span class=\"ez-toc-section-end\"><\/span><\/h2>\n            <div class=\"inner service-list-wrapper service-tour\">\n                <div class=\"owl-carousel st-owl-slider\" data-loop=\"false\" data-center=\"true\" data-margin=\"24\" data-responsive=\"{&quot;992&quot;:{&quot;items&quot;:4},&quot;768&quot;:{&quot;items&quot;:2},&quot;0&quot;:{&quot;items&quot;:1}}\"><div class=\"item-slide\"><div class=\"services-item grid item-elementor mb-3\" itemscope itemtype=\"https:\/\/schema.org\/Trip\">\n    <div class=\"item service-border st-border-radius\">\n        <div class=\"header-services-item\" style=\"height: 50px; backround:black\">\n\n            <div class=\"title\">\n                Visite guid\u00e9e            <\/div>\n            <div class=\"icon\">\n\n                                    <a href=\"#\" class=\"login\" data-bs-toggle=\"modal\" data-bs-target=\"#st-login-form\">\n\n                        <div class=\"service-add-wishlist\" title=\"Ajouter \u00e0 la liste de souhaits\">\n                            <img decoding=\"async\" src=\"https:\/\/movery.it\/assets\/icons\/ico-favgreen.svg\" height=\"15\" width=\"15\" class=\"movery-home-main-items-child-pic-share ignore-mouse-events\" alt=\"Partager\" \/>\n\n\n                            <div class=\"lds-dual-ring\"><\/div>\n                        <\/div>\n                    <\/a>\n                                <a href=\"https:\/\/movery.it\/fr\/campania\/costiera-amalfitana\/sentiero-degli-dei-escursione-ad-anello-per-gruppi-condivisi-privati\/\">\n                    <img decoding=\"async\" src=\"https:\/\/movery.it\/assets\/icons\/card-shopping-cart.svg\" height=\"15\" width=\"15\" class=\"movery-home-main-items-child-pic-share ignore-mouse-events\" alt=\"Partager\" \/>\n\n                <\/a>\n                <a href=\"https:\/\/movery.it\/fr\/campania\/costiera-amalfitana\/sentiero-degli-dei-escursione-ad-anello-per-gruppi-condivisi-privati\/\">\n                    <img decoding=\"async\" src=\"https:\/\/static.movery.it\/assets\/img\/icons\/ico-sharegreen.svg\" height=\"15\" width=\"15\" class=\"movery-home-main-items-child-pic-share ignore-mouse-events\" alt=\"Partager\" \/>\n                <\/a>\n\n            <\/div>\n\n        <\/div>\n        <div class=\"featured-image\">\n            <div class=\"st-tag-feature-sale\">\n                                                \n            <\/div>\n\n            <a href=\"https:\/\/movery.it\/fr\/campania\/costiera-amalfitana\/sentiero-degli-dei-escursione-ad-anello-per-gruppi-condivisi-privati\/\">\n                <img decoding=\"async\" class=\"feature_activity_img\" itemprop=\"photo\" src=\"https:\/\/movery.it\/wp-content\/uploads\/2024\/09\/parte_alta_sentiero_dei-450x300.webp\" alt=\"Sentiero degli Dei : randonn\u00e9e d&#039;Agerola \u00e0 Nocelle ou Positano (aller simple)\" \/>\n            <\/a>\n                    <\/div>\n        <div class=\"content-item\">\n            <a href=\"https:\/\/movery.it\/fr\/campania\/costiera-amalfitana\/sentiero-degli-dei-escursione-ad-anello-per-gruppi-condivisi-privati\/\" class=\"title-a\" style=\"height: 3rem;overflow: hidden;\">\n                <p class=\"title\" itemprop=\"name\">\n                    Sentiero degli Dei : randonn\u00e9e d'Agerola \u00e0 Nocelle ou Positano (aller simple)                <\/p>\n            <\/a>\n            \n\n                            <div class=\"sub-title st-address d-flex\" itemprop=\"location\" itemscope itemtype=\"https:\/\/schema.org\/Place\">\n                    <span class=\"address\" itemprop=\"address\" itemscope itemtype=\"https:\/\/schema.org\/PostalAddress\">\n                        <span itemprop=\"streetAddress\"> <i class=\"stt-icon-location1\"><\/i> Piazza Paolo Capasso, 7, 80051 (NA)<\/span>\n                    <\/span>\n\t\t\t\t\t                            <span class=\"duration\">\n\t\t\t\t\t\t\t\t<i class=\"input-icon st-border-radius field-icon fa\"><svg height=\"11px\" width=\"11px\" version=\"1.1\" id=\"Layer_1\" xmlns=\"http:\/\/www.w3.org\/2000\/svg\" xmlns:xlink=\"http:\/\/www.w3.org\/1999\/xlink\" x=\"0px\" y=\"0px\"\r\n     viewbox=\"0 0 24 24\" style=\"enable-background:new 0 0 24 24;\" xml:space=\"preserve\">\r\n\r\n<g fill=\"#013451\">\r\n    <path d=\"M12,23.25C5.797,23.25,0.75,18.203,0.75,12C0.75,5.797,5.797,0.75,12,0.75c6.203,0,11.25,5.047,11.25,11.25        C23.25,18.203,18.203,23.25,12,23.25z M12,2.25c-5.376,0-9.75,4.374-9.75,9.75s4.374,9.75,9.75,9.75s9.75-4.374,9.75-9.75        S17.376,2.25,12,2.25z\"\/>\r\n    <path d=\"M15.75,16.5c-0.2,0-0.389-0.078-0.53-0.22l-2.25-2.25c-0.302,0.145-0.632,0.22-0.969,0.22c-1.241,0-2.25-1.009-2.25-2.25        c0-0.96,0.615-1.808,1.5-2.121V5.25c0-0.414,0.336-0.75,0.75-0.75s0.75,0.336,0.75,0.75v4.629c0.885,0.314,1.5,1.162,1.5,2.121        c0,0.338-0.075,0.668-0.22,0.969l2.25,2.25c0.292,0.292,0.292,0.768,0,1.061C16.139,16.422,15.95,16.5,15.75,16.5z M12,11.25        c-0.414,0-0.75,0.336-0.75,0.75s0.336,0.75,0.75,0.75s0.75-0.336,0.75-0.75S12.414,11.25,12,11.25z\"\/>\r\n<\/g>\r\n<\/svg><\/i>\t\t\t\t\t\t\t\t5h  \n                        <\/span>\n                                        <\/div>\n            \n            <div class=\"excerpt\" style=\"height: 3rem;\">\n                Envie d'emmener votre classe en excursion ? Avec cette promenade sur le Chemin des Dieux...            <\/div>\n\n\n            <div class=\"reviews\" itemprop=\"starRating\" itemscope itemtype=\"https:\/\/schema.org\/Rating\"  style=\"display: block;padding-left: 15px;margin-top: 15px; height: 48px;\">\n                <i class=\"stt-icon-star1\"><\/i>\n                <span class=\"rate\" itemprop=\"ratingValue\" style=\"color: #0f3f5b;\">\n\t\t\t\t\t\t4.9 <span>\/<\/span> 5\n\t\t\t\t\t<\/span>\n\t\t\t\t\t<span class=\"rate-text\" style=\"color: #0f3f5b;\">\n\t\t\t\t\t\tExcellent\t\t\t\t\t<\/span>\n                <span class=\"summary\">\n                    (5 commentaires)\n                <\/span>\n            <\/div>\n            <div class=\"event-date d-none\" itemprop=\"startDate\" content=\"2026-05-01 08:51:05\">2026-05-01 08:51:05<\/div>\n\n                        <div class=\"section-footer\">\n                                <div class=\"section_footer_content\" itemprop=\"priceRange\">\n                    <span class=\"price-tour\" >\n                        <span class=\"price\">&nbsp;&nbsp;&nbsp;&nbsp;<span class=\"sale-top\">De  <span class=\"text-lg lh1em item\"> \u20ac12.00<\/span><\/span><br>&nbsp;&nbsp;&nbsp;&nbsp;une personne<\/span>\n                    <\/span>\n\n                                                <span class=\"unit\">\n\t\t\t\t\t\t        <a href=\"https:\/\/movery.it\/fr\/campania\/costiera-amalfitana\/sentiero-degli-dei-escursione-ad-anello-per-gruppi-condivisi-privati\/\" class=\"add_tour\">\n\t\t\t\t\t\t\t        Livre \n\t\t\t\t\t\t        <\/a>\n                            <\/span>\n                                        <\/div>\n            <\/div>\n        <\/div>\n    <\/div>\n<\/div><\/div><div class=\"item-slide\"><div class=\"services-item grid item-elementor mb-3\" itemscope itemtype=\"https:\/\/schema.org\/Trip\">\n    <div class=\"item service-border st-border-radius\">\n        <div class=\"header-services-item\" style=\"height: 50px; backround:black\">\n\n            <div class=\"title\">\n                Visite guid\u00e9e            <\/div>\n            <div class=\"icon\">\n\n                                    <a href=\"#\" class=\"login\" data-bs-toggle=\"modal\" data-bs-target=\"#st-login-form\">\n\n                        <div class=\"service-add-wishlist\" title=\"Ajouter \u00e0 la liste de souhaits\">\n                            <img decoding=\"async\" src=\"https:\/\/movery.it\/assets\/icons\/ico-favgreen.svg\" height=\"15\" width=\"15\" class=\"movery-home-main-items-child-pic-share ignore-mouse-events\" alt=\"Partager\" \/>\n\n\n                            <div class=\"lds-dual-ring\"><\/div>\n                        <\/div>\n                    <\/a>\n                                <a href=\"https:\/\/movery.it\/fr\/campania\/costiera-amalfitana\/escursione-sentiero-dei-limoni-per-scuole-e-gruppi\/\">\n                    <img decoding=\"async\" src=\"https:\/\/movery.it\/assets\/icons\/card-shopping-cart.svg\" height=\"15\" width=\"15\" class=\"movery-home-main-items-child-pic-share ignore-mouse-events\" alt=\"Partager\" \/>\n\n                <\/a>\n                <a href=\"https:\/\/movery.it\/fr\/campania\/costiera-amalfitana\/escursione-sentiero-dei-limoni-per-scuole-e-gruppi\/\">\n                    <img decoding=\"async\" src=\"https:\/\/static.movery.it\/assets\/img\/icons\/ico-sharegreen.svg\" height=\"15\" width=\"15\" class=\"movery-home-main-items-child-pic-share ignore-mouse-events\" alt=\"Partager\" \/>\n                <\/a>\n\n            <\/div>\n\n        <\/div>\n        <div class=\"featured-image\">\n            <div class=\"st-tag-feature-sale\">\n                                                \n            <\/div>\n\n            <a href=\"https:\/\/movery.it\/fr\/campania\/costiera-amalfitana\/escursione-sentiero-dei-limoni-per-scuole-e-gruppi\/\">\n                <img decoding=\"async\" class=\"feature_activity_img\" itemprop=\"photo\" src=\"https:\/\/movery.it\/wp-content\/uploads\/2024\/09\/sentiero_limoni_-450x300.jpg\" alt=\"Excursion sur la route des citrons : d\u00e9couverte de la c\u00f4te amalfitaine pour les \u00e9coles et les groupes partag\u00e9s\" \/>\n            <\/a>\n                    <\/div>\n        <div class=\"content-item\">\n            <a href=\"https:\/\/movery.it\/fr\/campania\/costiera-amalfitana\/escursione-sentiero-dei-limoni-per-scuole-e-gruppi\/\" class=\"title-a\" style=\"height: 3rem;overflow: hidden;\">\n                <p class=\"title\" itemprop=\"name\">\n                    Excursion sur la route des citrons : d\u00e9couverte de la c\u00f4te amalfitaine pour les \u00e9coles et les groupes partag\u00e9s                <\/p>\n            <\/a>\n            \n\n                            <div class=\"sub-title st-address d-flex\" itemprop=\"location\" itemscope itemtype=\"https:\/\/schema.org\/Place\">\n                    <span class=\"address\" itemprop=\"address\" itemscope itemtype=\"https:\/\/schema.org\/PostalAddress\">\n                        <span itemprop=\"streetAddress\"> <i class=\"stt-icon-location1\"><\/i> Minori, Salerno<\/span>\n                    <\/span>\n\t\t\t\t\t                            <span class=\"duration\">\n\t\t\t\t\t\t\t\t<i class=\"input-icon st-border-radius field-icon fa\"><svg height=\"11px\" width=\"11px\" version=\"1.1\" id=\"Layer_1\" xmlns=\"http:\/\/www.w3.org\/2000\/svg\" xmlns:xlink=\"http:\/\/www.w3.org\/1999\/xlink\" x=\"0px\" y=\"0px\"\r\n     viewbox=\"0 0 24 24\" style=\"enable-background:new 0 0 24 24;\" xml:space=\"preserve\">\r\n\r\n<g fill=\"#013451\">\r\n    <path d=\"M12,23.25C5.797,23.25,0.75,18.203,0.75,12C0.75,5.797,5.797,0.75,12,0.75c6.203,0,11.25,5.047,11.25,11.25        C23.25,18.203,18.203,23.25,12,23.25z M12,2.25c-5.376,0-9.75,4.374-9.75,9.75s4.374,9.75,9.75,9.75s9.75-4.374,9.75-9.75        S17.376,2.25,12,2.25z\"\/>\r\n    <path d=\"M15.75,16.5c-0.2,0-0.389-0.078-0.53-0.22l-2.25-2.25c-0.302,0.145-0.632,0.22-0.969,0.22c-1.241,0-2.25-1.009-2.25-2.25        c0-0.96,0.615-1.808,1.5-2.121V5.25c0-0.414,0.336-0.75,0.75-0.75s0.75,0.336,0.75,0.75v4.629c0.885,0.314,1.5,1.162,1.5,2.121        c0,0.338-0.075,0.668-0.22,0.969l2.25,2.25c0.292,0.292,0.292,0.768,0,1.061C16.139,16.422,15.95,16.5,15.75,16.5z M12,11.25        c-0.414,0-0.75,0.336-0.75,0.75s0.336,0.75,0.75,0.75s0.75-0.336,0.75-0.75S12.414,11.25,12,11.25z\"\/>\r\n<\/g>\r\n<\/svg><\/i>\t\t\t\t\t\t\t\t2h  \n                        <\/span>\n                                        <\/div>\n            \n            <div class=\"excerpt\" style=\"height: 3rem;\">\n                Participez \u00e0 une randonn\u00e9e inoubliable sur le Sentiero dei Limoni (sentier des citrons), de Maiori \u00e0 Minori, le long de la...            <\/div>\n\n\n            <div class=\"reviews\" itemprop=\"starRating\" itemscope itemtype=\"https:\/\/schema.org\/Rating\"  style=\"display: block;padding-left: 15px;margin-top: 15px; height: 48px;\">\n                <i class=\"stt-icon-star1\"><\/i>\n                <span class=\"rate\" itemprop=\"ratingValue\" style=\"color: #0f3f5b;\">\n\t\t\t\t\t\t4.9 <span>\/<\/span> 5\n\t\t\t\t\t<\/span>\n\t\t\t\t\t<span class=\"rate-text\" style=\"color: #0f3f5b;\">\n\t\t\t\t\t\tExcellent\t\t\t\t\t<\/span>\n                <span class=\"summary\">\n                    (5 commentaires)\n                <\/span>\n            <\/div>\n            <div class=\"event-date d-none\" itemprop=\"startDate\" content=\"2026-05-01 08:51:05\">2026-05-01 08:51:05<\/div>\n\n                        <div class=\"section-footer\">\n                                <div class=\"section_footer_content\" itemprop=\"priceRange\">\n                    <span class=\"price-tour\" >\n                        <span class=\"price\">&nbsp;&nbsp;&nbsp;&nbsp;<span class=\"sale-top\">De  <span class=\"text-lg lh1em item\"> \u20ac12.00<\/span><\/span><br>&nbsp;&nbsp;&nbsp;&nbsp;une personne<\/span>\n                    <\/span>\n\n                                                <span class=\"unit\">\n\t\t\t\t\t\t        <a href=\"https:\/\/movery.it\/fr\/campania\/costiera-amalfitana\/escursione-sentiero-dei-limoni-per-scuole-e-gruppi\/\" class=\"add_tour\">\n\t\t\t\t\t\t\t        Livre \n\t\t\t\t\t\t        <\/a>\n                            <\/span>\n                                        <\/div>\n            <\/div>\n        <\/div>\n    <\/div>\n<\/div><\/div><div class=\"item-slide\"><div class=\"services-item grid item-elementor mb-3\" itemscope itemtype=\"https:\/\/schema.org\/Trip\">\n    <div class=\"item service-border st-border-radius\">\n    <div class=\"header-services-item\" style=\"height: 50px; backround:black\">\n\n<div class=\"title\" >\n    Excursions en bateau<\/div>\n<div class=\"icon\">\n\n        <a href=\"#\" class=\"login\" data-bs-toggle=\"modal\" data-bs-target=\"#st-login-form\">\n        \n            <div class=\"service-add-wishlist\" title=\"Ajouter \u00e0 la liste de souhaits\">\n            <img loading=\"lazy\" decoding=\"async\"  src=\"https:\/\/movery.it\/assets\/icons\/ico-favgreen.svg\" height=\"15\" width=\"15\" class=\"movery-home-main-items-child-pic-share ignore-mouse-events\" alt=\"Partager\" \/>\n\n\n                <div class=\"lds-dual-ring\"><\/div>\n            <\/div>\n        <\/a>\n        <a href=\"https:\/\/movery.it\/fr\/campania\/capri\/escursione-in-barca-con-partenza-da-positano\/\">\n    <img loading=\"lazy\" decoding=\"async\"  src=\"https:\/\/movery.it\/assets\/icons\/card-shopping-cart.svg\" height=\"15\" width=\"15\" class=\"movery-home-main-items-child-pic-share ignore-mouse-events\" alt=\"Partager\" \/>\n\n    <\/a>\n    <a href=\"https:\/\/movery.it\/fr\/campania\/capri\/escursione-in-barca-con-partenza-da-positano\/\">\n    <img loading=\"lazy\" decoding=\"async\"  src=\"https:\/\/static.movery.it\/assets\/img\/icons\/ico-sharegreen.svg\" height=\"15\" width=\"15\" class=\"movery-home-main-items-child-pic-share ignore-mouse-events\" alt=\"Partager\" \/>\n    <\/a>\n    \n<\/div>\n\n<\/div>\n        <div class=\"featured-image\">\n            <div class=\"st-tag-feature-sale\">\n                \n                                                            <\/div>\n\n            <a href=\"https:\/\/movery.it\/fr\/campania\/capri\/escursione-in-barca-con-partenza-da-positano\/\">\n                <img decoding=\"async\" class=\"feature_tour_img\" itemprop=\"photo\" src=\"https:\/\/movery.it\/wp-content\/uploads\/2024\/02\/buy_tour_movery-450x300.jpg\"\n                     alt=\"Excursion en bateau \u00e0 Capri au d\u00e9part de Positano\" \/>\n            <\/a>\n                    <\/div>\n        <div class=\"content-item\">\n        <a href=\"https:\/\/movery.it\/fr\/campania\/capri\/escursione-in-barca-con-partenza-da-positano\/\"  class=\"title-a\" style=\"height: 3rem;overflow: hidden;\">\n        <p class=\"title\" itemprop=\"name\">\n               Excursion en bateau \u00e0 Capri au d\u00e9part de Positano        <\/p>\n                <\/a>   \n        \n                            <div class=\"sub-title st-address d-flex\" itemprop=\"location\" itemscope itemtype=\"https:\/\/schema.org\/Place\">\n                    <span class=\"address\" itemprop=\"address\" itemscope itemtype=\"https:\/\/schema.org\/PostalAddress\">\n                        <span itemprop=\"streetAddress\"> <i class=\"stt-icon-location1\"><\/i> Viale Pasitea, 82, 84017 Positano SA, Italie<\/span>\n                    <\/span>\n\t\t\t\t\t                            <span class=\"duration\">\n\t\t\t\t\t\t\t\t<i class=\"input-icon st-border-radius field-icon fa\"><svg height=\"11px\" width=\"11px\" version=\"1.1\" id=\"Layer_1\" xmlns=\"http:\/\/www.w3.org\/2000\/svg\" xmlns:xlink=\"http:\/\/www.w3.org\/1999\/xlink\" x=\"0px\" y=\"0px\"\r\n     viewbox=\"0 0 24 24\" style=\"enable-background:new 0 0 24 24;\" xml:space=\"preserve\">\r\n\r\n<g fill=\"#013451\">\r\n    <path d=\"M12,23.25C5.797,23.25,0.75,18.203,0.75,12C0.75,5.797,5.797,0.75,12,0.75c6.203,0,11.25,5.047,11.25,11.25        C23.25,18.203,18.203,23.25,12,23.25z M12,2.25c-5.376,0-9.75,4.374-9.75,9.75s4.374,9.75,9.75,9.75s9.75-4.374,9.75-9.75        S17.376,2.25,12,2.25z\"\/>\r\n    <path d=\"M15.75,16.5c-0.2,0-0.389-0.078-0.53-0.22l-2.25-2.25c-0.302,0.145-0.632,0.22-0.969,0.22c-1.241,0-2.25-1.009-2.25-2.25        c0-0.96,0.615-1.808,1.5-2.121V5.25c0-0.414,0.336-0.75,0.75-0.75s0.75,0.336,0.75,0.75v4.629c0.885,0.314,1.5,1.162,1.5,2.121        c0,0.338-0.075,0.668-0.22,0.969l2.25,2.25c0.292,0.292,0.292,0.768,0,1.061C16.139,16.422,15.95,16.5,15.75,16.5z M12,11.25        c-0.414,0-0.75,0.336-0.75,0.75s0.336,0.75,0.75,0.75s0.75-0.336,0.75-0.75S12.414,11.25,12,11.25z\"\/>\r\n<\/g>\r\n<\/svg><\/i>\t\t\t\t\t\t\t\t9h  \n                        <\/span>\n                                        <\/div>\n            \n            <div class=\"excerpt\" style=\"height: 3rem;\">\n            Pour d\u00e9couvrir l'\u00eele de Capri, ne manquez pas cette fantastique excursion en bateau d'une journ\u00e9e...            <\/div>\n\n\n            <div class=\"reviews\" itemprop=\"starRating\" itemscope itemtype=\"https:\/\/schema.org\/Rating\"  style=\"display: block;padding-left: 15px;margin-top: 15px; height: 48px;\">\n                <i class=\"stt-icon-star1\"><\/i>\n                <span class=\"rate\" itemprop=\"ratingValue\" style=\"color: #0f3f5b;\">\n\t\t\t\t\t\t5 <span>\/<\/span> 5\n\t\t\t\t\t<\/span>\n\t\t\t\t\t<span class=\"rate-text\" style=\"color: #0f3f5b;\">\n\t\t\t\t\t\tExcellent\t\t\t\t\t<\/span>\n                <span class=\"summary\">\n                    (1 commentaires)\n                <\/span>\n            <\/div>\n            <div class=\"event-date d-none\" itemprop=\"startDate\" content=\"2026-05-01 08:51:05\">2026-05-01 08:51:05<\/div>\n            \n                     <div class=\"section-footer\">\n                                <div class=\"section_footer_content\" itemprop=\"priceRange\">\n                    <span class=\"price-tour\">\n                        <span class=\"price\">&nbsp;&nbsp;&nbsp;&nbsp;<span class=\"sale-top\">De  <span class=\"text-lg lh1em item\"> \u20ac105.00<\/span><\/span><br>&nbsp;&nbsp;&nbsp;&nbsp;une personne<\/span>\n                    <\/span>\n                    \n                                                <span class=\"unit\">\n\t\t\t\t\t\t        <a href=\"https:\/\/movery.it\/fr\/campania\/capri\/escursione-in-barca-con-partenza-da-positano\/\" class=\"add_tour\">\n\t\t\t\t\t\t\t        Livre \n\t\t\t\t\t\t        <\/a>\n                            <\/span>\n                                        <\/div>\n            <\/div>\n        <\/div>\n    <\/div>\n<\/div><\/div><div class=\"item-slide\"><div class=\"services-item grid item-elementor mb-3\" itemscope itemtype=\"https:\/\/schema.org\/Trip\">\n    <div class=\"item service-border st-border-radius\">\n        <div class=\"header-services-item\" style=\"height: 50px; backround:black\">\n\n            <div class=\"title\">\n                Cours en pr\u00e9sentiel            <\/div>\n            <div class=\"icon\">\n\n                                    <a href=\"#\" class=\"login\" data-bs-toggle=\"modal\" data-bs-target=\"#st-login-form\">\n\n                        <div class=\"service-add-wishlist\" title=\"Ajouter \u00e0 la liste de souhaits\">\n                            <img decoding=\"async\" src=\"https:\/\/movery.it\/assets\/icons\/ico-favgreen.svg\" height=\"15\" width=\"15\" class=\"movery-home-main-items-child-pic-share ignore-mouse-events\" alt=\"Partager\" \/>\n\n\n                            <div class=\"lds-dual-ring\"><\/div>\n                        <\/div>\n                    <\/a>\n                                <a href=\"https:\/\/movery.it\/fr\/campania\/costiera-amalfitana\/laboratori-didattici-per-le-scuole-sullarte-della-ceramica-a-vietri\/\">\n                    <img decoding=\"async\" src=\"https:\/\/movery.it\/assets\/icons\/card-shopping-cart.svg\" height=\"15\" width=\"15\" class=\"movery-home-main-items-child-pic-share ignore-mouse-events\" alt=\"Partager\" \/>\n\n                <\/a>\n                <a href=\"https:\/\/movery.it\/fr\/campania\/costiera-amalfitana\/laboratori-didattici-per-le-scuole-sullarte-della-ceramica-a-vietri\/\">\n                    <img decoding=\"async\" src=\"https:\/\/static.movery.it\/assets\/img\/icons\/ico-sharegreen.svg\" height=\"15\" width=\"15\" class=\"movery-home-main-items-child-pic-share ignore-mouse-events\" alt=\"Partager\" \/>\n                <\/a>\n\n            <\/div>\n\n        <\/div>\n        <div class=\"featured-image\">\n            <div class=\"st-tag-feature-sale\">\n                                                \n            <\/div>\n\n            <a href=\"https:\/\/movery.it\/fr\/campania\/costiera-amalfitana\/laboratori-didattici-per-le-scuole-sullarte-della-ceramica-a-vietri\/\">\n                <img decoding=\"async\" class=\"feature_activity_img\" itemprop=\"photo\" src=\"https:\/\/movery.it\/wp-content\/uploads\/2023\/12\/ceramica_laboratori_scuola-scaled-450x300.jpg\" alt=\"Ateliers \u00e9ducatifs pour les \u00e9coles sur l&#039;art de la c\u00e9ramique \u00e0 Vietri sul Mare\" \/>\n            <\/a>\n                    <\/div>\n        <div class=\"content-item\">\n            <a href=\"https:\/\/movery.it\/fr\/campania\/costiera-amalfitana\/laboratori-didattici-per-le-scuole-sullarte-della-ceramica-a-vietri\/\" class=\"title-a\" style=\"height: 3rem;overflow: hidden;\">\n                <p class=\"title\" itemprop=\"name\">\n                    Ateliers \u00e9ducatifs pour les \u00e9coles sur l'art de la c\u00e9ramique \u00e0 Vietri sul Mare                <\/p>\n            <\/a>\n            \n\n                            <div class=\"sub-title st-address d-flex\" itemprop=\"location\" itemscope itemtype=\"https:\/\/schema.org\/Place\">\n                    <span class=\"address\" itemprop=\"address\" itemscope itemtype=\"https:\/\/schema.org\/PostalAddress\">\n                        <span itemprop=\"streetAddress\"> <i class=\"stt-icon-location1\"><\/i> Corso Umberto I\u1d52, 102, 84019 Vietri sul Mare, SA, Italie<\/span>\n                    <\/span>\n\t\t\t\t\t                            <span class=\"duration\">\n\t\t\t\t\t\t\t\t<i class=\"input-icon st-border-radius field-icon fa\"><svg height=\"11px\" width=\"11px\" version=\"1.1\" id=\"Layer_1\" xmlns=\"http:\/\/www.w3.org\/2000\/svg\" xmlns:xlink=\"http:\/\/www.w3.org\/1999\/xlink\" x=\"0px\" y=\"0px\"\r\n     viewbox=\"0 0 24 24\" style=\"enable-background:new 0 0 24 24;\" xml:space=\"preserve\">\r\n\r\n<g fill=\"#013451\">\r\n    <path d=\"M12,23.25C5.797,23.25,0.75,18.203,0.75,12C0.75,5.797,5.797,0.75,12,0.75c6.203,0,11.25,5.047,11.25,11.25        C23.25,18.203,18.203,23.25,12,23.25z M12,2.25c-5.376,0-9.75,4.374-9.75,9.75s4.374,9.75,9.75,9.75s9.75-4.374,9.75-9.75        S17.376,2.25,12,2.25z\"\/>\r\n    <path d=\"M15.75,16.5c-0.2,0-0.389-0.078-0.53-0.22l-2.25-2.25c-0.302,0.145-0.632,0.22-0.969,0.22c-1.241,0-2.25-1.009-2.25-2.25        c0-0.96,0.615-1.808,1.5-2.121V5.25c0-0.414,0.336-0.75,0.75-0.75s0.75,0.336,0.75,0.75v4.629c0.885,0.314,1.5,1.162,1.5,2.121        c0,0.338-0.075,0.668-0.22,0.969l2.25,2.25c0.292,0.292,0.292,0.768,0,1.061C16.139,16.422,15.95,16.5,15.75,16.5z M12,11.25        c-0.414,0-0.75,0.336-0.75,0.75s0.336,0.75,0.75,0.75s0.75-0.336,0.75-0.75S12.414,11.25,12,11.25z\"\/>\r\n<\/g>\r\n<\/svg><\/i>\t\t\t\t\t\t\t\t50 minutes \n                        <\/span>\n                                        <\/div>\n            \n            <div class=\"excerpt\" style=\"height: 3rem;\">\n                Vous souhaitez offrir \u00e0 vos \u00e9l\u00e8ves une exp\u00e9rience unique ? Optez pour nos ateliers p\u00e9dagogiques avec d\u00e9monstration...            <\/div>\n\n\n            <div class=\"reviews\" itemprop=\"starRating\" itemscope itemtype=\"https:\/\/schema.org\/Rating\"  style=\"display: block;padding-left: 15px;margin-top: 15px; height: 48px;\">\n                <i class=\"stt-icon-star1\"><\/i>\n                <span class=\"rate\" itemprop=\"ratingValue\" style=\"color: #0f3f5b;\">\n\t\t\t\t\t\t5 <span>\/<\/span> 5\n\t\t\t\t\t<\/span>\n\t\t\t\t\t<span class=\"rate-text\" style=\"color: #0f3f5b;\">\n\t\t\t\t\t\tExcellent\t\t\t\t\t<\/span>\n                <span class=\"summary\">\n                    (5 commentaires)\n                <\/span>\n            <\/div>\n            <div class=\"event-date d-none\" itemprop=\"startDate\" content=\"2026-05-01 08:51:05\">2026-05-01 08:51:05<\/div>\n\n                        <div class=\"section-footer\">\n                                <div class=\"section_footer_content\" itemprop=\"priceRange\">\n                    <span class=\"price-tour\" >\n                        <span class=\"price\">&nbsp;&nbsp;&nbsp;&nbsp;<span class=\"sale-top\">De  <span class=\"text-lg lh1em item\"> \u20ac5.33<\/span><\/span><br>&nbsp;&nbsp;&nbsp;&nbsp;une personne<\/span>\n                    <\/span>\n\n                                                <span class=\"unit\">\n\t\t\t\t\t\t        <a href=\"https:\/\/movery.it\/fr\/campania\/costiera-amalfitana\/laboratori-didattici-per-le-scuole-sullarte-della-ceramica-a-vietri\/\" class=\"add_tour\">\n\t\t\t\t\t\t\t        Livre \n\t\t\t\t\t\t        <\/a>\n                            <\/span>\n                                        <\/div>\n            <\/div>\n        <\/div>\n    <\/div>\n<\/div><\/div><div class=\"item-slide\"><div class=\"services-item grid item-elementor mb-3\" itemscope itemtype=\"https:\/\/schema.org\/Trip\">\n    <div class=\"item service-border st-border-radius\">\n        <div class=\"header-services-item\" style=\"height: 50px; backround:black\">\n\n            <div class=\"title\">\n                Cours en pr\u00e9sentiel            <\/div>\n            <div class=\"icon\">\n\n                                    <a href=\"#\" class=\"login\" data-bs-toggle=\"modal\" data-bs-target=\"#st-login-form\">\n\n                        <div class=\"service-add-wishlist\" title=\"Ajouter \u00e0 la liste de souhaits\">\n                            <img decoding=\"async\" src=\"https:\/\/movery.it\/assets\/icons\/ico-favgreen.svg\" height=\"15\" width=\"15\" class=\"movery-home-main-items-child-pic-share ignore-mouse-events\" alt=\"Partager\" \/>\n\n\n                            <div class=\"lds-dual-ring\"><\/div>\n                        <\/div>\n                    <\/a>\n                                <a href=\"https:\/\/movery.it\/fr\/campania\/salerno\/corso-souvenir-ceramica-vietri\/\">\n                    <img decoding=\"async\" src=\"https:\/\/movery.it\/assets\/icons\/card-shopping-cart.svg\" height=\"15\" width=\"15\" class=\"movery-home-main-items-child-pic-share ignore-mouse-events\" alt=\"Partager\" \/>\n\n                <\/a>\n                <a href=\"https:\/\/movery.it\/fr\/campania\/salerno\/corso-souvenir-ceramica-vietri\/\">\n                    <img decoding=\"async\" src=\"https:\/\/static.movery.it\/assets\/img\/icons\/ico-sharegreen.svg\" height=\"15\" width=\"15\" class=\"movery-home-main-items-child-pic-share ignore-mouse-events\" alt=\"Partager\" \/>\n                <\/a>\n\n            <\/div>\n\n        <\/div>\n        <div class=\"featured-image\">\n            <div class=\"st-tag-feature-sale\">\n                                                \n            <\/div>\n\n            <a href=\"https:\/\/movery.it\/fr\/campania\/salerno\/corso-souvenir-ceramica-vietri\/\">\n                <img decoding=\"async\" class=\"feature_activity_img\" itemprop=\"photo\" src=\"https:\/\/movery.it\/wp-content\/uploads\/2023\/02\/A7-9046995-450x300.jpeg\" alt=\"Cr\u00e9ez votre propre souvenir en argile ou en c\u00e9ramique : l&#039;\u00e2ne vietnamien ou un vide-poche (toute l&#039;ann\u00e9e).\" \/>\n            <\/a>\n                    <\/div>\n        <div class=\"content-item\">\n            <a href=\"https:\/\/movery.it\/fr\/campania\/salerno\/corso-souvenir-ceramica-vietri\/\" class=\"title-a\" style=\"height: 3rem;overflow: hidden;\">\n                <p class=\"title\" itemprop=\"name\">\n                    Cr\u00e9ez votre propre souvenir en argile ou en c\u00e9ramique : l'\u00e2ne vietnamien ou un vide-poche (toute l'ann\u00e9e).                <\/p>\n            <\/a>\n            \n\n                            <div class=\"sub-title st-address d-flex\" itemprop=\"location\" itemscope itemtype=\"https:\/\/schema.org\/Place\">\n                    <span class=\"address\" itemprop=\"address\" itemscope itemtype=\"https:\/\/schema.org\/PostalAddress\">\n                        <span itemprop=\"streetAddress\"> <i class=\"stt-icon-location1\"><\/i> Corso Umberto I 102, Vietri sul mare, 84019, Salerno<\/span>\n                    <\/span>\n\t\t\t\t\t                            <span class=\"duration\">\n\t\t\t\t\t\t\t\t<i class=\"input-icon st-border-radius field-icon fa\"><svg height=\"11px\" width=\"11px\" version=\"1.1\" id=\"Layer_1\" xmlns=\"http:\/\/www.w3.org\/2000\/svg\" xmlns:xlink=\"http:\/\/www.w3.org\/1999\/xlink\" x=\"0px\" y=\"0px\"\r\n     viewbox=\"0 0 24 24\" style=\"enable-background:new 0 0 24 24;\" xml:space=\"preserve\">\r\n\r\n<g fill=\"#013451\">\r\n    <path d=\"M12,23.25C5.797,23.25,0.75,18.203,0.75,12C0.75,5.797,5.797,0.75,12,0.75c6.203,0,11.25,5.047,11.25,11.25        C23.25,18.203,18.203,23.25,12,23.25z M12,2.25c-5.376,0-9.75,4.374-9.75,9.75s4.374,9.75,9.75,9.75s9.75-4.374,9.75-9.75        S17.376,2.25,12,2.25z\"\/>\r\n    <path d=\"M15.75,16.5c-0.2,0-0.389-0.078-0.53-0.22l-2.25-2.25c-0.302,0.145-0.632,0.22-0.969,0.22c-1.241,0-2.25-1.009-2.25-2.25        c0-0.96,0.615-1.808,1.5-2.121V5.25c0-0.414,0.336-0.75,0.75-0.75s0.75,0.336,0.75,0.75v4.629c0.885,0.314,1.5,1.162,1.5,2.121        c0,0.338-0.075,0.668-0.22,0.969l2.25,2.25c0.292,0.292,0.292,0.768,0,1.061C16.139,16.422,15.95,16.5,15.75,16.5z M12,11.25        c-0.414,0-0.75,0.336-0.75,0.75s0.336,0.75,0.75,0.75s0.75-0.336,0.75-0.75S12.414,11.25,12,11.25z\"\/>\r\n<\/g>\r\n<\/svg><\/i>\t\t\t\t\t\t\t\t1h  \n                        <\/span>\n                                        <\/div>\n            \n            <div class=\"excerpt\" style=\"height: 3rem;\">\n                Cr\u00e9ez votre propre souvenir en argile ou en c\u00e9ramique : un \u00e2ne vietnamien ou un vide-poche en...            <\/div>\n\n\n            <div class=\"reviews\" itemprop=\"starRating\" itemscope itemtype=\"https:\/\/schema.org\/Rating\"  style=\"display: block;padding-left: 15px;margin-top: 15px; height: 48px;\">\n                <i class=\"stt-icon-star1\"><\/i>\n                <span class=\"rate\" itemprop=\"ratingValue\" style=\"color: #0f3f5b;\">\n\t\t\t\t\t\t5 <span>\/<\/span> 5\n\t\t\t\t\t<\/span>\n\t\t\t\t\t<span class=\"rate-text\" style=\"color: #0f3f5b;\">\n\t\t\t\t\t\tExcellent\t\t\t\t\t<\/span>\n                <span class=\"summary\">\n                    (3 commentaires)\n                <\/span>\n            <\/div>\n            <div class=\"event-date d-none\" itemprop=\"startDate\" content=\"2026-05-01 08:51:05\">2026-05-01 08:51:05<\/div>\n\n                        <div class=\"section-footer\">\n                                <div class=\"section_footer_content\" itemprop=\"priceRange\">\n                    <span class=\"price-tour\" >\n                        <span class=\"price\">&nbsp;&nbsp;&nbsp;&nbsp;<span class=\"sale-top\">De  <span class=\"text-lg lh1em item\"> \u20ac15.00<\/span><\/span><br>&nbsp;&nbsp;&nbsp;&nbsp;une personne<\/span>\n                    <\/span>\n\n                                                <span class=\"unit\">\n\t\t\t\t\t\t        <a href=\"https:\/\/movery.it\/fr\/campania\/salerno\/corso-souvenir-ceramica-vietri\/\" class=\"add_tour\">\n\t\t\t\t\t\t\t        Livre \n\t\t\t\t\t\t        <\/a>\n                            <\/span>\n                                        <\/div>\n            <\/div>\n        <\/div>\n    <\/div>\n<\/div><\/div><div class=\"item-slide\"><div class=\"services-item grid item-elementor mb-3\" itemscope itemtype=\"https:\/\/schema.org\/Trip\">\n    <div class=\"item service-border st-border-radius\">\n        <div class=\"header-services-item\" style=\"height: 50px; backround:black\">\n\n            <div class=\"title\">\n                Cours en pr\u00e9sentiel            <\/div>\n            <div class=\"icon\">\n\n                                    <a href=\"#\" class=\"login\" data-bs-toggle=\"modal\" data-bs-target=\"#st-login-form\">\n\n                        <div class=\"service-add-wishlist\" title=\"Ajouter \u00e0 la liste de souhaits\">\n                            <img loading=\"lazy\" decoding=\"async\" src=\"https:\/\/movery.it\/assets\/icons\/ico-favgreen.svg\" height=\"15\" width=\"15\" class=\"movery-home-main-items-child-pic-share ignore-mouse-events\" alt=\"Partager\">\n\n\n                            <div class=\"lds-dual-ring\"><\/div>\n                        <\/div>\n                    <\/a>\n                                <a href=\"https:\/\/movery.it\/fr\/campania\/salerno\/laboratorio-modellazione-creta-tornio-decorazione-ceramica-vietri\/\">\n                    <img loading=\"lazy\" decoding=\"async\" src=\"https:\/\/movery.it\/assets\/icons\/card-shopping-cart.svg\" height=\"15\" width=\"15\" class=\"movery-home-main-items-child-pic-share ignore-mouse-events\" alt=\"Partager\">\n\n                <\/a>\n                <a href=\"https:\/\/movery.it\/fr\/campania\/salerno\/laboratorio-modellazione-creta-tornio-decorazione-ceramica-vietri\/\">\n                    <img loading=\"lazy\" decoding=\"async\" src=\"https:\/\/static.movery.it\/assets\/img\/icons\/ico-sharegreen.svg\" height=\"15\" width=\"15\" class=\"movery-home-main-items-child-pic-share ignore-mouse-events\" alt=\"Partager\">\n                <\/a>\n\n            <\/div>\n\n        <\/div>\n        <div class=\"featured-image\">\n            <div class=\"st-tag-feature-sale\">\n                                                \n            <\/div>\n\n            <a href=\"https:\/\/movery.it\/fr\/campania\/salerno\/laboratorio-modellazione-creta-tornio-decorazione-ceramica-vietri\/\">\n                <img decoding=\"async\" class=\"feature_activity_img\" itemprop=\"photo\" src=\"https:\/\/movery.it\/wp-content\/uploads\/2023\/02\/T6-9788068-450x300.jpeg\" alt=\"Un voyage cr\u00e9atif dans la c\u00e9ramique : modelage de l&#039;argile, tour de potier et d\u00e9coration \u00e0 Vietri sul Mare (valable toute l&#039;ann\u00e9e)\" \/>\n            <\/a>\n                    <\/div>\n        <div class=\"content-item\">\n            <a href=\"https:\/\/movery.it\/fr\/campania\/salerno\/laboratorio-modellazione-creta-tornio-decorazione-ceramica-vietri\/\" class=\"title-a\" style=\"height: 3rem;overflow: hidden;\">\n                <p class=\"title\" itemprop=\"name\">\n                    Un voyage cr\u00e9atif dans la c\u00e9ramique : modelage de l'argile, tour de potier et d\u00e9coration \u00e0 Vietri sul Mare (valable toute l'ann\u00e9e)                <\/p>\n            <\/a>\n            \n\n                            <div class=\"sub-title st-address d-flex\" itemprop=\"location\" itemscope itemtype=\"https:\/\/schema.org\/Place\">\n                    <span class=\"address\" itemprop=\"address\" itemscope itemtype=\"https:\/\/schema.org\/PostalAddress\">\n                        <span itemprop=\"streetAddress\"> <i class=\"stt-icon-location1\"><\/i> C.so Umberto I 102, Vietri sul mare, Salerno<\/span>\n                    <\/span>\n\t\t\t\t\t                            <span class=\"duration\">\n\t\t\t\t\t\t\t\t<i class=\"input-icon st-border-radius field-icon fa\"><svg height=\"11px\" width=\"11px\" version=\"1.1\" id=\"Layer_1\" xmlns=\"http:\/\/www.w3.org\/2000\/svg\" xmlns:xlink=\"http:\/\/www.w3.org\/1999\/xlink\" x=\"0px\" y=\"0px\"\r\n     viewbox=\"0 0 24 24\" style=\"enable-background:new 0 0 24 24;\" xml:space=\"preserve\">\r\n\r\n<g fill=\"#013451\">\r\n    <path d=\"M12,23.25C5.797,23.25,0.75,18.203,0.75,12C0.75,5.797,5.797,0.75,12,0.75c6.203,0,11.25,5.047,11.25,11.25        C23.25,18.203,18.203,23.25,12,23.25z M12,2.25c-5.376,0-9.75,4.374-9.75,9.75s4.374,9.75,9.75,9.75s9.75-4.374,9.75-9.75        S17.376,2.25,12,2.25z\"\/>\r\n    <path d=\"M15.75,16.5c-0.2,0-0.389-0.078-0.53-0.22l-2.25-2.25c-0.302,0.145-0.632,0.22-0.969,0.22c-1.241,0-2.25-1.009-2.25-2.25        c0-0.96,0.615-1.808,1.5-2.121V5.25c0-0.414,0.336-0.75,0.75-0.75s0.75,0.336,0.75,0.75v4.629c0.885,0.314,1.5,1.162,1.5,2.121        c0,0.338-0.075,0.668-0.22,0.969l2.25,2.25c0.292,0.292,0.292,0.768,0,1.061C16.139,16.422,15.95,16.5,15.75,16.5z M12,11.25        c-0.414,0-0.75,0.336-0.75,0.75s0.336,0.75,0.75,0.75s0.75-0.336,0.75-0.75S12.414,11.25,12,11.25z\"\/>\r\n<\/g>\r\n<\/svg><\/i>\t\t\t\t\t\t\t\t3h  \n                        <\/span>\n                                        <\/div>\n            \n            <div class=\"excerpt\" style=\"height: 3rem;\">\n                D\u00e9couvrez l'art de la c\u00e9ramique \u00e0 Vietri sul Mare : modelage de l'argile, utilisation du tour de potier et...            <\/div>\n\n\n            <div class=\"reviews\" itemprop=\"starRating\" itemscope itemtype=\"https:\/\/schema.org\/Rating\"  style=\"display: block;padding-left: 15px;margin-top: 15px; height: 48px;\">\n                <i class=\"stt-icon-star1\"><\/i>\n                <span class=\"rate\" itemprop=\"ratingValue\" style=\"color: #0f3f5b;\">\n\t\t\t\t\t\t5 <span>\/<\/span> 5\n\t\t\t\t\t<\/span>\n\t\t\t\t\t<span class=\"rate-text\" style=\"color: #0f3f5b;\">\n\t\t\t\t\t\tExcellent\t\t\t\t\t<\/span>\n                <span class=\"summary\">\n                    (4 commentaires)\n                <\/span>\n            <\/div>\n            <div class=\"event-date d-none\" itemprop=\"startDate\" content=\"2026-05-01 08:51:05\">2026-05-01 08:51:05<\/div>\n\n                        <div class=\"section-footer\">\n                                <div class=\"section_footer_content\" itemprop=\"priceRange\">\n                    <span class=\"price-tour\" >\n                        <span class=\"price\">&nbsp;&nbsp;&nbsp;&nbsp;<span class=\"sale-top\">De  <span class=\"text-lg lh1em item\"> \u20ac79.00<\/span><\/span><br>&nbsp;&nbsp;&nbsp;&nbsp;une personne<\/span>\n                    <\/span>\n\n                                                <span class=\"unit\">\n\t\t\t\t\t\t        <a href=\"https:\/\/movery.it\/fr\/campania\/salerno\/laboratorio-modellazione-creta-tornio-decorazione-ceramica-vietri\/\" class=\"add_tour\">\n\t\t\t\t\t\t\t        Livre \n\t\t\t\t\t\t        <\/a>\n                            <\/span>\n                                        <\/div>\n            <\/div>\n        <\/div>\n    <\/div>\n<\/div><\/div><div class=\"item-slide\"><div class=\"services-item grid item-elementor mb-3\" itemscope itemtype=\"https:\/\/schema.org\/Trip\">\n    <div class=\"item service-border st-border-radius\">\n        <div class=\"header-services-item\" style=\"height: 50px; backround:black\">\n\n            <div class=\"title\">\n                Biblioth\u00e8que d'huiles            <\/div>\n            <div class=\"icon\">\n\n                                    <a href=\"#\" class=\"login\" data-bs-toggle=\"modal\" data-bs-target=\"#st-login-form\">\n\n                        <div class=\"service-add-wishlist\" title=\"Ajouter \u00e0 la liste de souhaits\">\n                            <img loading=\"lazy\" decoding=\"async\" src=\"https:\/\/movery.it\/assets\/icons\/ico-favgreen.svg\" height=\"15\" width=\"15\" class=\"movery-home-main-items-child-pic-share ignore-mouse-events\" alt=\"Partager\">\n\n\n                            <div class=\"lds-dual-ring\"><\/div>\n                        <\/div>\n                    <\/a>\n                                <a href=\"https:\/\/movery.it\/fr\/campania\/costiera-amalfitana\/oleoteca-gusti-delizie\/\">\n                    <img loading=\"lazy\" decoding=\"async\" src=\"https:\/\/movery.it\/assets\/icons\/card-shopping-cart.svg\" height=\"15\" width=\"15\" class=\"movery-home-main-items-child-pic-share ignore-mouse-events\" alt=\"Partager\">\n\n                <\/a>\n                <a href=\"https:\/\/movery.it\/fr\/campania\/costiera-amalfitana\/oleoteca-gusti-delizie\/\">\n                    <img loading=\"lazy\" decoding=\"async\" src=\"https:\/\/static.movery.it\/assets\/img\/icons\/ico-sharegreen.svg\" height=\"15\" width=\"15\" class=\"movery-home-main-items-child-pic-share ignore-mouse-events\" alt=\"Partager\">\n                <\/a>\n\n            <\/div>\n\n        <\/div>\n        <div class=\"featured-image\">\n            <div class=\"st-tag-feature-sale\">\n                                                \n            <\/div>\n\n            <a href=\"https:\/\/movery.it\/fr\/campania\/costiera-amalfitana\/oleoteca-gusti-delizie\/\">\n                <img decoding=\"async\" class=\"feature_activity_img\" itemprop=\"photo\" src=\"https:\/\/movery.it\/wp-content\/uploads\/2023\/01\/olives-and-olive-oil-2023-03-17-17-20-24-utc-scaled-450x300.jpg\" alt=\"D\u00e9gustation au magasin d&#039;huile Gusti e Delizie sur la c\u00f4te amalfitaine\" \/>\n            <\/a>\n                    <\/div>\n        <div class=\"content-item\">\n            <a href=\"https:\/\/movery.it\/fr\/campania\/costiera-amalfitana\/oleoteca-gusti-delizie\/\" class=\"title-a\" style=\"height: 3rem;overflow: hidden;\">\n                <p class=\"title\" itemprop=\"name\">\n                    D\u00e9gustation au magasin d'huile Gusti e Delizie sur la c\u00f4te amalfitaine                <\/p>\n            <\/a>\n            \n\n                            <div class=\"sub-title st-address d-flex\" itemprop=\"location\" itemscope itemtype=\"https:\/\/schema.org\/Place\">\n                    <span class=\"address\" itemprop=\"address\" itemscope itemtype=\"https:\/\/schema.org\/PostalAddress\">\n                        <span itemprop=\"streetAddress\"> <i class=\"stt-icon-location1\"><\/i> Via Roma 28-30, 84010 Ravello<\/span>\n                    <\/span>\n\t\t\t\t\t                            <span class=\"duration\">\n\t\t\t\t\t\t\t\t<i class=\"input-icon st-border-radius field-icon fa\"><svg height=\"11px\" width=\"11px\" version=\"1.1\" id=\"Layer_1\" xmlns=\"http:\/\/www.w3.org\/2000\/svg\" xmlns:xlink=\"http:\/\/www.w3.org\/1999\/xlink\" x=\"0px\" y=\"0px\"\r\n     viewbox=\"0 0 24 24\" style=\"enable-background:new 0 0 24 24;\" xml:space=\"preserve\">\r\n\r\n<g fill=\"#013451\">\r\n    <path d=\"M12,23.25C5.797,23.25,0.75,18.203,0.75,12C0.75,5.797,5.797,0.75,12,0.75c6.203,0,11.25,5.047,11.25,11.25        C23.25,18.203,18.203,23.25,12,23.25z M12,2.25c-5.376,0-9.75,4.374-9.75,9.75s4.374,9.75,9.75,9.75s9.75-4.374,9.75-9.75        S17.376,2.25,12,2.25z\"\/>\r\n    <path d=\"M15.75,16.5c-0.2,0-0.389-0.078-0.53-0.22l-2.25-2.25c-0.302,0.145-0.632,0.22-0.969,0.22c-1.241,0-2.25-1.009-2.25-2.25        c0-0.96,0.615-1.808,1.5-2.121V5.25c0-0.414,0.336-0.75,0.75-0.75s0.75,0.336,0.75,0.75v4.629c0.885,0.314,1.5,1.162,1.5,2.121        c0,0.338-0.075,0.668-0.22,0.969l2.25,2.25c0.292,0.292,0.292,0.768,0,1.061C16.139,16.422,15.95,16.5,15.75,16.5z M12,11.25        c-0.414,0-0.75,0.336-0.75,0.75s0.336,0.75,0.75,0.75s0.75-0.336,0.75-0.75S12.414,11.25,12,11.25z\"\/>\r\n<\/g>\r\n<\/svg><\/i>\t\t\t\t\t\t\t\t1h  \n                        <\/span>\n                                        <\/div>\n            \n            <div class=\"excerpt\" style=\"height: 3rem;\">\n                L'huile rec\u00e8le une infinit\u00e9 de go\u00fbts, de saveurs et d'histoires. D\u00e9couvrez les d\u00e9licieux produits de la gamme Gusti e...            <\/div>\n\n\n            <div class=\"reviews\" itemprop=\"starRating\" itemscope itemtype=\"https:\/\/schema.org\/Rating\"  style=\"display: block;padding-left: 15px;margin-top: 15px; height: 48px;\">\n                <i class=\"stt-icon-star1\"><\/i>\n                <span class=\"rate\" itemprop=\"ratingValue\" style=\"color: #0f3f5b;\">\n\t\t\t\t\t\t5 <span>\/<\/span> 5\n\t\t\t\t\t<\/span>\n\t\t\t\t\t<span class=\"rate-text\" style=\"color: #0f3f5b;\">\n\t\t\t\t\t\tExcellent\t\t\t\t\t<\/span>\n                <span class=\"summary\">\n                    (3 commentaires)\n                <\/span>\n            <\/div>\n            <div class=\"event-date d-none\" itemprop=\"startDate\" content=\"2026-05-01 08:51:05\">2026-05-01 08:51:05<\/div>\n\n                        <div class=\"section-footer\">\n                                <div class=\"section_footer_content\" itemprop=\"priceRange\">\n                    <span class=\"price-tour\" >\n                        <span class=\"price\">&nbsp;&nbsp;&nbsp;&nbsp;<span class=\"sale-top\">De  <span class=\"text-lg lh1em item\"> \u20ac25.00<\/span><\/span><br>&nbsp;&nbsp;&nbsp;&nbsp;une personne<\/span>\n                    <\/span>\n\n                                                <span class=\"unit\">\n\t\t\t\t\t\t        <a href=\"https:\/\/movery.it\/fr\/campania\/costiera-amalfitana\/oleoteca-gusti-delizie\/\" class=\"add_tour\">\n\t\t\t\t\t\t\t        Livre \n\t\t\t\t\t\t        <\/a>\n                            <\/span>\n                                        <\/div>\n            <\/div>\n        <\/div>\n    <\/div>\n<\/div><\/div><\/div>            <\/div>\n        <\/div>\n    <\/div>\n    \n    \t\t<div class=\"elementor-shortcode\"><\/div>\n\t\t\t\t<\/div>\n\t\t\t\t<\/div>\n\t\t\t\t\t<\/div>\n\t\t\t\t<\/div>\n\t\t<div class=\"elementor-element elementor-element-073886d e-flex e-con-boxed e-con e-parent\" data-id=\"073886d\" data-element_type=\"container\">\n\t\t\t\t\t<div class=\"e-con-inner\">\n\t\t\t\t<div class=\"elementor-element elementor-element-ad08682 elementor-widget elementor-widget-text-editor\" data-id=\"ad08682\" data-element_type=\"widget\" data-widget_type=\"text-editor.default\">\n\t\t\t\t<div class=\"elementor-widget-container\">\n\t\t\t\t\t\t\t<h2 class=\"wp-block-heading\"><span class=\"ez-toc-section\" id=\"Secondo_giorno\"><\/span><strong>Deuxi\u00e8me jour<\/strong><span class=\"ez-toc-section-end\"><\/span><\/h2>\n<p><!-- \/wp:heading --><!-- wp:paragraph --><\/p>\n<p>Le deuxi\u00e8me jour, en revanche, vous vous rendrez dans deux villages spectaculaires tels que Maiori et Minori, deux perles incontest\u00e9es de la c\u00f4te amalfitaine.<\/p>\n<p><!-- \/wp:paragraph --><!-- wp:paragraph --><\/p>\n<p>Pour commencer, vous pouvez choisir ceci <strong><a href=\"https:\/\/movery.it\/fr\/campania\/costiera-amalfitana\/escursione-sentiero-dei-limoni-per-scuole-e-gruppi\/\" target=\"_blank\" rel=\"noreferrer noopener\">randonn\u00e9e sur le sentier des citrons pour les \u00e9coles et les groupes partag\u00e9s<\/a><\/strong>. La promenade le long du Sentiero dei Limoni (Sentier des Citrons) commence \u00e0 Maiori, d'o\u00f9 l'on se dirige vers la Collegiata di Santa Maria a Mare. Vous continuerez ensuite vers le hameau de Torre, o\u00f9 vous verrez l'\u00e9glise de San Michele Arcangelo. Vous atteindrez l'\u00e9glise de San Michele Arcangelo. <strong>Belvedere Mortella<\/strong> d'o\u00f9 l'on a une vue magnifique sur Ravello, Amalfi et Atrani. Ensuite, vous visiterez une exploitation agricole pour tout savoir sur la culture des citrons et d\u00e9guster des produits typiques. Enfin, vous atteindrez Minori et verrez l'\u00e9glise de Santa Trofimena.<\/p>\n<p><!-- \/wp:paragraph --><!-- wp:paragraph --><\/p>\n<p>Apr\u00e8s Minori et Maiori, nous vous sugg\u00e9rons de vous rendre \u00e0 Ravello, la belle ville amalfitaine connue sous le nom de Cit\u00e9 de la musique et qui accueille le c\u00e9l\u00e8bre Festival de Ravello. Nous vous recommandons l'h\u00f4tel <strong><a href=\"https:\/\/movery.it\/fr\/campania\/costiera-amalfitana\/le-ville-di-ravello-escursione-privata\/\" target=\"_blank\" rel=\"noreferrer noopener\">Visite des villas de Ravello et de la Grotta del Dragone avec excursion priv\u00e9e<\/a><\/strong>. Il s'agit d'un trekking qui vous fera d\u00e9couvrir des paysages incroyables et des terrasses de citrons. Les <strong>route en boucle<\/strong> traverse le hameau de Torello, pour monter vers le centre de Ravello par un sentier d'environ 4 km.<\/p>\n<p><!-- \/wp:paragraph --><!-- wp:paragraph --><\/p>\n<p>Si, au contraire, vous avez un penchant pour les sucreries et que vous souhaitez vous immerger dans la gastronomie de la c\u00f4te amalfitaine, vous ne pouvez pas partir sans avoir go\u00fbt\u00e9 \u00e0 la<strong><a href=\"https:\/\/movery.it\/fr\/campania\/sorrento\/lemon-tour-limonaia\/\" target=\"_blank\" rel=\"noreferrer noopener\"> Visite du citron et d\u00e9jeuner \u00e0 la Limonaia de Sorrente<\/a><\/strong>. On vous montrera la m\u00e9thode de culture du citron \"ovale de Sorrente\", connu pour ses huiles essentielles et son parfum unique. Vous d\u00e9gusterez ensuite quelques <strong>sp\u00e9cialit\u00e9s <\/strong>La visite de Sorrente est l'occasion de d\u00e9couvrir les produits du terroir tels que les confitures, le limoncello et l'huile d'olive aromatis\u00e9e au citron. Vous aurez ensuite le temps de d\u00e9jeuner dans un restaurant du centre de Sorrente.<\/p>\n<p><!-- \/wp:paragraph --><!-- wp:paragraph --><\/p>\n<p>Autre particularit\u00e9, le<strong><a href=\"https:\/\/movery.it\/fr\/campania\/salerno\/espresso-napoletano-in-cilento-degustazione-e-tour-a-vietri\/\" target=\"_blank\" rel=\"noreferrer noopener\" class=\"broken_link\">Exp\u00e9rience de l'espresso napolitain dans le Cilento<\/a><\/strong>d\u00e9gustation et visite \u00e0 Vietri sul mare. L'exp\u00e9rience se d\u00e9roule \u00e0 Molina, pr\u00e8s de Salerne, o\u00f9 vous visiterez une entreprise de <strong>torr\u00e9faction<\/strong>. Vous d\u00e9couvrirez les \u00e9tapes de la transformation du caf\u00e9 et vous pourrez \u00e9galement d\u00e9guster un excellent caf\u00e9 napolitain. Vous aurez \u00e9galement le choix entre une visite de Vietri \u00e0 bord d'un ape calessino ou une visite \u00e0 pied, \u00e9galement \u00e0 Vietri.<\/p>\n<p><!-- \/wp:paragraph --><!-- wp:paragraph --><\/p>\n<p>Les personnes qui souhaitent apprendre \u00e0 cuisiner des plats locaux peuvent profiter de l'espace de loisirs de l'h\u00f4tel. <strong><a href=\"https:\/\/movery.it\/fr\/campania\/costiera-amalfitana\/cooking-class-ideale-per-gruppi-privati-condivisi-e-scuole\/\" target=\"_blank\" rel=\"noreferrer noopener\">cours de cuisine sur la c\u00f4te amalfitaine<\/a><\/strong>. La masterclass a lieu \u00e0 <strong>Agerola <\/strong>et vous apprendrez \u00e0 faire du tiramisu, de la mozzarella et des p\u00e2tes maison. Une fois la cuisine termin\u00e9e, vous vous mettrez \u00e0 table et mangerez ce que vous avez pr\u00e9par\u00e9.<\/p>\n<p><!-- \/wp:paragraph --><!-- wp:paragraph --><\/p>\n<p>Les amateurs de bonne ch\u00e8re peuvent \u00e9galement acheter un<strong><a href=\"https:\/\/movery.it\/fr\/campania\/costiera-amalfitana\/oleoteca-gusti-delizie\/\" target=\"_blank\" rel=\"noreferrer noopener\"> d\u00e9gustation dans un magasin d'huile sur la c\u00f4te amalfitaine<\/a><\/strong>. Ce voyage \u00e0 Ravello parmi les saveurs de l'Italie vous permettra de go\u00fbter l'huile d'olive de la r\u00e9gion et de d\u00e9couvrir l'histoire de la production locale et les techniques de culture. Apr\u00e8s la d\u00e9gustation de <strong>huile <\/strong>Vous essayerez \u00e9galement le vinaigre dans 3 types de vieillissement.<\/p>\n<p><!-- \/wp:paragraph --><!-- wp:paragraph --><\/p>\n<p>Si vous \u00eates plus sportif et que vous aimez \u00eatre en plein air, vous ne pouvez pas quitter la c\u00f4te amalfitaine sans faire ceci <strong><a href=\"https:\/\/movery.it\/fr\/campania\/sorrento\/tour-sentiero-degli-dei-con-partenza-da-piazza-tasso\/\" target=\"_blank\" rel=\"noreferrer noopener\">Visite du Sentiero degli Dei au d\u00e9part de la Piazza Tasso<\/a><\/strong>. Il s'agit d'un itin\u00e9raire de trekking le long du c\u00e9l\u00e8bre Sentiero degli Dei (Chemin des Dieux) qui se d\u00e9place entre les c\u00f4tes d'Amalfi et de Sorrente. En fait, il relie <strong>Bomerano<\/strong>village d'Agerola, avec <strong>Nocelle<\/strong>village de Positano.<\/p>\n<p><!-- \/wp:paragraph --><!-- wp:paragraph --><\/p>\n<p>Enfin, nous vous fournissons un<strong><a href=\"https:\/\/movery.it\/fr\/campania\/costiera-amalfitana\/escursione-valle-ferriere\/\" target=\"_blank\" rel=\"noreferrer noopener\">excursion dans la vall\u00e9e de Ferriere pour les groupes priv\u00e9s<\/a><\/strong>. La promenade est tr\u00e8s facile et passe entre les villes de Minuta et Pontone. Vous verrez de belles for\u00eats, des cascades et les vestiges des anciens moulins \u00e0 papier qui produisaient le c\u00e9l\u00e8bre papier amalfitain. Vous pourrez \u00e9galement admirer les <strong>ferronnerie d'art <\/strong>qui, dans le pass\u00e9, a fourni du fer \u00e0 la R\u00e9publique maritime d'Amalfi.<\/p>\n<p><!-- \/wp:paragraph --><!-- wp:paragraph --><\/p>\n<p>Qu'est-ce que vous attendez ? R\u00e9servez vite vos deux jours sur la c\u00f4te amalfitaine avec nous. Vous ne le regretterez pas !<\/p>\t\t\t\t\t\t<\/div>\n\t\t\t\t<\/div>\n\t\t\t\t\t<\/div>\n\t\t\t\t<\/div>\n\t\t\t\t<\/div>","protected":false},"excerpt":{"rendered":"<p>Parmi les nombreuses merveilles que l'on peut admirer en Campanie, il y a sans aucun doute la Costiera...<\/p>","protected":false},"author":14,"featured_media":40215,"comment_status":"closed","ping_status":"closed","sticky":false,"template":"","format":"standard","meta":{"_seopress_robots_primary_cat":"none","_seopress_titles_title":"Tante attivit\u00e0 ed esperienze da fare in due giorni di vacanza in Costiera Amalfitana per godere delle bellezze della Campania","_seopress_titles_desc":"Natura, monumenti e buon cibo: questo e tanto altro ti aspetta nei due giorni che potrai vivere con Movery tra Vietri e la Costiera Amalfitana","_seopress_robots_index":"","content-type":"","footnotes":""},"categories":[319],"tags":[],"locations":[167,236,789],"class_list":["post-43192","post","type-post","status-publish","format-standard","has-post-thumbnail","hentry","category-eventi","locations-campania","locations-costiera-amalfitana","locations-costiera-cilento"],"pp_statuses_selecting_workflow":false,"pp_workflow_action":"current","pp_status_selection":"publish","_links":{"self":[{"href":"https:\/\/movery.it\/fr\/wp-json\/wp\/v2\/posts\/43192","targetHints":{"allow":["GET"]}}],"collection":[{"href":"https:\/\/movery.it\/fr\/wp-json\/wp\/v2\/posts"}],"about":[{"href":"https:\/\/movery.it\/fr\/wp-json\/wp\/v2\/types\/post"}],"author":[{"embeddable":true,"href":"https:\/\/movery.it\/fr\/wp-json\/wp\/v2\/users\/14"}],"replies":[{"embeddable":true,"href":"https:\/\/movery.it\/fr\/wp-json\/wp\/v2\/comments?post=43192"}],"version-history":[{"count":6,"href":"https:\/\/movery.it\/fr\/wp-json\/wp\/v2\/posts\/43192\/revisions"}],"predecessor-version":[{"id":48730,"href":"https:\/\/movery.it\/fr\/wp-json\/wp\/v2\/posts\/43192\/revisions\/48730"}],"wp:featuredmedia":[{"embeddable":true,"href":"https:\/\/movery.it\/fr\/wp-json\/wp\/v2\/media\/40215"}],"wp:attachment":[{"href":"https:\/\/movery.it\/fr\/wp-json\/wp\/v2\/media?parent=43192"}],"wp:term":[{"taxonomy":"category","embeddable":true,"href":"https:\/\/movery.it\/fr\/wp-json\/wp\/v2\/categories?post=43192"},{"taxonomy":"post_tag","embeddable":true,"href":"https:\/\/movery.it\/fr\/wp-json\/wp\/v2\/tags?post=43192"},{"taxonomy":"locations","embeddable":true,"href":"https:\/\/movery.it\/fr\/wp-json\/wp\/v2\/locations?post=43192"}],"curies":[{"name":"wp","href":"https:\/\/api.w.org\/{rel}","templated":true}]}}