
{"id":49842,"date":"2025-10-16T07:01:11","date_gmt":"2025-10-16T06:01:11","guid":{"rendered":"https:\/\/movery.it\/giornata-in-fattoria-didattica-a-succivo-attivita-ludiche-per-scuole\/"},"modified":"2025-11-03T11:35:29","modified_gmt":"2025-11-03T10:35:29","slug":"giornata-in-fattoria-didattica-a-succivo-attivita-ludiche-per-scuole","status":"publish","type":"post","link":"https:\/\/movery.it\/fr\/giornata-in-fattoria-didattica-a-succivo-attivita-ludiche-per-scuole\/","title":{"rendered":"Journ\u00e9e p\u00e9dagogique \u00e0 la ferme de Succivo : activit\u00e9s ludiques pour les \u00e9coles"},"content":{"rendered":"<div id=\"ez-toc-container\" class=\"ez-toc-v2_0_68_1 ez-toc-wrap-left counter-hierarchy ez-toc-counter ez-toc-custom ez-toc-container-direction\">\n<div class=\"ez-toc-title-container\">\n<p class=\"ez-toc-title\" >Table des mati\u00e8res<\/p>\n<span class=\"ez-toc-title-toggle\"><\/span><\/div>\n<nav><ul class='ez-toc-list ez-toc-list-level-1' ><li class='ez-toc-page-1 ez-toc-heading-level-2'><a class=\"ez-toc-link ez-toc-heading-1\" href=\"https:\/\/movery.it\/fr\/giornata-in-fattoria-didattica-a-succivo-attivita-ludiche-per-scuole\/#Perche_organizzare_una_giornata_in_fattoria_didattica_a_Succivo\" title=\"Pourquoi organiser une journ\u00e9e p\u00e9dagogique \u00e0 la ferme \u00e0 Succivo ?\">Pourquoi organiser une journ\u00e9e p\u00e9dagogique \u00e0 la ferme \u00e0 Succivo ?<\/a><\/li><li class='ez-toc-page-1 ez-toc-heading-level-2'><a class=\"ez-toc-link ez-toc-heading-2\" href=\"https:\/\/movery.it\/fr\/giornata-in-fattoria-didattica-a-succivo-attivita-ludiche-per-scuole\/#Attivita_ludiche_e_didattiche_offerte_dalla_fattoria\" title=\"Activit\u00e9s ludiques et \u00e9ducatives propos\u00e9es par la ferme\">Activit\u00e9s ludiques et \u00e9ducatives propos\u00e9es par la ferme<\/a><\/li><li class='ez-toc-page-1 ez-toc-heading-level-2'><a class=\"ez-toc-link ez-toc-heading-3\" href=\"https:\/\/movery.it\/fr\/giornata-in-fattoria-didattica-a-succivo-attivita-ludiche-per-scuole\/#Proposition_for_you\" title=\"Proposition pour vous\">Proposition pour vous<\/a><\/li><li class='ez-toc-page-1 ez-toc-heading-level-2'><a class=\"ez-toc-link ez-toc-heading-4\" href=\"https:\/\/movery.it\/fr\/giornata-in-fattoria-didattica-a-succivo-attivita-ludiche-per-scuole\/#Apprendimento_e_sviluppo_delle_competenze_nei_bambini\" title=\"Apprentissage et d\u00e9veloppement des comp\u00e9tences chez les enfants\">Apprentissage et d\u00e9veloppement des comp\u00e9tences chez les enfants<\/a><\/li><li class='ez-toc-page-1 ez-toc-heading-level-2'><a class=\"ez-toc-link ez-toc-heading-5\" href=\"https:\/\/movery.it\/fr\/giornata-in-fattoria-didattica-a-succivo-attivita-ludiche-per-scuole\/#Come_organizzare_la_visita_consigli_pratici\" title=\"Comment organiser votre visite : conseils pratiques\">Comment organiser votre visite : conseils pratiques<\/a><\/li><\/ul><\/nav><\/div>\n\t\t<div data-elementor-type=\"wp-post\" data-elementor-id=\"49842\" class=\"elementor elementor-49842\">\n\t\t\t\t<div class=\"elementor-element elementor-element-20621e7d e-flex e-con-boxed e-con e-parent\" data-id=\"20621e7d\" data-element_type=\"container\">\n\t\t\t\t\t<div class=\"e-con-inner\">\n\t\t\t\t<div class=\"elementor-element elementor-element-10a543c4 elementor-widget elementor-widget-text-editor\" data-id=\"10a543c4\" data-element_type=\"widget\" data-widget_type=\"text-editor.default\">\n\t\t\t\t<div class=\"elementor-widget-container\">\n\t\t\t\t\t\t\t<p>Vous cherchez une journ\u00e9e p\u00e9dagogique \u00e0 la ferme \u00e0 Succivo avec des activit\u00e9s amusantes pour les \u00e9coles ?<\/p><p>Cette exp\u00e9rience immersive offre aux enfants la possibilit\u00e9 d'explorer la nature, d'apprendre de l'agriculture et de d\u00e9velopper des comp\u00e9tences fondamentales. Si vous souhaitez offrir \u00e0 vos \u00e9l\u00e8ves une journ\u00e9e \u00e9ducative, vous trouverez ici tous les d\u00e9tails concernant les activit\u00e9s, les avantages et la meilleure fa\u00e7on d'organiser cette sortie scolaire. La lecture de cet article vous donnera un aper\u00e7u complet de ce qui vous attend et de la mani\u00e8re de tirer le meilleur parti de cette initiative.<\/p><h2><span class=\"ez-toc-section\" id=\"Perche_organizzare_una_giornata_in_fattoria_didattica_a_Succivo\"><\/span>Pourquoi organiser une journ\u00e9e p\u00e9dagogique \u00e0 la ferme \u00e0 Succivo ?<span class=\"ez-toc-section-end\"><\/span><\/h2><p>Amener une classe \u00e0 <strong>ferme p\u00e9dagogique \u00e0 Succivo<\/strong> consiste \u00e0 donner aux enfants la possibilit\u00e9 de vivre une exp\u00e9rience concr\u00e8te au contact des animaux, des cultures et des traditions agricoles. Dans un monde de plus en plus technologique, cette activit\u00e9 contribue \u00e0 combler le foss\u00e9 entre les nouvelles g\u00e9n\u00e9rations et la nature.<\/p><p><strong>Principaux avantages :<\/strong><\/p><ul><li>Sensibilisation \u00e0 l'environnement et au respect de la nature<\/li><li>Stimuler la curiosit\u00e9 et la pens\u00e9e scientifique chez les jeunes enfants<\/li><li>Cr\u00e9er un fort esprit d'\u00e9quipe entre les \u00e9l\u00e8ves et les enseignants<\/li><li>Offrir des moments r\u00e9cr\u00e9atifs et \u00e9ducatifs en dehors de la routine scolaire<\/li><\/ul><h2><span class=\"ez-toc-section\" id=\"Attivita_ludiche_e_didattiche_offerte_dalla_fattoria\"><\/span>Activit\u00e9s ludiques et \u00e9ducatives propos\u00e9es par la ferme<span class=\"ez-toc-section-end\"><\/span><\/h2><p>La <em>journ\u00e9e p\u00e9dagogique \u00e0 la ferme \u00e0 Succivo<\/em> propose un riche programme destin\u00e9 aux \u00e9coles maternelles, primaires et secondaires. Les activit\u00e9s ont lieu du lundi au vendredi, de 9h30 \u00e0 12h00, \u00e0 partir du mois d'octobre.<\/p><p><strong>Voici les principales activit\u00e9s pour les \u00e9coliers :<\/strong><\/p><ul><li>Visite guid\u00e9e de la Masseria Campito et explication du parcours ludique<\/li><li>Atelier vendanges : cueillette du raisin, foulage, pressurage et fermentation<\/li><li>Observation de la <em>vigne mari\u00e9e<\/em> et ses particularit\u00e9s biologiques<\/li><li>L'heure du go\u00fbter avec des produits typiques, tels que le pain, l'huile et le sucre<\/li><li>Rencontre avec des poneys et d'autres animaux : caresser et apprendre \u00e0 respecter les animaux de la ferme<\/li><\/ul>\t\t\t\t\t\t<\/div>\n\t\t\t\t<\/div>\n\t\t\t\t\t<\/div>\n\t\t\t\t<\/div>\n\t\t<div class=\"elementor-element elementor-element-87ee689 e-flex e-con-boxed e-con e-parent\" data-id=\"87ee689\" data-element_type=\"container\">\n\t\t\t\t\t<div class=\"e-con-inner\">\n\t\t\t\t<div class=\"elementor-element elementor-element-a2a0889 elementor-widget elementor-widget-shortcode\" data-id=\"a2a0889\" data-element_type=\"widget\" data-widget_type=\"shortcode.default\">\n\t\t\t\t<div class=\"elementor-widget-container\">\n\t\t\t    \n    <div class=\"st-relate st-hotel-room-content\">\n        <div class=\"relate-rooms\">\n            <div class=\"st-hr\"><\/div>\n            <h2 class=\"st-heading-section\"><span class=\"ez-toc-section\" id=\"Proposition_for_you\"><\/span>Proposition pour vous<span class=\"ez-toc-section-end\"><\/span><\/h2>\n            <div class=\"inner service-list-wrapper service-tour\">\n                <div class=\"owl-carousel st-owl-slider\" data-loop=\"false\" data-center=\"true\" data-margin=\"24\" data-responsive=\"{&quot;992&quot;:{&quot;items&quot;:4},&quot;768&quot;:{&quot;items&quot;:2},&quot;0&quot;:{&quot;items&quot;:1}}\"><div class=\"item-slide\"><div class=\"services-item grid item-elementor mb-3\" itemscope itemtype=\"https:\/\/schema.org\/Trip\">\n    <div class=\"item service-border st-border-radius\">\n        <div class=\"header-services-item\" style=\"height: 50px; backround:black\">\n\n            <div class=\"title\">\n                Laboratoire scolaire            <\/div>\n            <div class=\"icon\">\n\n                                    <a href=\"#\" class=\"login\" data-bs-toggle=\"modal\" data-bs-target=\"#st-login-form\">\n\n                        <div class=\"service-add-wishlist\" title=\"Ajouter \u00e0 la liste de souhaits\">\n                            <img decoding=\"async\" src=\"https:\/\/movery.it\/assets\/icons\/ico-favgreen.svg\" height=\"15\" width=\"15\" class=\"movery-home-main-items-child-pic-share ignore-mouse-events\" alt=\"Partager\" \/>\n\n\n                            <div class=\"lds-dual-ring\"><\/div>\n                        <\/div>\n                    <\/a>\n                                <a href=\"https:\/\/movery.it\/fr\/campania\/napoli\/laboratorio-di-cucina-per-le-scuole-pasta-taralli-e-pizza-o-visita-alla-fattoria\/\">\n                    <img decoding=\"async\" src=\"https:\/\/movery.it\/assets\/icons\/card-shopping-cart.svg\" height=\"15\" width=\"15\" class=\"movery-home-main-items-child-pic-share ignore-mouse-events\" alt=\"Partager\" \/>\n\n                <\/a>\n                <a href=\"https:\/\/movery.it\/fr\/campania\/napoli\/laboratorio-di-cucina-per-le-scuole-pasta-taralli-e-pizza-o-visita-alla-fattoria\/\">\n                    <img decoding=\"async\" src=\"https:\/\/static.movery.it\/assets\/img\/icons\/ico-sharegreen.svg\" height=\"15\" width=\"15\" class=\"movery-home-main-items-child-pic-share ignore-mouse-events\" alt=\"Partager\" \/>\n                <\/a>\n\n            <\/div>\n\n        <\/div>\n        <div class=\"featured-image\">\n            <div class=\"st-tag-feature-sale\">\n                                                \n            <\/div>\n\n            <a href=\"https:\/\/movery.it\/fr\/campania\/napoli\/laboratorio-di-cucina-per-le-scuole-pasta-taralli-e-pizza-o-visita-alla-fattoria\/\">\n                <img decoding=\"async\" class=\"feature_activity_img\" itemprop=\"photo\" src=\"https:\/\/movery.it\/wp-content\/uploads\/2025\/10\/cooking_class_gnocchi-450x300.png\" alt=\"Atelier de cuisine pour les \u00e9coles : p\u00e2tes, taralli et pizza ou visite \u00e0 la ferme\" \/>\n            <\/a>\n                    <\/div>\n        <div class=\"content-item\">\n            <a href=\"https:\/\/movery.it\/fr\/campania\/napoli\/laboratorio-di-cucina-per-le-scuole-pasta-taralli-e-pizza-o-visita-alla-fattoria\/\" class=\"title-a\" style=\"height: 3rem;overflow: hidden;\">\n                <p class=\"title\" itemprop=\"name\">\n                    Atelier de cuisine pour les \u00e9coles : p\u00e2tes, taralli et pizza ou visite \u00e0 la ferme                <\/p>\n            <\/a>\n            \n\n                            <div class=\"sub-title st-address d-flex\" itemprop=\"location\" itemscope itemtype=\"https:\/\/schema.org\/Place\">\n                    <span class=\"address\" itemprop=\"address\" itemscope itemtype=\"https:\/\/schema.org\/PostalAddress\">\n                        <span itemprop=\"streetAddress\"> <i class=\"stt-icon-location1\"><\/i> Via del Marzano, 22 Naples<\/span>\n                    <\/span>\n\t\t\t\t\t                            <span class=\"duration\">\n\t\t\t\t\t\t\t\t<i class=\"input-icon st-border-radius field-icon fa\"><svg height=\"11px\" width=\"11px\" version=\"1.1\" id=\"Layer_1\" xmlns=\"http:\/\/www.w3.org\/2000\/svg\" xmlns:xlink=\"http:\/\/www.w3.org\/1999\/xlink\" x=\"0px\" y=\"0px\"\r\n     viewbox=\"0 0 24 24\" style=\"enable-background:new 0 0 24 24;\" xml:space=\"preserve\">\r\n\r\n<g fill=\"#013451\">\r\n    <path d=\"M12,23.25C5.797,23.25,0.75,18.203,0.75,12C0.75,5.797,5.797,0.75,12,0.75c6.203,0,11.25,5.047,11.25,11.25        C23.25,18.203,18.203,23.25,12,23.25z M12,2.25c-5.376,0-9.75,4.374-9.75,9.75s4.374,9.75,9.75,9.75s9.75-4.374,9.75-9.75        S17.376,2.25,12,2.25z\"\/>\r\n    <path d=\"M15.75,16.5c-0.2,0-0.389-0.078-0.53-0.22l-2.25-2.25c-0.302,0.145-0.632,0.22-0.969,0.22c-1.241,0-2.25-1.009-2.25-2.25        c0-0.96,0.615-1.808,1.5-2.121V5.25c0-0.414,0.336-0.75,0.75-0.75s0.75,0.336,0.75,0.75v4.629c0.885,0.314,1.5,1.162,1.5,2.121        c0,0.338-0.075,0.668-0.22,0.969l2.25,2.25c0.292,0.292,0.292,0.768,0,1.061C16.139,16.422,15.95,16.5,15.75,16.5z M12,11.25        c-0.414,0-0.75,0.336-0.75,0.75s0.336,0.75,0.75,0.75s0.75-0.336,0.75-0.75S12.414,11.25,12,11.25z\"\/>\r\n<\/g>\r\n<\/svg><\/i>\t\t\t\t\t\t\t\t3h  \n                        <\/span>\n                                        <\/div>\n            \n            <div class=\"excerpt\" style=\"height: 3rem;\">\n                Une journ\u00e9e \u00e0 la ferme pour les \u00e9coles entre la cuisine, le potager et les animaux : les enfants d\u00e9couvrent...            <\/div>\n\n\n            <div class=\"reviews\" itemprop=\"starRating\" itemscope itemtype=\"https:\/\/schema.org\/Rating\"  style=\"display: block;padding-left: 15px;margin-top: 15px; height: 48px;\">\n                <i class=\"stt-icon-star1\"><\/i>\n                <span class=\"rate\" itemprop=\"ratingValue\" style=\"color: #0f3f5b;\">\n\t\t\t\t\t\t4.7 <span>\/<\/span> 5\n\t\t\t\t\t<\/span>\n\t\t\t\t\t<span class=\"rate-text\" style=\"color: #0f3f5b;\">\n\t\t\t\t\t\tExcellent\t\t\t\t\t<\/span>\n                <span class=\"summary\">\n                    (3 commentaires)\n                <\/span>\n            <\/div>\n            <div class=\"event-date d-none\" itemprop=\"startDate\" content=\"2026-04-25 08:43:27\">2026-04-25 08:43:27<\/div>\n\n                        <div class=\"section-footer\">\n                                <div class=\"section_footer_content\" itemprop=\"priceRange\">\n                    <span class=\"price-tour\" >\n                        <span class=\"price\">&nbsp;&nbsp;&nbsp;&nbsp;<span class=\"sale-top\">De  <span class=\"text-lg lh1em item\"> \u20ac16.00<\/span><\/span><br>&nbsp;&nbsp;&nbsp;&nbsp;une personne<\/span>\n                    <\/span>\n\n                                                <span class=\"unit\">\n\t\t\t\t\t\t        <a href=\"https:\/\/movery.it\/fr\/campania\/napoli\/laboratorio-di-cucina-per-le-scuole-pasta-taralli-e-pizza-o-visita-alla-fattoria\/\" class=\"add_tour\">\n\t\t\t\t\t\t\t        Livre \n\t\t\t\t\t\t        <\/a>\n                            <\/span>\n                                        <\/div>\n            <\/div>\n        <\/div>\n    <\/div>\n<\/div><\/div><div class=\"item-slide\"><div class=\"services-item grid item-elementor mb-3\" itemscope itemtype=\"https:\/\/schema.org\/Trip\">\n    <div class=\"item service-border st-border-radius\">\n        <div class=\"header-services-item\" style=\"height: 50px; backround:black\">\n\n            <div class=\"title\">\n                Ateliers \u00e9ducatifs            <\/div>\n            <div class=\"icon\">\n\n                                    <a href=\"#\" class=\"login\" data-bs-toggle=\"modal\" data-bs-target=\"#st-login-form\">\n\n                        <div class=\"service-add-wishlist\" title=\"Ajouter \u00e0 la liste de souhaits\">\n                            <img decoding=\"async\" src=\"https:\/\/movery.it\/assets\/icons\/ico-favgreen.svg\" height=\"15\" width=\"15\" class=\"movery-home-main-items-child-pic-share ignore-mouse-events\" alt=\"Partager\" \/>\n\n\n                            <div class=\"lds-dual-ring\"><\/div>\n                        <\/div>\n                    <\/a>\n                                <a href=\"https:\/\/movery.it\/fr\/campania\/napoli\/attivita-didattiche-in-fattoria-tra-natura-animali-e-laboratori\/\">\n                    <img decoding=\"async\" src=\"https:\/\/movery.it\/assets\/icons\/card-shopping-cart.svg\" height=\"15\" width=\"15\" class=\"movery-home-main-items-child-pic-share ignore-mouse-events\" alt=\"Partager\" \/>\n\n                <\/a>\n                <a href=\"https:\/\/movery.it\/fr\/campania\/napoli\/attivita-didattiche-in-fattoria-tra-natura-animali-e-laboratori\/\">\n                    <img decoding=\"async\" src=\"https:\/\/static.movery.it\/assets\/img\/icons\/ico-sharegreen.svg\" height=\"15\" width=\"15\" class=\"movery-home-main-items-child-pic-share ignore-mouse-events\" alt=\"Partager\" \/>\n                <\/a>\n\n            <\/div>\n\n        <\/div>\n        <div class=\"featured-image\">\n            <div class=\"st-tag-feature-sale\">\n                                                \n            <\/div>\n\n            <a href=\"https:\/\/movery.it\/fr\/campania\/napoli\/attivita-didattiche-in-fattoria-tra-natura-animali-e-laboratori\/\">\n                <img decoding=\"async\" class=\"feature_activity_img\" itemprop=\"photo\" src=\"https:\/\/movery.it\/wp-content\/uploads\/2024\/11\/gruppo_scuola-450x300.jpg\" alt=\"Activit\u00e9s p\u00e9dagogiques \u00e0 la ferme : apprendre tout en profitant de la nature, des animaux et des ateliers cr\u00e9atifs\" \/>\n            <\/a>\n                    <\/div>\n        <div class=\"content-item\">\n            <a href=\"https:\/\/movery.it\/fr\/campania\/napoli\/attivita-didattiche-in-fattoria-tra-natura-animali-e-laboratori\/\" class=\"title-a\" style=\"height: 3rem;overflow: hidden;\">\n                <p class=\"title\" itemprop=\"name\">\n                    Activit\u00e9s p\u00e9dagogiques \u00e0 la ferme : apprendre tout en profitant de la nature, des animaux et des ateliers cr\u00e9atifs                <\/p>\n            <\/a>\n            \n\n                            <div class=\"sub-title st-address d-flex\" itemprop=\"location\" itemscope itemtype=\"https:\/\/schema.org\/Place\">\n                    <span class=\"address\" itemprop=\"address\" itemscope itemtype=\"https:\/\/schema.org\/PostalAddress\">\n                        <span itemprop=\"streetAddress\"> <i class=\"stt-icon-location1\"><\/i> Via del Marzano 22<\/span>\n                    <\/span>\n\t\t\t\t\t                            <span class=\"duration\">\n\t\t\t\t\t\t\t\t<i class=\"input-icon st-border-radius field-icon fa\"><svg height=\"11px\" width=\"11px\" version=\"1.1\" id=\"Layer_1\" xmlns=\"http:\/\/www.w3.org\/2000\/svg\" xmlns:xlink=\"http:\/\/www.w3.org\/1999\/xlink\" x=\"0px\" y=\"0px\"\r\n     viewbox=\"0 0 24 24\" style=\"enable-background:new 0 0 24 24;\" xml:space=\"preserve\">\r\n\r\n<g fill=\"#013451\">\r\n    <path d=\"M12,23.25C5.797,23.25,0.75,18.203,0.75,12C0.75,5.797,5.797,0.75,12,0.75c6.203,0,11.25,5.047,11.25,11.25        C23.25,18.203,18.203,23.25,12,23.25z M12,2.25c-5.376,0-9.75,4.374-9.75,9.75s4.374,9.75,9.75,9.75s9.75-4.374,9.75-9.75        S17.376,2.25,12,2.25z\"\/>\r\n    <path d=\"M15.75,16.5c-0.2,0-0.389-0.078-0.53-0.22l-2.25-2.25c-0.302,0.145-0.632,0.22-0.969,0.22c-1.241,0-2.25-1.009-2.25-2.25        c0-0.96,0.615-1.808,1.5-2.121V5.25c0-0.414,0.336-0.75,0.75-0.75s0.75,0.336,0.75,0.75v4.629c0.885,0.314,1.5,1.162,1.5,2.121        c0,0.338-0.075,0.668-0.22,0.969l2.25,2.25c0.292,0.292,0.292,0.768,0,1.061C16.139,16.422,15.95,16.5,15.75,16.5z M12,11.25        c-0.414,0-0.75,0.336-0.75,0.75s0.336,0.75,0.75,0.75s0.75-0.336,0.75-0.75S12.414,11.25,12,11.25z\"\/>\r\n<\/g>\r\n<\/svg><\/i>\t\t\t\t\t\t\t\t3h  \n                        <\/span>\n                                        <\/div>\n            \n            <div class=\"excerpt\" style=\"height: 3rem;\">\n                Les activit\u00e9s p\u00e9dagogiques de la ferme offrent une exp\u00e9rience \u00e9ducative compl\u00e8te, avec des itin\u00e9raires th\u00e9matiques qui permettent...            <\/div>\n\n\n            <div class=\"reviews\" itemprop=\"starRating\" itemscope itemtype=\"https:\/\/schema.org\/Rating\"  style=\"display: block;padding-left: 15px;margin-top: 15px; height: 48px;\">\n                <i class=\"stt-icon-star1\"><\/i>\n                <span class=\"rate\" itemprop=\"ratingValue\" style=\"color: #0f3f5b;\">\n\t\t\t\t\t\t4.8 <span>\/<\/span> 5\n\t\t\t\t\t<\/span>\n\t\t\t\t\t<span class=\"rate-text\" style=\"color: #0f3f5b;\">\n\t\t\t\t\t\tExcellent\t\t\t\t\t<\/span>\n                <span class=\"summary\">\n                    (4 commentaires)\n                <\/span>\n            <\/div>\n            <div class=\"event-date d-none\" itemprop=\"startDate\" content=\"2026-04-25 08:43:27\">2026-04-25 08:43:27<\/div>\n\n                        <div class=\"section-footer\">\n                                <div class=\"section_footer_content\" itemprop=\"priceRange\">\n                    <span class=\"price-tour\" >\n                        <span class=\"price\">&nbsp;&nbsp;&nbsp;&nbsp;<span class=\"sale-top\">De  <span class=\"text-lg lh1em item\"> \u20ac15.50<\/span><\/span><br>&nbsp;&nbsp;&nbsp;&nbsp;une personne<\/span>\n                    <\/span>\n\n                                                <span class=\"unit\">\n\t\t\t\t\t\t        <a href=\"https:\/\/movery.it\/fr\/campania\/napoli\/attivita-didattiche-in-fattoria-tra-natura-animali-e-laboratori\/\" class=\"add_tour\">\n\t\t\t\t\t\t\t        Livre \n\t\t\t\t\t\t        <\/a>\n                            <\/span>\n                                        <\/div>\n            <\/div>\n        <\/div>\n    <\/div>\n<\/div><\/div><div class=\"item-slide\"><div class=\"services-item grid item-elementor mb-3\" itemscope itemtype=\"https:\/\/schema.org\/Trip\">\n    <div class=\"item service-border st-border-radius\">\n        <div class=\"header-services-item\" style=\"height: 50px; backround:black\">\n\n            <div class=\"title\">\n                Exp\u00e9riences            <\/div>\n            <div class=\"icon\">\n\n                                    <a href=\"#\" class=\"login\" data-bs-toggle=\"modal\" data-bs-target=\"#st-login-form\">\n\n                        <div class=\"service-add-wishlist\" title=\"Ajouter \u00e0 la liste de souhaits\">\n                            <img decoding=\"async\" src=\"https:\/\/movery.it\/assets\/icons\/ico-favgreen.svg\" height=\"15\" width=\"15\" class=\"movery-home-main-items-child-pic-share ignore-mouse-events\" alt=\"Partager\" \/>\n\n\n                            <div class=\"lds-dual-ring\"><\/div>\n                        <\/div>\n                    <\/a>\n                                <a href=\"https:\/\/movery.it\/fr\/campania\/bacoli\/tour-a-cavallo-tra-le-dune-e-la-selva-di-cuma\/\">\n                    <img decoding=\"async\" src=\"https:\/\/movery.it\/assets\/icons\/card-shopping-cart.svg\" height=\"15\" width=\"15\" class=\"movery-home-main-items-child-pic-share ignore-mouse-events\" alt=\"Partager\" \/>\n\n                <\/a>\n                <a href=\"https:\/\/movery.it\/fr\/campania\/bacoli\/tour-a-cavallo-tra-le-dune-e-la-selva-di-cuma\/\">\n                    <img decoding=\"async\" src=\"https:\/\/static.movery.it\/assets\/img\/icons\/ico-sharegreen.svg\" height=\"15\" width=\"15\" class=\"movery-home-main-items-child-pic-share ignore-mouse-events\" alt=\"Partager\" \/>\n                <\/a>\n\n            <\/div>\n\n        <\/div>\n        <div class=\"featured-image\">\n            <div class=\"st-tag-feature-sale\">\n                                                \n            <\/div>\n\n            <a href=\"https:\/\/movery.it\/fr\/campania\/bacoli\/tour-a-cavallo-tra-le-dune-e-la-selva-di-cuma\/\">\n                <img decoding=\"async\" class=\"feature_activity_img\" itemprop=\"photo\" src=\"https:\/\/movery.it\/wp-content\/uploads\/2024\/10\/cavallo_maneggio-tour-scaled-450x300.jpg\" alt=\"Randonn\u00e9e \u00e0 cheval \u00e0 travers les dunes et la for\u00eat de Cuma (samedi et dimanche)\" \/>\n            <\/a>\n                    <\/div>\n        <div class=\"content-item\">\n            <a href=\"https:\/\/movery.it\/fr\/campania\/bacoli\/tour-a-cavallo-tra-le-dune-e-la-selva-di-cuma\/\" class=\"title-a\" style=\"height: 3rem;overflow: hidden;\">\n                <p class=\"title\" itemprop=\"name\">\n                    Randonn\u00e9e \u00e0 cheval \u00e0 travers les dunes et la for\u00eat de Cuma (samedi et dimanche)                <\/p>\n            <\/a>\n            \n\n                            <div class=\"sub-title st-address d-flex\" itemprop=\"location\" itemscope itemtype=\"https:\/\/schema.org\/Place\">\n                    <span class=\"address\" itemprop=\"address\" itemscope itemtype=\"https:\/\/schema.org\/PostalAddress\">\n                        <span itemprop=\"streetAddress\"> <i class=\"stt-icon-location1\"><\/i> 113 Via delle Colmate<\/span>\n                    <\/span>\n\t\t\t\t\t                            <span class=\"duration\">\n\t\t\t\t\t\t\t\t<i class=\"input-icon st-border-radius field-icon fa\"><svg height=\"11px\" width=\"11px\" version=\"1.1\" id=\"Layer_1\" xmlns=\"http:\/\/www.w3.org\/2000\/svg\" xmlns:xlink=\"http:\/\/www.w3.org\/1999\/xlink\" x=\"0px\" y=\"0px\"\r\n     viewbox=\"0 0 24 24\" style=\"enable-background:new 0 0 24 24;\" xml:space=\"preserve\">\r\n\r\n<g fill=\"#013451\">\r\n    <path d=\"M12,23.25C5.797,23.25,0.75,18.203,0.75,12C0.75,5.797,5.797,0.75,12,0.75c6.203,0,11.25,5.047,11.25,11.25        C23.25,18.203,18.203,23.25,12,23.25z M12,2.25c-5.376,0-9.75,4.374-9.75,9.75s4.374,9.75,9.75,9.75s9.75-4.374,9.75-9.75        S17.376,2.25,12,2.25z\"\/>\r\n    <path d=\"M15.75,16.5c-0.2,0-0.389-0.078-0.53-0.22l-2.25-2.25c-0.302,0.145-0.632,0.22-0.969,0.22c-1.241,0-2.25-1.009-2.25-2.25        c0-0.96,0.615-1.808,1.5-2.121V5.25c0-0.414,0.336-0.75,0.75-0.75s0.75,0.336,0.75,0.75v4.629c0.885,0.314,1.5,1.162,1.5,2.121        c0,0.338-0.075,0.668-0.22,0.969l2.25,2.25c0.292,0.292,0.292,0.768,0,1.061C16.139,16.422,15.95,16.5,15.75,16.5z M12,11.25        c-0.414,0-0.75,0.336-0.75,0.75s0.336,0.75,0.75,0.75s0.75-0.336,0.75-0.75S12.414,11.25,12,11.25z\"\/>\r\n<\/g>\r\n<\/svg><\/i>\t\t\t\t\t\t\t\t1h  \n                        <\/span>\n                                        <\/div>\n            \n            <div class=\"excerpt\" style=\"height: 3rem;\">\n                D\u00e9couvrez la beaut\u00e9 des Campi Flegrei lors d'une excursion \u00e0 cheval \u00e0 travers la nature et...            <\/div>\n\n\n            <div class=\"reviews\" itemprop=\"starRating\" itemscope itemtype=\"https:\/\/schema.org\/Rating\"  style=\"display: block;padding-left: 15px;margin-top: 15px; height: 48px;\">\n                <i class=\"stt-icon-star1\"><\/i>\n                <span class=\"rate\" itemprop=\"ratingValue\" style=\"color: #0f3f5b;\">\n\t\t\t\t\t\t4.9 <span>\/<\/span> 5\n\t\t\t\t\t<\/span>\n\t\t\t\t\t<span class=\"rate-text\" style=\"color: #0f3f5b;\">\n\t\t\t\t\t\tExcellent\t\t\t\t\t<\/span>\n                <span class=\"summary\">\n                    (3 commentaires)\n                <\/span>\n            <\/div>\n            <div class=\"event-date d-none\" itemprop=\"startDate\" content=\"2026-04-25 08:43:27\">2026-04-25 08:43:27<\/div>\n\n                        <div class=\"section-footer\">\n                                <div class=\"section_footer_content\" itemprop=\"priceRange\">\n                    <span class=\"price-tour\" >\n                        <span class=\"price\">&nbsp;&nbsp;&nbsp;&nbsp;<span class=\"sale-top\">De  <span class=\"text-lg lh1em item\"> \u20ac5.00<\/span><\/span><br>&nbsp;&nbsp;&nbsp;&nbsp;une personne<\/span>\n                    <\/span>\n\n                                                <span class=\"unit\">\n\t\t\t\t\t\t        <a href=\"https:\/\/movery.it\/fr\/campania\/bacoli\/tour-a-cavallo-tra-le-dune-e-la-selva-di-cuma\/\" class=\"add_tour\">\n\t\t\t\t\t\t\t        Livre \n\t\t\t\t\t\t        <\/a>\n                            <\/span>\n                                        <\/div>\n            <\/div>\n        <\/div>\n    <\/div>\n<\/div><\/div><div class=\"item-slide\"><div class=\"services-item grid item-elementor mb-3\" itemscope itemtype=\"https:\/\/schema.org\/Trip\">\n    <div class=\"item service-border st-border-radius\">\n        <div class=\"header-services-item\" style=\"height: 50px; backround:black\">\n\n            <div class=\"title\">\n                Ferme            <\/div>\n            <div class=\"icon\">\n\n                                    <a href=\"#\" class=\"login\" data-bs-toggle=\"modal\" data-bs-target=\"#st-login-form\">\n\n                        <div class=\"service-add-wishlist\" title=\"Ajouter \u00e0 la liste de souhaits\">\n                            <img decoding=\"async\" src=\"https:\/\/movery.it\/assets\/icons\/ico-favgreen.svg\" height=\"15\" width=\"15\" class=\"movery-home-main-items-child-pic-share ignore-mouse-events\" alt=\"Partager\" \/>\n\n\n                            <div class=\"lds-dual-ring\"><\/div>\n                        <\/div>\n                    <\/a>\n                                <a href=\"https:\/\/movery.it\/fr\/campania\/caserta\/giornata-di-attivita-ludiche-per-le-scuole-in-fattoria-didattica-a-succcivo\/\">\n                    <img decoding=\"async\" src=\"https:\/\/movery.it\/assets\/icons\/card-shopping-cart.svg\" height=\"15\" width=\"15\" class=\"movery-home-main-items-child-pic-share ignore-mouse-events\" alt=\"Partager\" \/>\n\n                <\/a>\n                <a href=\"https:\/\/movery.it\/fr\/campania\/caserta\/giornata-di-attivita-ludiche-per-le-scuole-in-fattoria-didattica-a-succcivo\/\">\n                    <img decoding=\"async\" src=\"https:\/\/static.movery.it\/assets\/img\/icons\/ico-sharegreen.svg\" height=\"15\" width=\"15\" class=\"movery-home-main-items-child-pic-share ignore-mouse-events\" alt=\"Partager\" \/>\n                <\/a>\n\n            <\/div>\n\n        <\/div>\n        <div class=\"featured-image\">\n            <div class=\"st-tag-feature-sale\">\n                                                \n            <\/div>\n\n            <a href=\"https:\/\/movery.it\/fr\/campania\/caserta\/giornata-di-attivita-ludiche-per-le-scuole-in-fattoria-didattica-a-succcivo\/\">\n                <img decoding=\"async\" class=\"feature_activity_img\" itemprop=\"photo\" src=\"https:\/\/movery.it\/wp-content\/uploads\/2024\/09\/fattoria_didattica-450x300.jpg\" alt=\"Journ\u00e9e d&#039;activit\u00e9s ludiques pour les \u00e9coles \u00e0 la ferme p\u00e9dagogique de Succcivo\" \/>\n            <\/a>\n                    <\/div>\n        <div class=\"content-item\">\n            <a href=\"https:\/\/movery.it\/fr\/campania\/caserta\/giornata-di-attivita-ludiche-per-le-scuole-in-fattoria-didattica-a-succcivo\/\" class=\"title-a\" style=\"height: 3rem;overflow: hidden;\">\n                <p class=\"title\" itemprop=\"name\">\n                    Journ\u00e9e d'activit\u00e9s ludiques pour les \u00e9coles \u00e0 la ferme p\u00e9dagogique de Succcivo                <\/p>\n            <\/a>\n            \n\n                            <div class=\"sub-title st-address d-flex\" itemprop=\"location\" itemscope itemtype=\"https:\/\/schema.org\/Place\">\n                    <span class=\"address\" itemprop=\"address\" itemscope itemtype=\"https:\/\/schema.org\/PostalAddress\">\n                        <span itemprop=\"streetAddress\"> <i class=\"stt-icon-location1\"><\/i> Via Murelle, 31 \u00e0 Succivo (CE)<\/span>\n                    <\/span>\n\t\t\t\t\t                            <span class=\"duration\">\n\t\t\t\t\t\t\t\t<i class=\"input-icon st-border-radius field-icon fa\"><svg height=\"11px\" width=\"11px\" version=\"1.1\" id=\"Layer_1\" xmlns=\"http:\/\/www.w3.org\/2000\/svg\" xmlns:xlink=\"http:\/\/www.w3.org\/1999\/xlink\" x=\"0px\" y=\"0px\"\r\n     viewbox=\"0 0 24 24\" style=\"enable-background:new 0 0 24 24;\" xml:space=\"preserve\">\r\n\r\n<g fill=\"#013451\">\r\n    <path d=\"M12,23.25C5.797,23.25,0.75,18.203,0.75,12C0.75,5.797,5.797,0.75,12,0.75c6.203,0,11.25,5.047,11.25,11.25        C23.25,18.203,18.203,23.25,12,23.25z M12,2.25c-5.376,0-9.75,4.374-9.75,9.75s4.374,9.75,9.75,9.75s9.75-4.374,9.75-9.75        S17.376,2.25,12,2.25z\"\/>\r\n    <path d=\"M15.75,16.5c-0.2,0-0.389-0.078-0.53-0.22l-2.25-2.25c-0.302,0.145-0.632,0.22-0.969,0.22c-1.241,0-2.25-1.009-2.25-2.25        c0-0.96,0.615-1.808,1.5-2.121V5.25c0-0.414,0.336-0.75,0.75-0.75s0.75,0.336,0.75,0.75v4.629c0.885,0.314,1.5,1.162,1.5,2.121        c0,0.338-0.075,0.668-0.22,0.969l2.25,2.25c0.292,0.292,0.292,0.768,0,1.061C16.139,16.422,15.95,16.5,15.75,16.5z M12,11.25        c-0.414,0-0.75,0.336-0.75,0.75s0.336,0.75,0.75,0.75s0.75-0.336,0.75-0.75S12.414,11.25,12,11.25z\"\/>\r\n<\/g>\r\n<\/svg><\/i>\t\t\t\t\t\t\t\t3h  \n                        <\/span>\n                                        <\/div>\n            \n            <div class=\"excerpt\" style=\"height: 3rem;\">\n                Activit\u00e9s r\u00e9cr\u00e9atives pour les enfants \u00e0 la ferme p\u00e9dagogique de Succivo avec laquelle ils peuvent apprendre \u00e0...            <\/div>\n\n\n            <div class=\"reviews\" itemprop=\"starRating\" itemscope itemtype=\"https:\/\/schema.org\/Rating\"  style=\"display: block;padding-left: 15px;margin-top: 15px; height: 48px;\">\n                <i class=\"stt-icon-star1\"><\/i>\n                <span class=\"rate\" itemprop=\"ratingValue\" style=\"color: #0f3f5b;\">\n\t\t\t\t\t\t4.9 <span>\/<\/span> 5\n\t\t\t\t\t<\/span>\n\t\t\t\t\t<span class=\"rate-text\" style=\"color: #0f3f5b;\">\n\t\t\t\t\t\tExcellent\t\t\t\t\t<\/span>\n                <span class=\"summary\">\n                    (3 commentaires)\n                <\/span>\n            <\/div>\n            <div class=\"event-date d-none\" itemprop=\"startDate\" content=\"2026-04-25 08:43:27\">2026-04-25 08:43:27<\/div>\n\n                        <div class=\"section-footer\">\n                                <div class=\"section_footer_content\" itemprop=\"priceRange\">\n                    <span class=\"price-tour\" >\n                        <span class=\"price\">&nbsp;&nbsp;&nbsp;&nbsp;<span class=\"sale-top\">De  <span class=\"text-lg lh1em item\"> \u20ac15.50<\/span><\/span><br>&nbsp;&nbsp;&nbsp;&nbsp;une personne<\/span>\n                    <\/span>\n\n                                                <span class=\"unit\">\n\t\t\t\t\t\t        <a href=\"https:\/\/movery.it\/fr\/campania\/caserta\/giornata-di-attivita-ludiche-per-le-scuole-in-fattoria-didattica-a-succcivo\/\" class=\"add_tour\">\n\t\t\t\t\t\t\t        Livre \n\t\t\t\t\t\t        <\/a>\n                            <\/span>\n                                        <\/div>\n            <\/div>\n        <\/div>\n    <\/div>\n<\/div><\/div><\/div>            <\/div>\n        <\/div>\n    <\/div>\n    \n    \t\t<div class=\"elementor-shortcode\">\n\n\n\n\n\n\n<\/div>\n\t\t\t\t<\/div>\n\t\t\t\t<\/div>\n\t\t\t\t\t<\/div>\n\t\t\t\t<\/div>\n\t\t<div class=\"elementor-element elementor-element-a117614 e-flex e-con-boxed e-con e-parent\" data-id=\"a117614\" data-element_type=\"container\">\n\t\t\t\t\t<div class=\"e-con-inner\">\n\t\t\t\t<div class=\"elementor-element elementor-element-6e70b05 elementor-widget elementor-widget-text-editor\" data-id=\"6e70b05\" data-element_type=\"widget\" data-widget_type=\"text-editor.default\">\n\t\t\t\t<div class=\"elementor-widget-container\">\n\t\t\t\t\t\t\t<h2><span class=\"ez-toc-section\" id=\"Apprendimento_e_sviluppo_delle_competenze_nei_bambini\"><\/span>Apprentissage et d\u00e9veloppement des comp\u00e9tences chez les enfants<span class=\"ez-toc-section-end\"><\/span><\/h2><p>Participer \u00e0 un <strong>journ\u00e9e p\u00e9dagogique \u00e0 la ferme \u00e0 Succivo<\/strong> permet aux enfants d'apprendre par la pratique. L'exp\u00e9rience en plein air rend le processus d'apprentissage plus efficace, en facilitant la formation des comp\u00e9tences cognitives, motrices et sociales.<\/p><p><strong>Les enfants peuvent :<\/strong><\/p><ul><li>Observer de pr\u00e8s les cycles naturels des plantes et des animaux<\/li><li>D\u00e9velopper des capacit\u00e9s d'observation et d'analyse (diff\u00e9rences, similitudes, formulation d'hypoth\u00e8ses)<\/li><li>Am\u00e9liorer les comp\u00e9tences en mati\u00e8re de r\u00e9solution de probl\u00e8mes en faisant face \u00e0 des situations r\u00e9elles<\/li><li>Renforcer le travail d'\u00e9quipe par des activit\u00e9s de collaboration<\/li><\/ul><p>Tout cela contribue \u00e0 former de futurs citoyens sensibles aux questions de durabilit\u00e9 et de protection de l'environnement.<\/p><h2><span class=\"ez-toc-section\" id=\"Come_organizzare_la_visita_consigli_pratici\"><\/span>Comment organiser votre visite : conseils pratiques<span class=\"ez-toc-section-end\"><\/span><\/h2><p>Planification d'un <strong>sortie scolaire \u00e0 la ferme p\u00e9dagogique de Succivo<\/strong> n'est pas compliqu\u00e9, mais il est important de suivre quelques r\u00e8gles simples pour garantir la s\u00e9curit\u00e9 et l'efficacit\u00e9 de l'enseignement.<\/p><ol><li><strong>Contactez l'\u00e9tablissement \u00e0 l'avance :<\/strong> R\u00e9servez la visite au moins quelques semaines \u00e0 l'avance pour choisir la meilleure date.<\/li><li><strong>Pr\u00e9parer les enfants :<\/strong> Il leur explique qu'ils vivront une journ\u00e9e diff\u00e9rente, en contact avec la nature et les animaux.<\/li><li><strong>V\u00eatements appropri\u00e9s :<\/strong> Pr\u00e9voir des v\u00eatements confortables, des chaussures ferm\u00e9es et un chapeau. Apportez une bouteille d'eau.<\/li><li><strong>Organisation du d\u00e9jeuner :<\/strong> Le go\u00fbter est g\u00e9n\u00e9ralement fourni par l'\u00e9tablissement, mais il est utile de conna\u00eetre \u00e0 l'avance les \u00e9ventuelles allergies.<\/li><li><strong>Recueillir les autorisations et s'assurer que tous les documents sont \u00e0 jour.<\/strong><\/li><\/ol><p>La journ\u00e9e p\u00e9dagogique \u00e0 la ferme de Succivo est l'occasion parfaite pour une exp\u00e9rience \u00e9ducative, ludique et formatrice pour les \u00e9coles. Contactez-nous pour un devis personnalis\u00e9 au 351 558 5067 ou \u00e9crivez \u00e0 <a class=\"decorated-link cursor-pointer\" rel=\"noopener\" data-start=\"156\" data-end=\"170\">info@movery.it<\/a>. L'\u00e9quipe de Movery sera heureuse de vous \u00e9couter et de trouver la meilleure solution pour vos besoins.<\/p>\t\t\t\t\t\t<\/div>\n\t\t\t\t<\/div>\n\t\t\t\t\t<\/div>\n\t\t\t\t<\/div>\n\t\t\t\t<\/div>","protected":false},"excerpt":{"rendered":"<p>Vous cherchez une journ\u00e9e p\u00e9dagogique \u00e0 la ferme \u00e0 Succivo avec des activit\u00e9s amusantes pour les \u00e9coles ? Cette...<\/p>","protected":false},"author":10,"featured_media":49841,"comment_status":"closed","ping_status":"closed","sticky":false,"template":"","format":"standard","meta":{"_seopress_robots_primary_cat":"none","_seopress_titles_title":"Giornata in fattoria didattica a Succivo: laboratori e giochi per scuole tra natura, animali e tradizioni. Un\u2019esperienza educativa firmata Movery!","_seopress_titles_desc":"Vivi una giornata educativa nella natura! La fattoria didattica di Succivo offre laboratori, giochi e attivit\u00e0 pensate per studenti di ogni et\u00e0, tra animali, orti e tradizioni contadine.","_seopress_robots_index":"","content-type":"","footnotes":""},"categories":[310],"tags":[72],"locations":[167,208],"class_list":["post-49842","post","type-post","status-publish","format-standard","has-post-thumbnail","hentry","category-luoghi-delle-storie","tag-promotion","locations-campania","locations-napoli"],"pp_statuses_selecting_workflow":false,"pp_workflow_action":"current","pp_status_selection":"publish","_links":{"self":[{"href":"https:\/\/movery.it\/fr\/wp-json\/wp\/v2\/posts\/49842","targetHints":{"allow":["GET"]}}],"collection":[{"href":"https:\/\/movery.it\/fr\/wp-json\/wp\/v2\/posts"}],"about":[{"href":"https:\/\/movery.it\/fr\/wp-json\/wp\/v2\/types\/post"}],"author":[{"embeddable":true,"href":"https:\/\/movery.it\/fr\/wp-json\/wp\/v2\/users\/10"}],"replies":[{"embeddable":true,"href":"https:\/\/movery.it\/fr\/wp-json\/wp\/v2\/comments?post=49842"}],"version-history":[{"count":4,"href":"https:\/\/movery.it\/fr\/wp-json\/wp\/v2\/posts\/49842\/revisions"}],"predecessor-version":[{"id":50358,"href":"https:\/\/movery.it\/fr\/wp-json\/wp\/v2\/posts\/49842\/revisions\/50358"}],"wp:featuredmedia":[{"embeddable":true,"href":"https:\/\/movery.it\/fr\/wp-json\/wp\/v2\/media\/49841"}],"wp:attachment":[{"href":"https:\/\/movery.it\/fr\/wp-json\/wp\/v2\/media?parent=49842"}],"wp:term":[{"taxonomy":"category","embeddable":true,"href":"https:\/\/movery.it\/fr\/wp-json\/wp\/v2\/categories?post=49842"},{"taxonomy":"post_tag","embeddable":true,"href":"https:\/\/movery.it\/fr\/wp-json\/wp\/v2\/tags?post=49842"},{"taxonomy":"locations","embeddable":true,"href":"https:\/\/movery.it\/fr\/wp-json\/wp\/v2\/locations?post=49842"}],"curies":[{"name":"wp","href":"https:\/\/api.w.org\/{rel}","templated":true}]}}