
{"id":56108,"date":"2026-01-11T07:00:00","date_gmt":"2026-01-11T06:00:00","guid":{"rendered":"https:\/\/movery.it\/?p=56108"},"modified":"2026-01-15T16:14:31","modified_gmt":"2026-01-15T15:14:31","slug":"cosa-vedere-ad-amalfi-in-un-giorno-guida-completa","status":"publish","type":"post","link":"https:\/\/movery.it\/fr\/cosa-vedere-ad-amalfi-in-un-giorno-guida-completa\/","title":{"rendered":"Que voir \u00e0 Amalfi en une journ\u00e9e : guide complet"},"content":{"rendered":"<div id=\"ez-toc-container\" class=\"ez-toc-v2_0_68_1 ez-toc-wrap-left counter-hierarchy ez-toc-counter ez-toc-custom ez-toc-container-direction\">\n<div class=\"ez-toc-title-container\">\n<p class=\"ez-toc-title\" >Table des mati\u00e8res<\/p>\n<span class=\"ez-toc-title-toggle\"><\/span><\/div>\n<nav><ul class='ez-toc-list ez-toc-list-level-1' ><li class='ez-toc-page-1 ez-toc-heading-level-2'><a class=\"ez-toc-link ez-toc-heading-1\" href=\"https:\/\/movery.it\/fr\/cosa-vedere-ad-amalfi-in-un-giorno-guida-completa\/#Piazza_Flavio_Gioia_punto_di_partenza_ideale\" title=\"Piazza Flavio Gioia : point de d\u00e9part id\u00e9al\">Piazza Flavio Gioia : point de d\u00e9part id\u00e9al<\/a><\/li><li class='ez-toc-page-1 ez-toc-heading-level-2'><a class=\"ez-toc-link ez-toc-heading-2\" href=\"https:\/\/movery.it\/fr\/cosa-vedere-ad-amalfi-in-un-giorno-guida-completa\/#Piazza_Duomo_e_Cattedrale_di_SantAndrea\" title=\"Piazza Duomo et cath\u00e9drale Saint-Andr\u00e9\">Piazza Duomo et cath\u00e9drale Saint-Andr\u00e9<\/a><\/li><li class='ez-toc-page-1 ez-toc-heading-level-2'><a class=\"ez-toc-link ez-toc-heading-3\" href=\"https:\/\/movery.it\/fr\/cosa-vedere-ad-amalfi-in-un-giorno-guida-completa\/#Fontana_di_SantAndrea\" title=\"Fontaine de Saint-Andr\u00e9\">Fontaine de Saint-Andr\u00e9<\/a><\/li><li class='ez-toc-page-1 ez-toc-heading-level-2'><a class=\"ez-toc-link ez-toc-heading-4\" href=\"https:\/\/movery.it\/fr\/cosa-vedere-ad-amalfi-in-un-giorno-guida-completa\/#Rione_Vagliendola_e_Museo_della_Carta\" title=\"Quartier de Vagliendola et mus\u00e9e du papier\">Quartier de Vagliendola et mus\u00e9e du papier<\/a><\/li><li class='ez-toc-page-1 ez-toc-heading-level-2'><a class=\"ez-toc-link ez-toc-heading-5\" href=\"https:\/\/movery.it\/fr\/cosa-vedere-ad-amalfi-in-un-giorno-guida-completa\/#Lungomare_dei_Cavalieri\" title=\"Promenade des chevaliers\">Promenade des chevaliers<\/a><\/li><li class='ez-toc-page-1 ez-toc-heading-level-2'><a class=\"ez-toc-link ez-toc-heading-6\" href=\"https:\/\/movery.it\/fr\/cosa-vedere-ad-amalfi-in-un-giorno-guida-completa\/#Visita_rapida_ad_Amalfi_come_organizzarsi\" title=\"Visite rapide d&#039;Amalfi : comment s&#039;organiser ?\">Visite rapide d'Amalfi : comment s'organiser ?<\/a><\/li><li class='ez-toc-page-1 ez-toc-heading-level-2'><a class=\"ez-toc-link ez-toc-heading-7\" href=\"https:\/\/movery.it\/fr\/cosa-vedere-ad-amalfi-in-un-giorno-guida-completa\/#Proposition_for_you\" title=\"Proposition pour vous\">Proposition pour vous<\/a><\/li><li class='ez-toc-page-1 ez-toc-heading-level-2'><a class=\"ez-toc-link ez-toc-heading-8\" href=\"https:\/\/movery.it\/fr\/cosa-vedere-ad-amalfi-in-un-giorno-guida-completa\/#Esperienze_da_fare_in_Costiera_Amalfitana\" title=\"Exp\u00e9riences \u00e0 faire sur la c\u00f4te amalfitaine\">Exp\u00e9riences \u00e0 faire sur la c\u00f4te amalfitaine<\/a><\/li><\/ul><\/nav><\/div>\n\t\t<div data-elementor-type=\"wp-post\" data-elementor-id=\"56108\" class=\"elementor elementor-56108\">\n\t\t\t\t<div class=\"elementor-element elementor-element-28ee3e99 e-flex e-con-boxed e-con e-parent\" data-id=\"28ee3e99\" data-element_type=\"container\">\n\t\t\t\t\t<div class=\"e-con-inner\">\n\t\t\t\t<div class=\"elementor-element elementor-element-1fadf45e elementor-widget elementor-widget-text-editor\" data-id=\"1fadf45e\" data-element_type=\"widget\" data-widget_type=\"text-editor.default\">\n\t\t\t\t<div class=\"elementor-widget-container\">\n\t\t\t\t\t\t\t<!-- wp:paragraph -->\n<p>Amalfi est l'une des villes les plus embl\u00e9matiques de l'Europe. <strong>C\u00f4te amalfitaine<\/strong>Site du patrimoine mondial de l'UNESCO, c\u00e9l\u00e8bre pour ses paysages spectaculaires, sa mer cristalline, son architecture historique et sa tradition culinaire m\u00e9diterran\u00e9enne. M\u00eame si vous ne disposez que d'une journ\u00e9e, vous pouvez visiter les principaux points d'int\u00e9r\u00eat de la ville en suivant une visite \u00e0 pied qui vous permettra de d\u00e9couvrir son histoire, sa culture et l'atmosph\u00e8re caract\u00e9ristique de la vieille ville.<\/p>\n<!-- \/wp:paragraph --><!-- wp:paragraph -->\n<p>Cet article propose un itin\u00e9raire d\u00e9taill\u00e9 pour visiter Amalfi en une journ\u00e9e, avec des conseils pratiques pour optimiser le temps, d\u00e9couvrir les principales attractions et vivre l'essence de la ville.<\/p>\n<!-- \/wp:paragraph --><!-- wp:heading -->\n<h2 class=\"wp-block-heading\"><span class=\"ez-toc-section\" id=\"Piazza_Flavio_Gioia_punto_di_partenza_ideale\"><\/span>Piazza Flavio Gioia : point de d\u00e9part id\u00e9al<span class=\"ez-toc-section-end\"><\/span><\/h2>\n<!-- \/wp:heading --><!-- wp:paragraph -->\n<p>La visite d'Amalfi peut commencer \u00e0 partir de <strong>Piazza Flavio Gioia<\/strong>L'h\u00f4tel de ville est un des lieux les plus embl\u00e9matiques de la ville et le point d'arriv\u00e9e des bus. De l\u00e0, on peut imm\u00e9diatement observer l'\u00e9nergie et le dynamisme de la ville, notamment les boutiques, les caf\u00e9s et les ruelles caract\u00e9ristiques. La Piazza Flavio Gioia repr\u00e9sente le c\u0153ur battant de la vie de la ville et constitue un excellent point de d\u00e9part pour une visite \u00e0 pied.<\/p>\n<!-- \/wp:paragraph --><!-- wp:heading -->\n<h2 class=\"wp-block-heading\"><span class=\"ez-toc-section\" id=\"Piazza_Duomo_e_Cattedrale_di_SantAndrea\"><\/span>Piazza Duomo et cath\u00e9drale Saint-Andr\u00e9<span class=\"ez-toc-section-end\"><\/span><\/h2>\n<!-- \/wp:heading --><!-- wp:paragraph -->\n<p>En continuant le long de la <strong>Via Duca Mansone I<\/strong>, vous atteignez le <strong>Place de la cath\u00e9drale<\/strong>domin\u00e9e par le paysage <strong>Cath\u00e9drale Saint-Andr\u00e9 l'Ap\u00f4tre<\/strong>l'un des \u00e9difices les plus c\u00e9l\u00e8bres de la ville. La cath\u00e9drale pr\u00e9sente une fa\u00e7ade de style arabe et un escalier monumental menant \u00e0 l'entr\u00e9e principale. \u00c0 l'int\u00e9rieur se trouvent les reliques du saint patron de la ville, Saint-Andr\u00e9.<\/p>\n<!-- \/wp:paragraph --><!-- wp:paragraph -->\n<p>\u00c0 c\u00f4t\u00e9 de la cath\u00e9drale se trouve le <strong>Clo\u00eetre du Paradis<\/strong>un exemple d'architecture m\u00e9di\u00e9vale avec d'\u00e9l\u00e9gantes arcades et des jardins int\u00e9rieurs. <strong>Basilique du Crucifix<\/strong>un lieu d'un grand int\u00e9r\u00eat historique et artistique. La visite de ces \u00e9difices permet de mieux comprendre l'histoire religieuse et culturelle d'Amalfi.<\/p>\n<!-- \/wp:paragraph --><!-- wp:heading -->\n<h2 class=\"wp-block-heading\"><span class=\"ez-toc-section\" id=\"Fontana_di_SantAndrea\"><\/span>Fontaine de Saint-Andr\u00e9<span class=\"ez-toc-section-end\"><\/span><\/h2>\n<!-- \/wp:heading --><!-- wp:paragraph -->\n<p>Sur la place de la cath\u00e9drale se trouve \u00e9galement le <strong>Fontaine de Saint-Andr\u00e9<\/strong>La fontaine, construite au XVIIIe si\u00e8cle et r\u00e9cemment restaur\u00e9e, est l'un des symboles artistiques de la ville. La fontaine repr\u00e9sente l'un des symboles artistiques de la ville et constitue un endroit id\u00e9al pour prendre des photos et appr\u00e9cier la beaut\u00e9 architecturale de la vieille ville.<\/p>\n<!-- \/wp:paragraph --><!-- wp:heading -->\n<h2 class=\"wp-block-heading\"><span class=\"ez-toc-section\" id=\"Rione_Vagliendola_e_Museo_della_Carta\"><\/span>Quartier de Vagliendola et mus\u00e9e du papier<span class=\"ez-toc-section-end\"><\/span><\/h2>\n<!-- \/wp:heading --><!-- wp:paragraph -->\n<p>En continuant \u00e0 travers les ruelles caract\u00e9ristiques du centre, on arrive \u00e0 la <strong>District de Vagliendola<\/strong>l'un des quartiers les plus authentiques d'Amalfi. Vous pouvez y visiter le <strong>Mus\u00e9e du papier<\/strong>qui retrace la production traditionnelle du papier amalfitain, un art ancien et historiquement significatif pour la ville. La visite du mus\u00e9e permet de d\u00e9couvrir l'une des activit\u00e9s historiques les plus importantes de la ville et d'appr\u00e9cier le savoir-faire des habitants.<\/p>\n<!-- \/wp:paragraph --><!-- wp:heading -->\n<h2 class=\"wp-block-heading\"><span class=\"ez-toc-section\" id=\"Lungomare_dei_Cavalieri\"><\/span>Promenade des chevaliers<span class=\"ez-toc-section-end\"><\/span><\/h2>\n<!-- \/wp:heading --><!-- wp:paragraph -->\n<p>Un itin\u00e9raire \u00e0 Amalfi ne peut \u00eatre consid\u00e9r\u00e9 comme complet sans une promenade sur l'\u00eele d'Amalfi. <strong>Promenade des chevaliers<\/strong>o\u00f9 l'on peut admirer la mer et le golfe de Salerne. La promenade du front de mer offre des vues panoramiques d'une grande beaut\u00e9 et constitue une pause id\u00e9ale apr\u00e8s la visite du centre historique. C'est l'endroit id\u00e9al pour observer les bateaux dans le port, respirer la brise marine et prendre des photos.<\/p>\n<!-- \/wp:paragraph --><!-- wp:heading -->\n<h2 class=\"wp-block-heading\"><span class=\"ez-toc-section\" id=\"Visita_rapida_ad_Amalfi_come_organizzarsi\"><\/span>Visite rapide d'Amalfi : comment s'organiser ?<span class=\"ez-toc-section-end\"><\/span><\/h2>\n<!-- \/wp:heading --><!-- wp:paragraph -->\n<p>Si vous ne disposez que de quelques heures pour visiter Amalfi, il est conseill\u00e9 de se concentrer sur les sites suivants <strong>Place de la cath\u00e9drale<\/strong>le centre historique et le front de mer, afin d'avoir une vue d'ensemble de la ville sans perdre trop de temps en d\u00e9placements. M\u00eame une courte visite permet de percevoir l'atmosph\u00e8re unique d'Amalfi, avec ses ruelles \u00e9troites, ses vues pittoresques et le contraste entre la mer et les b\u00e2timents historiques<\/p>\n<!-- \/wp:paragraph --><!-- wp:heading --><!-- \/wp:paragraph -->\t\t\t\t\t\t<\/div>\n\t\t\t\t<\/div>\n\t\t\t\t\t<\/div>\n\t\t\t\t<\/div>\n\t\t<div class=\"elementor-element elementor-element-50feae3 e-flex e-con-boxed e-con e-parent\" data-id=\"50feae3\" data-element_type=\"container\">\n\t\t\t\t\t<div class=\"e-con-inner\">\n\t\t\t\t<div class=\"elementor-element elementor-element-8b850bc elementor-widget elementor-widget-shortcode\" data-id=\"8b850bc\" data-element_type=\"widget\" data-widget_type=\"shortcode.default\">\n\t\t\t\t<div class=\"elementor-widget-container\">\n\t\t\t    \n    <div class=\"st-relate st-hotel-room-content\">\n        <div class=\"relate-rooms\">\n            <div class=\"st-hr\"><\/div>\n            <h2 class=\"st-heading-section\"><span class=\"ez-toc-section\" id=\"Proposition_for_you\"><\/span>Proposition pour vous<span class=\"ez-toc-section-end\"><\/span><\/h2>\n            <div class=\"inner service-list-wrapper service-tour\">\n                <div class=\"owl-carousel st-owl-slider\" data-loop=\"false\" data-center=\"true\" data-margin=\"24\" data-responsive=\"{&quot;992&quot;:{&quot;items&quot;:4},&quot;768&quot;:{&quot;items&quot;:2},&quot;0&quot;:{&quot;items&quot;:1}}\"><div class=\"item-slide\"><div class=\"services-item grid item-elementor mb-3\" itemscope itemtype=\"https:\/\/schema.org\/Trip\">\n    <div class=\"item service-border st-border-radius\">\n    <div class=\"header-services-item\" style=\"height: 50px; backround:black\">\n\n<div class=\"title\" >\n    Excursions en bateau<\/div>\n<div class=\"icon\">\n\n        <a href=\"#\" class=\"login\" data-bs-toggle=\"modal\" data-bs-target=\"#st-login-form\">\n        \n            <div class=\"service-add-wishlist\" title=\"Ajouter \u00e0 la liste de souhaits\">\n            <img decoding=\"async\"  src=\"https:\/\/movery.it\/assets\/icons\/ico-favgreen.svg\" height=\"15\" width=\"15\" class=\"movery-home-main-items-child-pic-share ignore-mouse-events\" alt=\"Partager\" \/>\n\n\n                <div class=\"lds-dual-ring\"><\/div>\n            <\/div>\n        <\/a>\n        <a href=\"https:\/\/movery.it\/fr\/campania\/salerno\/tour-in-barca-in-costiera-full-day-con-aperitivo-da-salerno\/\">\n    <img decoding=\"async\"  src=\"https:\/\/movery.it\/assets\/icons\/card-shopping-cart.svg\" height=\"15\" width=\"15\" class=\"movery-home-main-items-child-pic-share ignore-mouse-events\" alt=\"Partager\" \/>\n\n    <\/a>\n    <a href=\"https:\/\/movery.it\/fr\/campania\/salerno\/tour-in-barca-in-costiera-full-day-con-aperitivo-da-salerno\/\">\n    <img decoding=\"async\"  src=\"https:\/\/static.movery.it\/assets\/img\/icons\/ico-sharegreen.svg\" height=\"15\" width=\"15\" class=\"movery-home-main-items-child-pic-share ignore-mouse-events\" alt=\"Partager\" \/>\n    <\/a>\n    \n<\/div>\n\n<\/div>\n        <div class=\"featured-image\">\n            <div class=\"st-tag-feature-sale\">\n                \n                                                            <\/div>\n\n            <a href=\"https:\/\/movery.it\/fr\/campania\/salerno\/tour-in-barca-in-costiera-full-day-con-aperitivo-da-salerno\/\">\n                <img decoding=\"async\" class=\"feature_tour_img\" itemprop=\"photo\" src=\"https:\/\/movery.it\/wp-content\/uploads\/2025\/12\/tour_barca_aperitivo-450x300.png\"\n                     alt=\"Excursion en bateau priv\u00e9 sur la c\u00f4te amalfitaine, journ\u00e9e compl\u00e8te avec ap\u00e9ritif, au d\u00e9part de Salerne et d&#039;autres ports\" \/>\n            <\/a>\n                    <\/div>\n        <div class=\"content-item\">\n        <a href=\"https:\/\/movery.it\/fr\/campania\/salerno\/tour-in-barca-in-costiera-full-day-con-aperitivo-da-salerno\/\"  class=\"title-a\" style=\"height: 3rem;overflow: hidden;\">\n        <p class=\"title\" itemprop=\"name\">\n               Excursion en bateau priv\u00e9 sur la c\u00f4te amalfitaine, journ\u00e9e compl\u00e8te avec ap\u00e9ritif, au d\u00e9part de Salerne et d'autres ports        <\/p>\n                <\/a>   \n        \n                            <div class=\"sub-title st-address d-flex\" itemprop=\"location\" itemscope itemtype=\"https:\/\/schema.org\/Place\">\n                    <span class=\"address\" itemprop=\"address\" itemscope itemtype=\"https:\/\/schema.org\/PostalAddress\">\n                        <span itemprop=\"streetAddress\"> <i class=\"stt-icon-location1\"><\/i> Molo Manfredi, Salerno<\/span>\n                    <\/span>\n\t\t\t\t\t                            <span class=\"duration\">\n\t\t\t\t\t\t\t\t<i class=\"input-icon st-border-radius field-icon fa\"><svg height=\"11px\" width=\"11px\" version=\"1.1\" id=\"Layer_1\" xmlns=\"http:\/\/www.w3.org\/2000\/svg\" xmlns:xlink=\"http:\/\/www.w3.org\/1999\/xlink\" x=\"0px\" y=\"0px\"\r\n     viewbox=\"0 0 24 24\" style=\"enable-background:new 0 0 24 24;\" xml:space=\"preserve\">\r\n\r\n<g fill=\"#013451\">\r\n    <path d=\"M12,23.25C5.797,23.25,0.75,18.203,0.75,12C0.75,5.797,5.797,0.75,12,0.75c6.203,0,11.25,5.047,11.25,11.25        C23.25,18.203,18.203,23.25,12,23.25z M12,2.25c-5.376,0-9.75,4.374-9.75,9.75s4.374,9.75,9.75,9.75s9.75-4.374,9.75-9.75        S17.376,2.25,12,2.25z\"\/>\r\n    <path d=\"M15.75,16.5c-0.2,0-0.389-0.078-0.53-0.22l-2.25-2.25c-0.302,0.145-0.632,0.22-0.969,0.22c-1.241,0-2.25-1.009-2.25-2.25        c0-0.96,0.615-1.808,1.5-2.121V5.25c0-0.414,0.336-0.75,0.75-0.75s0.75,0.336,0.75,0.75v4.629c0.885,0.314,1.5,1.162,1.5,2.121        c0,0.338-0.075,0.668-0.22,0.969l2.25,2.25c0.292,0.292,0.292,0.768,0,1.061C16.139,16.422,15.95,16.5,15.75,16.5z M12,11.25        c-0.414,0-0.75,0.336-0.75,0.75s0.336,0.75,0.75,0.75s0.75-0.336,0.75-0.75S12.414,11.25,12,11.25z\"\/>\r\n<\/g>\r\n<\/svg><\/i>\t\t\t\t\t\t\t\t8h  \n                        <\/span>\n                                        <\/div>\n            \n            <div class=\"excerpt\" style=\"height: 3rem;\">\n            Vous voulez vivre une exp\u00e9rience unique ? Choisissez cette excursion en bateau d'une journ\u00e9e sur la c\u00f4te amalfitaine avec...            <\/div>\n\n\n            <div class=\"reviews\" itemprop=\"starRating\" itemscope itemtype=\"https:\/\/schema.org\/Rating\"  style=\"display: block;padding-left: 15px;margin-top: 15px; height: 48px;\">\n                <i class=\"stt-icon-star1\"><\/i>\n                <span class=\"rate\" itemprop=\"ratingValue\" style=\"color: #0f3f5b;\">\n\t\t\t\t\t\t4.6 <span>\/<\/span> 5\n\t\t\t\t\t<\/span>\n\t\t\t\t\t<span class=\"rate-text\" style=\"color: #0f3f5b;\">\n\t\t\t\t\t\tExcellent\t\t\t\t\t<\/span>\n                <span class=\"summary\">\n                    (6 commentaires)\n                <\/span>\n            <\/div>\n            <div class=\"event-date d-none\" itemprop=\"startDate\" content=\"2026-04-30 14:20:31\">2026-04-30 14:20:31<\/div>\n            \n                     <div class=\"section-footer\">\n                                <div class=\"section_footer_content\" itemprop=\"priceRange\">\n                    <span class=\"price-tour\">\n                        <span class=\"price\">&nbsp;&nbsp;&nbsp;&nbsp;<span class=\"sale-top\">De  <span class=\"text-lg lh1em item\"> \u20ac125.00<\/span><\/span><br>&nbsp;&nbsp;&nbsp;&nbsp;une personne<\/span>\n                    <\/span>\n                    \n                                                <span class=\"unit\">\n\t\t\t\t\t\t        <a href=\"https:\/\/movery.it\/fr\/campania\/salerno\/tour-in-barca-in-costiera-full-day-con-aperitivo-da-salerno\/\" class=\"add_tour\">\n\t\t\t\t\t\t\t        Livre \n\t\t\t\t\t\t        <\/a>\n                            <\/span>\n                                        <\/div>\n            <\/div>\n        <\/div>\n    <\/div>\n<\/div><\/div><div class=\"item-slide\"><div class=\"services-item grid item-elementor mb-3\" itemscope itemtype=\"https:\/\/schema.org\/Trip\">\n    <div class=\"item service-border st-border-radius\">\n    <div class=\"header-services-item\" style=\"height: 50px; backround:black\">\n\n<div class=\"title\" >\n    Excursions en bateau<\/div>\n<div class=\"icon\">\n\n        <a href=\"#\" class=\"login\" data-bs-toggle=\"modal\" data-bs-target=\"#st-login-form\">\n        \n            <div class=\"service-add-wishlist\" title=\"Ajouter \u00e0 la liste de souhaits\">\n            <img decoding=\"async\"  src=\"https:\/\/movery.it\/assets\/icons\/ico-favgreen.svg\" height=\"15\" width=\"15\" class=\"movery-home-main-items-child-pic-share ignore-mouse-events\" alt=\"Partager\" \/>\n\n\n                <div class=\"lds-dual-ring\"><\/div>\n            <\/div>\n        <\/a>\n        <a href=\"https:\/\/movery.it\/fr\/campania\/salerno\/tour-mezza-giornata-in-costiera-con-aperitivo-e-partenza-da-salerno\/\">\n    <img decoding=\"async\"  src=\"https:\/\/movery.it\/assets\/icons\/card-shopping-cart.svg\" height=\"15\" width=\"15\" class=\"movery-home-main-items-child-pic-share ignore-mouse-events\" alt=\"Partager\" \/>\n\n    <\/a>\n    <a href=\"https:\/\/movery.it\/fr\/campania\/salerno\/tour-mezza-giornata-in-costiera-con-aperitivo-e-partenza-da-salerno\/\">\n    <img decoding=\"async\"  src=\"https:\/\/static.movery.it\/assets\/img\/icons\/ico-sharegreen.svg\" height=\"15\" width=\"15\" class=\"movery-home-main-items-child-pic-share ignore-mouse-events\" alt=\"Partager\" \/>\n    <\/a>\n    \n<\/div>\n\n<\/div>\n        <div class=\"featured-image\">\n            <div class=\"st-tag-feature-sale\">\n                \n                                                            <\/div>\n\n            <a href=\"https:\/\/movery.it\/fr\/campania\/salerno\/tour-mezza-giornata-in-costiera-con-aperitivo-e-partenza-da-salerno\/\">\n                <img decoding=\"async\" class=\"feature_tour_img\" itemprop=\"photo\" src=\"https:\/\/movery.it\/wp-content\/uploads\/2025\/11\/aperitivo_tour_in_barca_costiera_da_salerno-450x300.png\"\n                     alt=\"Excursion priv\u00e9e d&#039;une demi-journ\u00e9e sur la c\u00f4te amalfitaine avec ap\u00e9ritif \u00e0 bord et d\u00e9part de Salerne et d&#039;autres ports\" \/>\n            <\/a>\n                    <\/div>\n        <div class=\"content-item\">\n        <a href=\"https:\/\/movery.it\/fr\/campania\/salerno\/tour-mezza-giornata-in-costiera-con-aperitivo-e-partenza-da-salerno\/\"  class=\"title-a\" style=\"height: 3rem;overflow: hidden;\">\n        <p class=\"title\" itemprop=\"name\">\n               Excursion priv\u00e9e d'une demi-journ\u00e9e sur la c\u00f4te amalfitaine avec ap\u00e9ritif \u00e0 bord et d\u00e9part de Salerne et d'autres ports        <\/p>\n                <\/a>   \n        \n                            <div class=\"sub-title st-address d-flex\" itemprop=\"location\" itemscope itemtype=\"https:\/\/schema.org\/Place\">\n                    <span class=\"address\" itemprop=\"address\" itemscope itemtype=\"https:\/\/schema.org\/PostalAddress\">\n                        <span itemprop=\"streetAddress\"> <i class=\"stt-icon-location1\"><\/i> Molo Manfredi, Salerno<\/span>\n                    <\/span>\n\t\t\t\t\t                            <span class=\"duration\">\n\t\t\t\t\t\t\t\t<i class=\"input-icon st-border-radius field-icon fa\"><svg height=\"11px\" width=\"11px\" version=\"1.1\" id=\"Layer_1\" xmlns=\"http:\/\/www.w3.org\/2000\/svg\" xmlns:xlink=\"http:\/\/www.w3.org\/1999\/xlink\" x=\"0px\" y=\"0px\"\r\n     viewbox=\"0 0 24 24\" style=\"enable-background:new 0 0 24 24;\" xml:space=\"preserve\">\r\n\r\n<g fill=\"#013451\">\r\n    <path d=\"M12,23.25C5.797,23.25,0.75,18.203,0.75,12C0.75,5.797,5.797,0.75,12,0.75c6.203,0,11.25,5.047,11.25,11.25        C23.25,18.203,18.203,23.25,12,23.25z M12,2.25c-5.376,0-9.75,4.374-9.75,9.75s4.374,9.75,9.75,9.75s9.75-4.374,9.75-9.75        S17.376,2.25,12,2.25z\"\/>\r\n    <path d=\"M15.75,16.5c-0.2,0-0.389-0.078-0.53-0.22l-2.25-2.25c-0.302,0.145-0.632,0.22-0.969,0.22c-1.241,0-2.25-1.009-2.25-2.25        c0-0.96,0.615-1.808,1.5-2.121V5.25c0-0.414,0.336-0.75,0.75-0.75s0.75,0.336,0.75,0.75v4.629c0.885,0.314,1.5,1.162,1.5,2.121        c0,0.338-0.075,0.668-0.22,0.969l2.25,2.25c0.292,0.292,0.292,0.768,0,1.061C16.139,16.422,15.95,16.5,15.75,16.5z M12,11.25        c-0.414,0-0.75,0.336-0.75,0.75s0.336,0.75,0.75,0.75s0.75-0.336,0.75-0.75S12.414,11.25,12,11.25z\"\/>\r\n<\/g>\r\n<\/svg><\/i>\t\t\t\t\t\t\t\t3h  \n                        <\/span>\n                                        <\/div>\n            \n            <div class=\"excerpt\" style=\"height: 3rem;\">\n            Soleil, mer et bonne cuisine : tout cela et bien plus encore vous attend dans ce circuit...            <\/div>\n\n\n            <div class=\"reviews\" itemprop=\"starRating\" itemscope itemtype=\"https:\/\/schema.org\/Rating\"  style=\"display: block;padding-left: 15px;margin-top: 15px; height: 48px;\">\n                <i class=\"stt-icon-star1\"><\/i>\n                <span class=\"rate\" itemprop=\"ratingValue\" style=\"color: #0f3f5b;\">\n\t\t\t\t\t\t4.6 <span>\/<\/span> 5\n\t\t\t\t\t<\/span>\n\t\t\t\t\t<span class=\"rate-text\" style=\"color: #0f3f5b;\">\n\t\t\t\t\t\tExcellent\t\t\t\t\t<\/span>\n                <span class=\"summary\">\n                    (6 commentaires)\n                <\/span>\n            <\/div>\n            <div class=\"event-date d-none\" itemprop=\"startDate\" content=\"2026-04-30 14:20:31\">2026-04-30 14:20:31<\/div>\n            \n                     <div class=\"section-footer\">\n                                <div class=\"section_footer_content\" itemprop=\"priceRange\">\n                    <span class=\"price-tour\">\n                        <span class=\"price\">&nbsp;&nbsp;&nbsp;&nbsp;<span class=\"sale-top\">De  <span class=\"text-lg lh1em item\"> \u20ac87.50<\/span><\/span><br>&nbsp;&nbsp;&nbsp;&nbsp;une personne<\/span>\n                    <\/span>\n                    \n                                                <span class=\"unit\">\n\t\t\t\t\t\t        <a href=\"https:\/\/movery.it\/fr\/campania\/salerno\/tour-mezza-giornata-in-costiera-con-aperitivo-e-partenza-da-salerno\/\" class=\"add_tour\">\n\t\t\t\t\t\t\t        Livre \n\t\t\t\t\t\t        <\/a>\n                            <\/span>\n                                        <\/div>\n            <\/div>\n        <\/div>\n    <\/div>\n<\/div><\/div><div class=\"item-slide\"><div class=\"services-item grid item-elementor mb-3\" itemscope itemtype=\"https:\/\/schema.org\/Trip\">\n    <div class=\"item service-border st-border-radius\">\n    <div class=\"header-services-item\" style=\"height: 50px; backround:black\">\n\n<div class=\"title\" >\n    Excursions en bateau<\/div>\n<div class=\"icon\">\n\n        <a href=\"#\" class=\"login\" data-bs-toggle=\"modal\" data-bs-target=\"#st-login-form\">\n        \n            <div class=\"service-add-wishlist\" title=\"Ajouter \u00e0 la liste de souhaits\">\n            <img decoding=\"async\"  src=\"https:\/\/movery.it\/assets\/icons\/ico-favgreen.svg\" height=\"15\" width=\"15\" class=\"movery-home-main-items-child-pic-share ignore-mouse-events\" alt=\"Partager\" \/>\n\n\n                <div class=\"lds-dual-ring\"><\/div>\n            <\/div>\n        <\/a>\n        <a href=\"https:\/\/movery.it\/fr\/campania\/bacoli\/tour-in-barca-verso-napoli-sorrento-o-amalfi\/\">\n    <img decoding=\"async\"  src=\"https:\/\/movery.it\/assets\/icons\/card-shopping-cart.svg\" height=\"15\" width=\"15\" class=\"movery-home-main-items-child-pic-share ignore-mouse-events\" alt=\"Partager\" \/>\n\n    <\/a>\n    <a href=\"https:\/\/movery.it\/fr\/campania\/bacoli\/tour-in-barca-verso-napoli-sorrento-o-amalfi\/\">\n    <img decoding=\"async\"  src=\"https:\/\/static.movery.it\/assets\/img\/icons\/ico-sharegreen.svg\" height=\"15\" width=\"15\" class=\"movery-home-main-items-child-pic-share ignore-mouse-events\" alt=\"Partager\" \/>\n    <\/a>\n    \n<\/div>\n\n<\/div>\n        <div class=\"featured-image\">\n            <div class=\"st-tag-feature-sale\">\n                \n                                                            <\/div>\n\n            <a href=\"https:\/\/movery.it\/fr\/campania\/bacoli\/tour-in-barca-verso-napoli-sorrento-o-amalfi\/\">\n                <img decoding=\"async\" class=\"feature_tour_img\" itemprop=\"photo\" src=\"https:\/\/movery.it\/wp-content\/uploads\/2025\/11\/aperitivo_da_bacoli_tour-450x300.webp\"\n                     alt=\"De Bacoli \u00e0 la c\u00f4te : excursions en bateau vers Naples, Sorrente ou Amalfi\" \/>\n            <\/a>\n                    <\/div>\n        <div class=\"content-item\">\n        <a href=\"https:\/\/movery.it\/fr\/campania\/bacoli\/tour-in-barca-verso-napoli-sorrento-o-amalfi\/\"  class=\"title-a\" style=\"height: 3rem;overflow: hidden;\">\n        <p class=\"title\" itemprop=\"name\">\n               De Bacoli \u00e0 la c\u00f4te : excursions en bateau vers Naples, Sorrente ou Amalfi        <\/p>\n                <\/a>   \n        \n                            <div class=\"sub-title st-address d-flex\" itemprop=\"location\" itemscope itemtype=\"https:\/\/schema.org\/Place\">\n                    <span class=\"address\" itemprop=\"address\" itemscope itemtype=\"https:\/\/schema.org\/PostalAddress\">\n                        <span itemprop=\"streetAddress\"> <i class=\"stt-icon-location1\"><\/i> Via della Shoah, Bacoli<\/span>\n                    <\/span>\n\t\t\t\t\t                            <span class=\"duration\">\n\t\t\t\t\t\t\t\t<i class=\"input-icon st-border-radius field-icon fa\"><svg height=\"11px\" width=\"11px\" version=\"1.1\" id=\"Layer_1\" xmlns=\"http:\/\/www.w3.org\/2000\/svg\" xmlns:xlink=\"http:\/\/www.w3.org\/1999\/xlink\" x=\"0px\" y=\"0px\"\r\n     viewbox=\"0 0 24 24\" style=\"enable-background:new 0 0 24 24;\" xml:space=\"preserve\">\r\n\r\n<g fill=\"#013451\">\r\n    <path d=\"M12,23.25C5.797,23.25,0.75,18.203,0.75,12C0.75,5.797,5.797,0.75,12,0.75c6.203,0,11.25,5.047,11.25,11.25        C23.25,18.203,18.203,23.25,12,23.25z M12,2.25c-5.376,0-9.75,4.374-9.75,9.75s4.374,9.75,9.75,9.75s9.75-4.374,9.75-9.75        S17.376,2.25,12,2.25z\"\/>\r\n    <path d=\"M15.75,16.5c-0.2,0-0.389-0.078-0.53-0.22l-2.25-2.25c-0.302,0.145-0.632,0.22-0.969,0.22c-1.241,0-2.25-1.009-2.25-2.25        c0-0.96,0.615-1.808,1.5-2.121V5.25c0-0.414,0.336-0.75,0.75-0.75s0.75,0.336,0.75,0.75v4.629c0.885,0.314,1.5,1.162,1.5,2.121        c0,0.338-0.075,0.668-0.22,0.969l2.25,2.25c0.292,0.292,0.292,0.768,0,1.061C16.139,16.422,15.95,16.5,15.75,16.5z M12,11.25        c-0.414,0-0.75,0.336-0.75,0.75s0.336,0.75,0.75,0.75s0.75-0.336,0.75-0.75S12.414,11.25,12,11.25z\"\/>\r\n<\/g>\r\n<\/svg><\/i>\t\t\t\t\t\t\t\t8h  \n                        <\/span>\n                                        <\/div>\n            \n            <div class=\"excerpt\" style=\"height: 3rem;\">\n            Envie d'une exp\u00e9rience particuli\u00e8re ? R\u00e9servez une excursion en bateau sur la c\u00f4te amalfitaine pour admirer les...            <\/div>\n\n\n            <div class=\"reviews\" itemprop=\"starRating\" itemscope itemtype=\"https:\/\/schema.org\/Rating\"  style=\"display: block;padding-left: 15px;margin-top: 15px; height: 48px;\">\n                <i class=\"stt-icon-star1\"><\/i>\n                <span class=\"rate\" itemprop=\"ratingValue\" style=\"color: #0f3f5b;\">\n\t\t\t\t\t\t4.3 <span>\/<\/span> 5\n\t\t\t\t\t<\/span>\n\t\t\t\t\t<span class=\"rate-text\" style=\"color: #0f3f5b;\">\n\t\t\t\t\t\tExcellent\t\t\t\t\t<\/span>\n                <span class=\"summary\">\n                    (6 commentaires)\n                <\/span>\n            <\/div>\n            <div class=\"event-date d-none\" itemprop=\"startDate\" content=\"2026-04-30 14:20:31\">2026-04-30 14:20:31<\/div>\n            \n                     <div class=\"section-footer\">\n                                <div class=\"section_footer_content\" itemprop=\"priceRange\">\n                    <span class=\"price-tour\">\n                        <span class=\"price\">&nbsp;&nbsp;&nbsp;&nbsp;<span class=\"sale-top\">De  <span class=\"text-lg lh1em item\"> \u20ac105.00<\/span><\/span><br>&nbsp;&nbsp;&nbsp;&nbsp;une personne<\/span>\n                    <\/span>\n                    \n                                                <span class=\"unit\">\n\t\t\t\t\t\t        <a href=\"https:\/\/movery.it\/fr\/campania\/bacoli\/tour-in-barca-verso-napoli-sorrento-o-amalfi\/\" class=\"add_tour\">\n\t\t\t\t\t\t\t        Livre \n\t\t\t\t\t\t        <\/a>\n                            <\/span>\n                                        <\/div>\n            <\/div>\n        <\/div>\n    <\/div>\n<\/div><\/div><div class=\"item-slide\"><div class=\"services-item grid item-elementor mb-3\" itemscope itemtype=\"https:\/\/schema.org\/Trip\">\n    <div class=\"item service-border st-border-radius\">\n    <div class=\"header-services-item\" style=\"height: 50px; backround:black\">\n\n<div class=\"title\" >\n    Visites en Vespa<\/div>\n<div class=\"icon\">\n\n        <a href=\"#\" class=\"login\" data-bs-toggle=\"modal\" data-bs-target=\"#st-login-form\">\n        \n            <div class=\"service-add-wishlist\" title=\"Ajouter \u00e0 la liste de souhaits\">\n            <img decoding=\"async\"  src=\"https:\/\/movery.it\/assets\/icons\/ico-favgreen.svg\" height=\"15\" width=\"15\" class=\"movery-home-main-items-child-pic-share ignore-mouse-events\" alt=\"Partager\" \/>\n\n\n                <div class=\"lds-dual-ring\"><\/div>\n            <\/div>\n        <\/a>\n        <a href=\"https:\/\/movery.it\/fr\/campania\/napoli\/tour-in-vespa-in-costiera-amalfitana-con-partenza-da-napoli\/\">\n    <img decoding=\"async\"  src=\"https:\/\/movery.it\/assets\/icons\/card-shopping-cart.svg\" height=\"15\" width=\"15\" class=\"movery-home-main-items-child-pic-share ignore-mouse-events\" alt=\"Partager\" \/>\n\n    <\/a>\n    <a href=\"https:\/\/movery.it\/fr\/campania\/napoli\/tour-in-vespa-in-costiera-amalfitana-con-partenza-da-napoli\/\">\n    <img decoding=\"async\"  src=\"https:\/\/static.movery.it\/assets\/img\/icons\/ico-sharegreen.svg\" height=\"15\" width=\"15\" class=\"movery-home-main-items-child-pic-share ignore-mouse-events\" alt=\"Partager\" \/>\n    <\/a>\n    \n<\/div>\n\n<\/div>\n        <div class=\"featured-image\">\n            <div class=\"st-tag-feature-sale\">\n                \n                                                            <\/div>\n\n            <a href=\"https:\/\/movery.it\/fr\/campania\/napoli\/tour-in-vespa-in-costiera-amalfitana-con-partenza-da-napoli\/\">\n                <img decoding=\"async\" class=\"feature_tour_img\" itemprop=\"photo\" src=\"https:\/\/movery.it\/wp-content\/uploads\/2025\/05\/Amalfi-coast-tour_vespa-450x300.jpg\"\n                     alt=\"Excursion en Vespa sur la c\u00f4te amalfitaine, au c\u0153ur de la beaut\u00e9 et de l&#039;histoire, au d\u00e9part de Naples\" \/>\n            <\/a>\n                    <\/div>\n        <div class=\"content-item\">\n        <a href=\"https:\/\/movery.it\/fr\/campania\/napoli\/tour-in-vespa-in-costiera-amalfitana-con-partenza-da-napoli\/\"  class=\"title-a\" style=\"height: 3rem;overflow: hidden;\">\n        <p class=\"title\" itemprop=\"name\">\n               Excursion en Vespa sur la c\u00f4te amalfitaine, au c\u0153ur de la beaut\u00e9 et de l'histoire, au d\u00e9part de Naples        <\/p>\n                <\/a>   \n        \n                            <div class=\"sub-title st-address d-flex\" itemprop=\"location\" itemscope itemtype=\"https:\/\/schema.org\/Place\">\n                    <span class=\"address\" itemprop=\"address\" itemscope itemtype=\"https:\/\/schema.org\/PostalAddress\">\n                        <span itemprop=\"streetAddress\"> <i class=\"stt-icon-location1\"><\/i> Via Santa Lucia 36\/A, Naples<\/span>\n                    <\/span>\n\t\t\t\t\t                            <span class=\"duration\">\n\t\t\t\t\t\t\t\t<i class=\"input-icon st-border-radius field-icon fa\"><svg height=\"11px\" width=\"11px\" version=\"1.1\" id=\"Layer_1\" xmlns=\"http:\/\/www.w3.org\/2000\/svg\" xmlns:xlink=\"http:\/\/www.w3.org\/1999\/xlink\" x=\"0px\" y=\"0px\"\r\n     viewbox=\"0 0 24 24\" style=\"enable-background:new 0 0 24 24;\" xml:space=\"preserve\">\r\n\r\n<g fill=\"#013451\">\r\n    <path d=\"M12,23.25C5.797,23.25,0.75,18.203,0.75,12C0.75,5.797,5.797,0.75,12,0.75c6.203,0,11.25,5.047,11.25,11.25        C23.25,18.203,18.203,23.25,12,23.25z M12,2.25c-5.376,0-9.75,4.374-9.75,9.75s4.374,9.75,9.75,9.75s9.75-4.374,9.75-9.75        S17.376,2.25,12,2.25z\"\/>\r\n    <path d=\"M15.75,16.5c-0.2,0-0.389-0.078-0.53-0.22l-2.25-2.25c-0.302,0.145-0.632,0.22-0.969,0.22c-1.241,0-2.25-1.009-2.25-2.25        c0-0.96,0.615-1.808,1.5-2.121V5.25c0-0.414,0.336-0.75,0.75-0.75s0.75,0.336,0.75,0.75v4.629c0.885,0.314,1.5,1.162,1.5,2.121        c0,0.338-0.075,0.668-0.22,0.969l2.25,2.25c0.292,0.292,0.292,0.768,0,1.061C16.139,16.422,15.95,16.5,15.75,16.5z M12,11.25        c-0.414,0-0.75,0.336-0.75,0.75s0.336,0.75,0.75,0.75s0.75-0.336,0.75-0.75S12.414,11.25,12,11.25z\"\/>\r\n<\/g>\r\n<\/svg><\/i>\t\t\t\t\t\t\t\t9h  \n                        <\/span>\n                                        <\/div>\n            \n            <div class=\"excerpt\" style=\"height: 3rem;\">\n            Excursions en Vespa pour admirer les vues les plus \u00e9vocatrices de la c\u00f4te amalfitaine d'un point de vue diff\u00e9rent....            <\/div>\n\n\n            <div class=\"reviews\" itemprop=\"starRating\" itemscope itemtype=\"https:\/\/schema.org\/Rating\"  style=\"display: block;padding-left: 15px;margin-top: 15px; height: 48px;\">\n                <i class=\"stt-icon-star1\"><\/i>\n                <span class=\"rate\" itemprop=\"ratingValue\" style=\"color: #0f3f5b;\">\n\t\t\t\t\t\t4.8 <span>\/<\/span> 5\n\t\t\t\t\t<\/span>\n\t\t\t\t\t<span class=\"rate-text\" style=\"color: #0f3f5b;\">\n\t\t\t\t\t\tExcellent\t\t\t\t\t<\/span>\n                <span class=\"summary\">\n                    (5 commentaires)\n                <\/span>\n            <\/div>\n            <div class=\"event-date d-none\" itemprop=\"startDate\" content=\"2026-04-30 14:20:31\">2026-04-30 14:20:31<\/div>\n            \n                     <div class=\"section-footer\">\n                                <div class=\"section_footer_content\" itemprop=\"priceRange\">\n                    <span class=\"price-tour\">\n                        <span class=\"price\">&nbsp;&nbsp;&nbsp;&nbsp;<span class=\"sale-top\">De  <span class=\"text-lg lh1em item\"> \u20ac300.00<\/span><\/span><br>&nbsp;&nbsp;&nbsp;&nbsp;une personne<\/span>\n                    <\/span>\n                    \n                                                <span class=\"unit\">\n\t\t\t\t\t\t        <a href=\"https:\/\/movery.it\/fr\/campania\/napoli\/tour-in-vespa-in-costiera-amalfitana-con-partenza-da-napoli\/\" class=\"add_tour\">\n\t\t\t\t\t\t\t        Livre \n\t\t\t\t\t\t        <\/a>\n                            <\/span>\n                                        <\/div>\n            <\/div>\n        <\/div>\n    <\/div>\n<\/div><\/div><div class=\"item-slide\"><div class=\"services-item grid item-elementor mb-3\" itemscope itemtype=\"https:\/\/schema.org\/Trip\">\n    <div class=\"item service-border st-border-radius\">\n        <div class=\"header-services-item\" style=\"height: 50px; backround:black\">\n\n            <div class=\"title\">\n                Exp\u00e9riences            <\/div>\n            <div class=\"icon\">\n\n                                    <a href=\"#\" class=\"login\" data-bs-toggle=\"modal\" data-bs-target=\"#st-login-form\">\n\n                        <div class=\"service-add-wishlist\" title=\"Ajouter \u00e0 la liste de souhaits\">\n                            <img loading=\"lazy\" decoding=\"async\" src=\"https:\/\/movery.it\/assets\/icons\/ico-favgreen.svg\" height=\"15\" width=\"15\" class=\"movery-home-main-items-child-pic-share ignore-mouse-events\" alt=\"Partager\" \/>\n\n\n                            <div class=\"lds-dual-ring\"><\/div>\n                        <\/div>\n                    <\/a>\n                                <a href=\"https:\/\/movery.it\/fr\/campania\/costiera-amalfitana\/mini-crociera-da-salerno-pranzo-a-bordo-e-soste-bagno\/\">\n                    <img loading=\"lazy\" decoding=\"async\" src=\"https:\/\/movery.it\/assets\/icons\/card-shopping-cart.svg\" height=\"15\" width=\"15\" class=\"movery-home-main-items-child-pic-share ignore-mouse-events\" alt=\"Partager\" \/>\n\n                <\/a>\n                <a href=\"https:\/\/movery.it\/fr\/campania\/costiera-amalfitana\/mini-crociera-da-salerno-pranzo-a-bordo-e-soste-bagno\/\">\n                    <img loading=\"lazy\" decoding=\"async\" src=\"https:\/\/static.movery.it\/assets\/img\/icons\/ico-sharegreen.svg\" height=\"15\" width=\"15\" class=\"movery-home-main-items-child-pic-share ignore-mouse-events\" alt=\"Partager\" \/>\n                <\/a>\n\n            <\/div>\n\n        <\/div>\n        <div class=\"featured-image\">\n            <div class=\"st-tag-feature-sale\">\n                                                \n            <\/div>\n\n            <a href=\"https:\/\/movery.it\/fr\/campania\/costiera-amalfitana\/mini-crociera-da-salerno-pranzo-a-bordo-e-soste-bagno\/\">\n                <img decoding=\"async\" class=\"feature_activity_img\" itemprop=\"photo\" src=\"https:\/\/movery.it\/wp-content\/uploads\/2023\/07\/euphoria_tour_costiera_amafitana-450x300.jpg\" alt=\"Mini-croisi\u00e8re au d\u00e9part de Salerne : d\u00e9jeuner \u00e0 bord et arr\u00eats baignades exclusifs sur la c\u00f4te amalfitaine\" \/>\n            <\/a>\n                    <\/div>\n        <div class=\"content-item\">\n            <a href=\"https:\/\/movery.it\/fr\/campania\/costiera-amalfitana\/mini-crociera-da-salerno-pranzo-a-bordo-e-soste-bagno\/\" class=\"title-a\" style=\"height: 3rem;overflow: hidden;\">\n                <p class=\"title\" itemprop=\"name\">\n                    Mini-croisi\u00e8re au d\u00e9part de Salerne : d\u00e9jeuner \u00e0 bord et arr\u00eats baignades exclusifs sur la c\u00f4te amalfitaine                <\/p>\n            <\/a>\n            \n\n                            <div class=\"sub-title st-address d-flex\" itemprop=\"location\" itemscope itemtype=\"https:\/\/schema.org\/Place\">\n                    <span class=\"address\" itemprop=\"address\" itemscope itemtype=\"https:\/\/schema.org\/PostalAddress\">\n                        <span itemprop=\"streetAddress\"> <i class=\"stt-icon-location1\"><\/i> Molo Manfredi, Salerno<\/span>\n                    <\/span>\n\t\t\t\t\t                            <span class=\"duration\">\n\t\t\t\t\t\t\t\t<i class=\"input-icon st-border-radius field-icon fa\"><svg height=\"11px\" width=\"11px\" version=\"1.1\" id=\"Layer_1\" xmlns=\"http:\/\/www.w3.org\/2000\/svg\" xmlns:xlink=\"http:\/\/www.w3.org\/1999\/xlink\" x=\"0px\" y=\"0px\"\r\n     viewbox=\"0 0 24 24\" style=\"enable-background:new 0 0 24 24;\" xml:space=\"preserve\">\r\n\r\n<g fill=\"#013451\">\r\n    <path d=\"M12,23.25C5.797,23.25,0.75,18.203,0.75,12C0.75,5.797,5.797,0.75,12,0.75c6.203,0,11.25,5.047,11.25,11.25        C23.25,18.203,18.203,23.25,12,23.25z M12,2.25c-5.376,0-9.75,4.374-9.75,9.75s4.374,9.75,9.75,9.75s9.75-4.374,9.75-9.75        S17.376,2.25,12,2.25z\"\/>\r\n    <path d=\"M15.75,16.5c-0.2,0-0.389-0.078-0.53-0.22l-2.25-2.25c-0.302,0.145-0.632,0.22-0.969,0.22c-1.241,0-2.25-1.009-2.25-2.25        c0-0.96,0.615-1.808,1.5-2.121V5.25c0-0.414,0.336-0.75,0.75-0.75s0.75,0.336,0.75,0.75v4.629c0.885,0.314,1.5,1.162,1.5,2.121        c0,0.338-0.075,0.668-0.22,0.969l2.25,2.25c0.292,0.292,0.292,0.768,0,1.061C16.139,16.422,15.95,16.5,15.75,16.5z M12,11.25        c-0.414,0-0.75,0.336-0.75,0.75s0.336,0.75,0.75,0.75s0.75-0.336,0.75-0.75S12.414,11.25,12,11.25z\"\/>\r\n<\/g>\r\n<\/svg><\/i>\t\t\t\t\t\t\t\t6h  \n                        <\/span>\n                                        <\/div>\n            \n            <div class=\"excerpt\" style=\"height: 3rem;\">\n                D\u00e9couvrez les merveilles de la c\u00f4te amalfitaine lors d'une excursion en bateau \u00e0 moteur au d\u00e9part de Salerne. Plong\u00e9e, villages...            <\/div>\n\n\n            <div class=\"reviews\" itemprop=\"starRating\" itemscope itemtype=\"https:\/\/schema.org\/Rating\"  style=\"display: block;padding-left: 15px;margin-top: 15px; height: 48px;\">\n                <i class=\"stt-icon-star1\"><\/i>\n                <span class=\"rate\" itemprop=\"ratingValue\" style=\"color: #0f3f5b;\">\n\t\t\t\t\t\t4.6 <span>\/<\/span> 5\n\t\t\t\t\t<\/span>\n\t\t\t\t\t<span class=\"rate-text\" style=\"color: #0f3f5b;\">\n\t\t\t\t\t\tExcellent\t\t\t\t\t<\/span>\n                <span class=\"summary\">\n                    (4 commentaires)\n                <\/span>\n            <\/div>\n            <div class=\"event-date d-none\" itemprop=\"startDate\" content=\"2026-04-30 14:20:31\">2026-04-30 14:20:31<\/div>\n\n                        <div class=\"section-footer\">\n                                <div class=\"section_footer_content\" itemprop=\"priceRange\">\n                    <span class=\"price-tour\" >\n                        <span class=\"price\">&nbsp;&nbsp;&nbsp;&nbsp;<span class=\"sale-top\">De  <span class=\"text-lg lh1em item\"> \u20ac35.00<\/span><\/span><br>&nbsp;&nbsp;&nbsp;&nbsp;une personne<\/span>\n                    <\/span>\n\n                                                <span class=\"unit\">\n\t\t\t\t\t\t        <a href=\"https:\/\/movery.it\/fr\/campania\/costiera-amalfitana\/mini-crociera-da-salerno-pranzo-a-bordo-e-soste-bagno\/\" class=\"add_tour\">\n\t\t\t\t\t\t\t        Livre \n\t\t\t\t\t\t        <\/a>\n                            <\/span>\n                                        <\/div>\n            <\/div>\n        <\/div>\n    <\/div>\n<\/div><\/div><div class=\"item-slide\"><div class=\"services-item grid item-elementor mb-3\" itemscope itemtype=\"https:\/\/schema.org\/Trip\">\n    <div class=\"item service-border st-border-radius\">\n    <div class=\"header-services-item\" style=\"height: 50px; backround:black\">\n\n<div class=\"title\" >\n    Visites \u00e0 pied<\/div>\n<div class=\"icon\">\n\n        <a href=\"#\" class=\"login\" data-bs-toggle=\"modal\" data-bs-target=\"#st-login-form\">\n        \n            <div class=\"service-add-wishlist\" title=\"Ajouter \u00e0 la liste de souhaits\">\n            <img loading=\"lazy\" decoding=\"async\"  src=\"https:\/\/movery.it\/assets\/icons\/ico-favgreen.svg\" height=\"15\" width=\"15\" class=\"movery-home-main-items-child-pic-share ignore-mouse-events\" alt=\"Partager\">\n\n\n                <div class=\"lds-dual-ring\"><\/div>\n            <\/div>\n        <\/a>\n        <a href=\"https:\/\/movery.it\/fr\/campania\/costiera-amalfitana\/le-ville-di-ravello-escursione-privata\/\">\n    <img loading=\"lazy\" decoding=\"async\"  src=\"https:\/\/movery.it\/assets\/icons\/card-shopping-cart.svg\" height=\"15\" width=\"15\" class=\"movery-home-main-items-child-pic-share ignore-mouse-events\" alt=\"Partager\">\n\n    <\/a>\n    <a href=\"https:\/\/movery.it\/fr\/campania\/costiera-amalfitana\/le-ville-di-ravello-escursione-privata\/\">\n    <img loading=\"lazy\" decoding=\"async\"  src=\"https:\/\/static.movery.it\/assets\/img\/icons\/ico-sharegreen.svg\" height=\"15\" width=\"15\" class=\"movery-home-main-items-child-pic-share ignore-mouse-events\" alt=\"Partager\">\n    <\/a>\n    \n<\/div>\n\n<\/div>\n        <div class=\"featured-image\">\n            <div class=\"st-tag-feature-sale\">\n                \n                                                            <\/div>\n\n            <a href=\"https:\/\/movery.it\/fr\/campania\/costiera-amalfitana\/le-ville-di-ravello-escursione-privata\/\">\n                <img decoding=\"async\" class=\"feature_tour_img\" itemprop=\"photo\" src=\"https:\/\/movery.it\/wp-content\/uploads\/2024\/09\/statua_ravello_amalfi_costiera-scaled-450x300.jpg\"\n                     alt=\"Les villas de Ravello et la Grotta del Dragone : excursion priv\u00e9e ou scolaire parmi les tr\u00e9sors de la c\u00f4te amalfitaine\"\/>\n            <\/a>\n                    <\/div>\n        <div class=\"content-item\">\n        <a href=\"https:\/\/movery.it\/fr\/campania\/costiera-amalfitana\/le-ville-di-ravello-escursione-privata\/\"  class=\"title-a\" style=\"height: 3rem;overflow: hidden;\">\n        <p class=\"title\" itemprop=\"name\">\n               Les villas de Ravello et la Grotta del Dragone : excursion priv\u00e9e ou scolaire parmi les tr\u00e9sors de la c\u00f4te amalfitaine        <\/p>\n                <\/a>   \n        \n                            <div class=\"sub-title st-address d-flex\" itemprop=\"location\" itemscope itemtype=\"https:\/\/schema.org\/Place\">\n                    <span class=\"address\" itemprop=\"address\" itemscope itemtype=\"https:\/\/schema.org\/PostalAddress\">\n                        <span itemprop=\"streetAddress\"> <i class=\"stt-icon-location1\"><\/i> Ravello<\/span>\n                    <\/span>\n\t\t\t\t\t                            <span class=\"duration\">\n\t\t\t\t\t\t\t\t<i class=\"input-icon st-border-radius field-icon fa\"><svg height=\"11px\" width=\"11px\" version=\"1.1\" id=\"Layer_1\" xmlns=\"http:\/\/www.w3.org\/2000\/svg\" xmlns:xlink=\"http:\/\/www.w3.org\/1999\/xlink\" x=\"0px\" y=\"0px\"\r\n     viewbox=\"0 0 24 24\" style=\"enable-background:new 0 0 24 24;\" xml:space=\"preserve\">\r\n\r\n<g fill=\"#013451\">\r\n    <path d=\"M12,23.25C5.797,23.25,0.75,18.203,0.75,12C0.75,5.797,5.797,0.75,12,0.75c6.203,0,11.25,5.047,11.25,11.25        C23.25,18.203,18.203,23.25,12,23.25z M12,2.25c-5.376,0-9.75,4.374-9.75,9.75s4.374,9.75,9.75,9.75s9.75-4.374,9.75-9.75        S17.376,2.25,12,2.25z\"\/>\r\n    <path d=\"M15.75,16.5c-0.2,0-0.389-0.078-0.53-0.22l-2.25-2.25c-0.302,0.145-0.632,0.22-0.969,0.22c-1.241,0-2.25-1.009-2.25-2.25        c0-0.96,0.615-1.808,1.5-2.121V5.25c0-0.414,0.336-0.75,0.75-0.75s0.75,0.336,0.75,0.75v4.629c0.885,0.314,1.5,1.162,1.5,2.121        c0,0.338-0.075,0.668-0.22,0.969l2.25,2.25c0.292,0.292,0.292,0.768,0,1.061C16.139,16.422,15.95,16.5,15.75,16.5z M12,11.25        c-0.414,0-0.75,0.336-0.75,0.75s0.336,0.75,0.75,0.75s0.75-0.336,0.75-0.75S12.414,11.25,12,11.25z\"\/>\r\n<\/g>\r\n<\/svg><\/i>\t\t\t\t\t\t\t\t4h  \n                        <\/span>\n                                        <\/div>\n            \n            <div class=\"excerpt\" style=\"height: 3rem;\">\n            Envie de respirer l'air pur et de s'enivrer des senteurs du maquis m\u00e9diterran\u00e9en ? R\u00e9servez d\u00e8s maintenant...            <\/div>\n\n\n            <div class=\"reviews\" itemprop=\"starRating\" itemscope itemtype=\"https:\/\/schema.org\/Rating\"  style=\"display: block;padding-left: 15px;margin-top: 15px; height: 48px;\">\n                <i class=\"stt-icon-star1\"><\/i>\n                <span class=\"rate\" itemprop=\"ratingValue\" style=\"color: #0f3f5b;\">\n\t\t\t\t\t\t5 <span>\/<\/span> 5\n\t\t\t\t\t<\/span>\n\t\t\t\t\t<span class=\"rate-text\" style=\"color: #0f3f5b;\">\n\t\t\t\t\t\tExcellent\t\t\t\t\t<\/span>\n                <span class=\"summary\">\n                    (2 commentaires)\n                <\/span>\n            <\/div>\n            <div class=\"event-date d-none\" itemprop=\"startDate\" content=\"2026-04-30 14:20:31\">2026-04-30 14:20:31<\/div>\n            \n                     <div class=\"section-footer\">\n                                <div class=\"section_footer_content\" itemprop=\"priceRange\">\n                    <span class=\"price-tour\">\n                        <span class=\"price\">&nbsp;&nbsp;&nbsp;&nbsp;<span class=\"sale-top\">De  <span class=\"text-lg lh1em item\"> \u20ac12.50<\/span><\/span><br>&nbsp;&nbsp;&nbsp;&nbsp;une personne<\/span>\n                    <\/span>\n                    \n                                                <span class=\"unit\">\n\t\t\t\t\t\t        <a href=\"https:\/\/movery.it\/fr\/campania\/costiera-amalfitana\/le-ville-di-ravello-escursione-privata\/\" class=\"add_tour\">\n\t\t\t\t\t\t\t        Livre \n\t\t\t\t\t\t        <\/a>\n                            <\/span>\n                                        <\/div>\n            <\/div>\n        <\/div>\n    <\/div>\n<\/div><\/div><div class=\"item-slide\"><div class=\"services-item grid item-elementor mb-3\" itemscope itemtype=\"https:\/\/schema.org\/Trip\">\n    <div class=\"item service-border st-border-radius\">\n        <div class=\"header-services-item\" style=\"height: 50px; backround:black\">\n\n            <div class=\"title\">\n                Cours en pr\u00e9sentiel            <\/div>\n            <div class=\"icon\">\n\n                                    <a href=\"#\" class=\"login\" data-bs-toggle=\"modal\" data-bs-target=\"#st-login-form\">\n\n                        <div class=\"service-add-wishlist\" title=\"Ajouter \u00e0 la liste de souhaits\">\n                            <img loading=\"lazy\" decoding=\"async\" src=\"https:\/\/movery.it\/assets\/icons\/ico-favgreen.svg\" height=\"15\" width=\"15\" class=\"movery-home-main-items-child-pic-share ignore-mouse-events\" alt=\"Partager\">\n\n\n                            <div class=\"lds-dual-ring\"><\/div>\n                        <\/div>\n                    <\/a>\n                                <a href=\"https:\/\/movery.it\/fr\/campania\/costiera-amalfitana\/cooking-class-ideale-per-gruppi-privati-condivisi-e-scuole\/\">\n                    <img loading=\"lazy\" decoding=\"async\" src=\"https:\/\/movery.it\/assets\/icons\/card-shopping-cart.svg\" height=\"15\" width=\"15\" class=\"movery-home-main-items-child-pic-share ignore-mouse-events\" alt=\"Partager\">\n\n                <\/a>\n                <a href=\"https:\/\/movery.it\/fr\/campania\/costiera-amalfitana\/cooking-class-ideale-per-gruppi-privati-condivisi-e-scuole\/\">\n                    <img loading=\"lazy\" decoding=\"async\" src=\"https:\/\/static.movery.it\/assets\/img\/icons\/ico-sharegreen.svg\" height=\"15\" width=\"15\" class=\"movery-home-main-items-child-pic-share ignore-mouse-events\" alt=\"Partager\">\n                <\/a>\n\n            <\/div>\n\n        <\/div>\n        <div class=\"featured-image\">\n            <div class=\"st-tag-feature-sale\">\n                                                \n            <\/div>\n\n            <a href=\"https:\/\/movery.it\/fr\/campania\/costiera-amalfitana\/cooking-class-ideale-per-gruppi-privati-condivisi-e-scuole\/\">\n                <img decoding=\"async\" class=\"feature_activity_img\" itemprop=\"photo\" src=\"https:\/\/movery.it\/wp-content\/uploads\/2024\/09\/valentino_cookingclass_costiera_gruppi_scuole-1-450x300.jpeg\" alt=\"Cours de cuisine sur la c\u00f4te amalfitaine, id\u00e9al pour les groupes priv\u00e9s ou partag\u00e9s et les \u00e9coles.\" \/>\n            <\/a>\n                    <\/div>\n        <div class=\"content-item\">\n            <a href=\"https:\/\/movery.it\/fr\/campania\/costiera-amalfitana\/cooking-class-ideale-per-gruppi-privati-condivisi-e-scuole\/\" class=\"title-a\" style=\"height: 3rem;overflow: hidden;\">\n                <p class=\"title\" itemprop=\"name\">\n                    Cours de cuisine sur la c\u00f4te amalfitaine, id\u00e9al pour les groupes priv\u00e9s ou partag\u00e9s et les \u00e9coles.                <\/p>\n            <\/a>\n            \n\n                            <div class=\"sub-title st-address d-flex\" itemprop=\"location\" itemscope itemtype=\"https:\/\/schema.org\/Place\">\n                    <span class=\"address\" itemprop=\"address\" itemscope itemtype=\"https:\/\/schema.org\/PostalAddress\">\n                        <span itemprop=\"streetAddress\"> <i class=\"stt-icon-location1\"><\/i> Via Radicosa 42, Agerola (NA)<\/span>\n                    <\/span>\n\t\t\t\t\t                            <span class=\"duration\">\n\t\t\t\t\t\t\t\t<i class=\"input-icon st-border-radius field-icon fa\"><svg height=\"11px\" width=\"11px\" version=\"1.1\" id=\"Layer_1\" xmlns=\"http:\/\/www.w3.org\/2000\/svg\" xmlns:xlink=\"http:\/\/www.w3.org\/1999\/xlink\" x=\"0px\" y=\"0px\"\r\n     viewbox=\"0 0 24 24\" style=\"enable-background:new 0 0 24 24;\" xml:space=\"preserve\">\r\n\r\n<g fill=\"#013451\">\r\n    <path d=\"M12,23.25C5.797,23.25,0.75,18.203,0.75,12C0.75,5.797,5.797,0.75,12,0.75c6.203,0,11.25,5.047,11.25,11.25        C23.25,18.203,18.203,23.25,12,23.25z M12,2.25c-5.376,0-9.75,4.374-9.75,9.75s4.374,9.75,9.75,9.75s9.75-4.374,9.75-9.75        S17.376,2.25,12,2.25z\"\/>\r\n    <path d=\"M15.75,16.5c-0.2,0-0.389-0.078-0.53-0.22l-2.25-2.25c-0.302,0.145-0.632,0.22-0.969,0.22c-1.241,0-2.25-1.009-2.25-2.25        c0-0.96,0.615-1.808,1.5-2.121V5.25c0-0.414,0.336-0.75,0.75-0.75s0.75,0.336,0.75,0.75v4.629c0.885,0.314,1.5,1.162,1.5,2.121        c0,0.338-0.075,0.668-0.22,0.969l2.25,2.25c0.292,0.292,0.292,0.768,0,1.061C16.139,16.422,15.95,16.5,15.75,16.5z M12,11.25        c-0.414,0-0.75,0.336-0.75,0.75s0.336,0.75,0.75,0.75s0.75-0.336,0.75-0.75S12.414,11.25,12,11.25z\"\/>\r\n<\/g>\r\n<\/svg><\/i>\t\t\t\t\t\t\t\t5h  \n                        <\/span>\n                                        <\/div>\n            \n            <div class=\"excerpt\" style=\"height: 3rem;\">\n                Quoi de mieux que de cuisiner sur la magnifique c\u00f4te amalfitaine ? Pour ce faire, empressez-vous de r\u00e9server...            <\/div>\n\n\n            <div class=\"reviews\" itemprop=\"starRating\" itemscope itemtype=\"https:\/\/schema.org\/Rating\"  style=\"display: block;padding-left: 15px;margin-top: 15px; height: 48px;\">\n                <i class=\"stt-icon-star1\"><\/i>\n                <span class=\"rate\" itemprop=\"ratingValue\" style=\"color: #0f3f5b;\">\n\t\t\t\t\t\t5 <span>\/<\/span> 5\n\t\t\t\t\t<\/span>\n\t\t\t\t\t<span class=\"rate-text\" style=\"color: #0f3f5b;\">\n\t\t\t\t\t\tExcellent\t\t\t\t\t<\/span>\n                <span class=\"summary\">\n                    (3 commentaires)\n                <\/span>\n            <\/div>\n            <div class=\"event-date d-none\" itemprop=\"startDate\" content=\"2026-04-30 14:20:31\">2026-04-30 14:20:31<\/div>\n\n                        <div class=\"section-footer\">\n                                <div class=\"section_footer_content\" itemprop=\"priceRange\">\n                    <span class=\"price-tour\" >\n                        <span class=\"price\">&nbsp;&nbsp;&nbsp;&nbsp;<span class=\"sale-top\">De  <span class=\"text-lg lh1em item\"> \u20ac15.00<\/span><\/span><br>&nbsp;&nbsp;&nbsp;&nbsp;une personne<\/span>\n                    <\/span>\n\n                                                <span class=\"unit\">\n\t\t\t\t\t\t        <a href=\"https:\/\/movery.it\/fr\/campania\/costiera-amalfitana\/cooking-class-ideale-per-gruppi-privati-condivisi-e-scuole\/\" class=\"add_tour\">\n\t\t\t\t\t\t\t        Livre \n\t\t\t\t\t\t        <\/a>\n                            <\/span>\n                                        <\/div>\n            <\/div>\n        <\/div>\n    <\/div>\n<\/div><\/div><div class=\"item-slide\"><div class=\"services-item grid item-elementor mb-3\" itemscope itemtype=\"https:\/\/schema.org\/Trip\">\n    <div class=\"item service-border st-border-radius\">\n        <div class=\"header-services-item\" style=\"height: 50px; backround:black\">\n\n            <div class=\"title\">\n                Visite guid\u00e9e            <\/div>\n            <div class=\"icon\">\n\n                                    <a href=\"#\" class=\"login\" data-bs-toggle=\"modal\" data-bs-target=\"#st-login-form\">\n\n                        <div class=\"service-add-wishlist\" title=\"Ajouter \u00e0 la liste de souhaits\">\n                            <img loading=\"lazy\" decoding=\"async\" src=\"https:\/\/movery.it\/assets\/icons\/ico-favgreen.svg\" height=\"15\" width=\"15\" class=\"movery-home-main-items-child-pic-share ignore-mouse-events\" alt=\"Partager\">\n\n\n                            <div class=\"lds-dual-ring\"><\/div>\n                        <\/div>\n                    <\/a>\n                                <a href=\"https:\/\/movery.it\/fr\/campania\/costiera-amalfitana\/escursione-sentiero-dei-limoni-per-scuole-e-gruppi\/\">\n                    <img loading=\"lazy\" decoding=\"async\" src=\"https:\/\/movery.it\/assets\/icons\/card-shopping-cart.svg\" height=\"15\" width=\"15\" class=\"movery-home-main-items-child-pic-share ignore-mouse-events\" alt=\"Partager\">\n\n                <\/a>\n                <a href=\"https:\/\/movery.it\/fr\/campania\/costiera-amalfitana\/escursione-sentiero-dei-limoni-per-scuole-e-gruppi\/\">\n                    <img loading=\"lazy\" decoding=\"async\" src=\"https:\/\/static.movery.it\/assets\/img\/icons\/ico-sharegreen.svg\" height=\"15\" width=\"15\" class=\"movery-home-main-items-child-pic-share ignore-mouse-events\" alt=\"Partager\">\n                <\/a>\n\n            <\/div>\n\n        <\/div>\n        <div class=\"featured-image\">\n            <div class=\"st-tag-feature-sale\">\n                                                \n            <\/div>\n\n            <a href=\"https:\/\/movery.it\/fr\/campania\/costiera-amalfitana\/escursione-sentiero-dei-limoni-per-scuole-e-gruppi\/\">\n                <img decoding=\"async\" class=\"feature_activity_img\" itemprop=\"photo\" src=\"https:\/\/movery.it\/wp-content\/uploads\/2024\/09\/sentiero_limoni_-450x300.jpg\" alt=\"Excursion sur la route des citrons : d\u00e9couverte de la c\u00f4te amalfitaine pour les \u00e9coles et les groupes partag\u00e9s\" \/>\n            <\/a>\n                    <\/div>\n        <div class=\"content-item\">\n            <a href=\"https:\/\/movery.it\/fr\/campania\/costiera-amalfitana\/escursione-sentiero-dei-limoni-per-scuole-e-gruppi\/\" class=\"title-a\" style=\"height: 3rem;overflow: hidden;\">\n                <p class=\"title\" itemprop=\"name\">\n                    Excursion sur la route des citrons : d\u00e9couverte de la c\u00f4te amalfitaine pour les \u00e9coles et les groupes partag\u00e9s                <\/p>\n            <\/a>\n            \n\n                            <div class=\"sub-title st-address d-flex\" itemprop=\"location\" itemscope itemtype=\"https:\/\/schema.org\/Place\">\n                    <span class=\"address\" itemprop=\"address\" itemscope itemtype=\"https:\/\/schema.org\/PostalAddress\">\n                        <span itemprop=\"streetAddress\"> <i class=\"stt-icon-location1\"><\/i> Minori, Salerno<\/span>\n                    <\/span>\n\t\t\t\t\t                            <span class=\"duration\">\n\t\t\t\t\t\t\t\t<i class=\"input-icon st-border-radius field-icon fa\"><svg height=\"11px\" width=\"11px\" version=\"1.1\" id=\"Layer_1\" xmlns=\"http:\/\/www.w3.org\/2000\/svg\" xmlns:xlink=\"http:\/\/www.w3.org\/1999\/xlink\" x=\"0px\" y=\"0px\"\r\n     viewbox=\"0 0 24 24\" style=\"enable-background:new 0 0 24 24;\" xml:space=\"preserve\">\r\n\r\n<g fill=\"#013451\">\r\n    <path d=\"M12,23.25C5.797,23.25,0.75,18.203,0.75,12C0.75,5.797,5.797,0.75,12,0.75c6.203,0,11.25,5.047,11.25,11.25        C23.25,18.203,18.203,23.25,12,23.25z M12,2.25c-5.376,0-9.75,4.374-9.75,9.75s4.374,9.75,9.75,9.75s9.75-4.374,9.75-9.75        S17.376,2.25,12,2.25z\"\/>\r\n    <path d=\"M15.75,16.5c-0.2,0-0.389-0.078-0.53-0.22l-2.25-2.25c-0.302,0.145-0.632,0.22-0.969,0.22c-1.241,0-2.25-1.009-2.25-2.25        c0-0.96,0.615-1.808,1.5-2.121V5.25c0-0.414,0.336-0.75,0.75-0.75s0.75,0.336,0.75,0.75v4.629c0.885,0.314,1.5,1.162,1.5,2.121        c0,0.338-0.075,0.668-0.22,0.969l2.25,2.25c0.292,0.292,0.292,0.768,0,1.061C16.139,16.422,15.95,16.5,15.75,16.5z M12,11.25        c-0.414,0-0.75,0.336-0.75,0.75s0.336,0.75,0.75,0.75s0.75-0.336,0.75-0.75S12.414,11.25,12,11.25z\"\/>\r\n<\/g>\r\n<\/svg><\/i>\t\t\t\t\t\t\t\t2h  \n                        <\/span>\n                                        <\/div>\n            \n            <div class=\"excerpt\" style=\"height: 3rem;\">\n                Participez \u00e0 une randonn\u00e9e inoubliable sur le Sentiero dei Limoni (sentier des citrons), de Maiori \u00e0 Minori, le long de la...            <\/div>\n\n\n            <div class=\"reviews\" itemprop=\"starRating\" itemscope itemtype=\"https:\/\/schema.org\/Rating\"  style=\"display: block;padding-left: 15px;margin-top: 15px; height: 48px;\">\n                <i class=\"stt-icon-star1\"><\/i>\n                <span class=\"rate\" itemprop=\"ratingValue\" style=\"color: #0f3f5b;\">\n\t\t\t\t\t\t4.9 <span>\/<\/span> 5\n\t\t\t\t\t<\/span>\n\t\t\t\t\t<span class=\"rate-text\" style=\"color: #0f3f5b;\">\n\t\t\t\t\t\tExcellent\t\t\t\t\t<\/span>\n                <span class=\"summary\">\n                    (5 commentaires)\n                <\/span>\n            <\/div>\n            <div class=\"event-date d-none\" itemprop=\"startDate\" content=\"2026-04-30 14:20:31\">2026-04-30 14:20:31<\/div>\n\n                        <div class=\"section-footer\">\n                                <div class=\"section_footer_content\" itemprop=\"priceRange\">\n                    <span class=\"price-tour\" >\n                        <span class=\"price\">&nbsp;&nbsp;&nbsp;&nbsp;<span class=\"sale-top\">De  <span class=\"text-lg lh1em item\"> \u20ac12.00<\/span><\/span><br>&nbsp;&nbsp;&nbsp;&nbsp;une personne<\/span>\n                    <\/span>\n\n                                                <span class=\"unit\">\n\t\t\t\t\t\t        <a href=\"https:\/\/movery.it\/fr\/campania\/costiera-amalfitana\/escursione-sentiero-dei-limoni-per-scuole-e-gruppi\/\" class=\"add_tour\">\n\t\t\t\t\t\t\t        Livre \n\t\t\t\t\t\t        <\/a>\n                            <\/span>\n                                        <\/div>\n            <\/div>\n        <\/div>\n    <\/div>\n<\/div><\/div><\/div>            <\/div>\n        <\/div>\n    <\/div>\n    \n    \t\t<div class=\"elementor-shortcode\"><\/div>\n\t\t\t\t<\/div>\n\t\t\t\t<\/div>\n\t\t\t\t\t<\/div>\n\t\t\t\t<\/div>\n\t\t<div class=\"elementor-element elementor-element-74e13e7 e-flex e-con-boxed e-con e-parent\" data-id=\"74e13e7\" data-element_type=\"container\">\n\t\t\t\t\t<div class=\"e-con-inner\">\n\t\t\t\t<div class=\"elementor-element elementor-element-3f160ba elementor-widget elementor-widget-text-editor\" data-id=\"3f160ba\" data-element_type=\"widget\" data-widget_type=\"text-editor.default\">\n\t\t\t\t<div class=\"elementor-widget-container\">\n\t\t\t\t\t\t\t<h2 class=\"wp-block-heading\"><span class=\"ez-toc-section\" id=\"Esperienze_da_fare_in_Costiera_Amalfitana\"><\/span>Exp\u00e9riences \u00e0 faire sur la c\u00f4te amalfitaine<span class=\"ez-toc-section-end\"><\/span><\/h2>\n<p><!-- \/wp:heading --><!-- wp:paragraph --><\/p>\n<p>Pour ceux qui souhaitent en savoir plus sur l'histoire et les curiosit\u00e9s d'Amalfi et de ses environs, il est possible de r\u00e9server une visite guid\u00e9e. <strong>visite priv\u00e9e et personnalis\u00e9e avec un guide expert<\/strong>. Le guide accompagnera les visiteurs dans les principaux sites de la ville et le long de la route de la soie.<a href=\"https:\/\/movery.it\/fr\/esplora\/destinazioni\/campania\/costiera-amalfitana\/\"> C\u00f4te amalfitaine<\/a>offrant des explications d\u00e9taill\u00e9es et des conseils exclusifs sur ce qu'il faut voir, o\u00f9 loger et comment optimiser sa visite.<\/p>\n<p><!-- \/wp:paragraph --><!-- wp:paragraph --><\/p>\n<p>Informations et r\u00e9servations : <strong>appeler le guide au 351 5585067<\/strong> et organiser une exp\u00e9rience unique et sur mesure le long de la c\u00f4te amalfitaine.<\/p>\t\t\t\t\t\t<\/div>\n\t\t\t\t<\/div>\n\t\t\t\t\t<\/div>\n\t\t\t\t<\/div>\n\t\t\t\t<\/div>","protected":false},"excerpt":{"rendered":"<p>Amalfi est l'une des villes les plus embl\u00e9matiques de la c\u00f4te amalfitaine, class\u00e9e au patrimoine de l'UNESCO et c\u00e9l\u00e8bre pour ses...<\/p>","protected":false},"author":10,"featured_media":43386,"comment_status":"closed","ping_status":"closed","sticky":false,"template":"","format":"standard","meta":{"_seopress_robots_primary_cat":"none","_seopress_titles_title":"Scopri cosa vedere ad Amalfi in un giorno con un itinerario dettagliato tra Piazza Duomo, Cattedrale di Sant\u2019Andrea, Rione Vagliendola, Museo della Carta e il Lungomare dei Cavalieri. Idee e consigli per visitare la citt\u00e0 anche con poco tempo.","_seopress_titles_desc":"Guida completa per visitare Amalfi in un giorno: itinerario a piedi tra le principali attrazioni, dal centro storico al lungomare, con consigli su cosa vedere, dove sostare e come organizzare la visita nella citt\u00e0 simbolo della Costiera Amalfitana.","_seopress_robots_index":"","content-type":"","footnotes":""},"categories":[319,310],"tags":[],"locations":[167,236,789],"class_list":["post-56108","post","type-post","status-publish","format-standard","has-post-thumbnail","hentry","category-eventi","category-luoghi-delle-storie","locations-campania","locations-costiera-amalfitana","locations-costiera-cilento"],"pp_statuses_selecting_workflow":false,"pp_workflow_action":"current","pp_status_selection":"publish","_links":{"self":[{"href":"https:\/\/movery.it\/fr\/wp-json\/wp\/v2\/posts\/56108","targetHints":{"allow":["GET"]}}],"collection":[{"href":"https:\/\/movery.it\/fr\/wp-json\/wp\/v2\/posts"}],"about":[{"href":"https:\/\/movery.it\/fr\/wp-json\/wp\/v2\/types\/post"}],"author":[{"embeddable":true,"href":"https:\/\/movery.it\/fr\/wp-json\/wp\/v2\/users\/10"}],"replies":[{"embeddable":true,"href":"https:\/\/movery.it\/fr\/wp-json\/wp\/v2\/comments?post=56108"}],"version-history":[{"count":6,"href":"https:\/\/movery.it\/fr\/wp-json\/wp\/v2\/posts\/56108\/revisions"}],"predecessor-version":[{"id":56117,"href":"https:\/\/movery.it\/fr\/wp-json\/wp\/v2\/posts\/56108\/revisions\/56117"}],"wp:featuredmedia":[{"embeddable":true,"href":"https:\/\/movery.it\/fr\/wp-json\/wp\/v2\/media\/43386"}],"wp:attachment":[{"href":"https:\/\/movery.it\/fr\/wp-json\/wp\/v2\/media?parent=56108"}],"wp:term":[{"taxonomy":"category","embeddable":true,"href":"https:\/\/movery.it\/fr\/wp-json\/wp\/v2\/categories?post=56108"},{"taxonomy":"post_tag","embeddable":true,"href":"https:\/\/movery.it\/fr\/wp-json\/wp\/v2\/tags?post=56108"},{"taxonomy":"locations","embeddable":true,"href":"https:\/\/movery.it\/fr\/wp-json\/wp\/v2\/locations?post=56108"}],"curies":[{"name":"wp","href":"https:\/\/api.w.org\/{rel}","templated":true}]}}