
{"id":57703,"date":"2026-03-07T08:00:00","date_gmt":"2026-03-07T07:00:00","guid":{"rendered":"https:\/\/movery.it\/?p=57703"},"modified":"2026-03-11T10:54:25","modified_gmt":"2026-03-11T09:54:25","slug":"gravina-in-puglia-il-fiore-allocchiello-dellalta-murgia","status":"publish","type":"post","link":"https:\/\/movery.it\/fr\/gravina-in-puglia-il-fiore-allocchiello-dellalta-murgia\/","title":{"rendered":"Gravina dans les Pouilles : le joyau de la couronne de l'Alta Murgia"},"content":{"rendered":"<div id=\"ez-toc-container\" class=\"ez-toc-v2_0_68_1 ez-toc-wrap-left counter-hierarchy ez-toc-counter ez-toc-custom ez-toc-container-direction\">\n<div class=\"ez-toc-title-container\">\n<p class=\"ez-toc-title\" >Table des mati\u00e8res<\/p>\n<span class=\"ez-toc-title-toggle\"><\/span><\/div>\n<nav><ul class='ez-toc-list ez-toc-list-level-1' ><li class='ez-toc-page-1 ez-toc-heading-level-2'><a class=\"ez-toc-link ez-toc-heading-1\" href=\"https:\/\/movery.it\/fr\/gravina-in-puglia-il-fiore-allocchiello-dellalta-murgia\/#Cosa_vedere_a_Gravina_in_Puglia\" title=\"Que voir \u00e0 Gravina dans les Pouilles ?\">Que voir \u00e0 Gravina dans les Pouilles ?<\/a><\/li><li class='ez-toc-page-1 ez-toc-heading-level-2'><a class=\"ez-toc-link ez-toc-heading-2\" href=\"https:\/\/movery.it\/fr\/gravina-in-puglia-il-fiore-allocchiello-dellalta-murgia\/#Proposition_for_you\" title=\"Proposition pour vous\">Proposition pour vous<\/a><\/li><li class='ez-toc-page-1 ez-toc-heading-level-2'><a class=\"ez-toc-link ez-toc-heading-3\" href=\"https:\/\/movery.it\/fr\/gravina-in-puglia-il-fiore-allocchiello-dellalta-murgia\/#Esperienze_da_vivere_nei_dintorni_di_Gravina_in_Puglia\" title=\"Exp\u00e9riences \u00e0 vivre autour de Gravina dans les Pouilles\">Exp\u00e9riences \u00e0 vivre autour de Gravina dans les Pouilles<\/a><\/li><\/ul><\/nav><\/div>\n\t\t<div data-elementor-type=\"wp-post\" data-elementor-id=\"57703\" class=\"elementor elementor-57703\">\n\t\t\t\t<div class=\"elementor-element elementor-element-1ceea26e e-flex e-con-boxed e-con e-parent\" data-id=\"1ceea26e\" data-element_type=\"container\">\n\t\t\t\t\t<div class=\"e-con-inner\">\n\t\t\t\t<div class=\"elementor-element elementor-element-1b82ad6d elementor-widget elementor-widget-text-editor\" data-id=\"1b82ad6d\" data-element_type=\"widget\" data-widget_type=\"text-editor.default\">\n\t\t\t\t<div class=\"elementor-widget-container\">\n\t\t\t\t\t\t\t<!-- wp:paragraph -->\n<p><strong>Gravina dans les Pouilles<\/strong> est une ville pittoresque des Pouilles, situ\u00e9e \u00e0 l'int\u00e9rieur des terres de Bari, \u00e0 la fronti\u00e8re de la Basilicate. Elle se trouve au bord d'un profond ravin, une sorte de <strong>canyon <\/strong>Les gorges ont \u00e9t\u00e9 creus\u00e9es au fil des si\u00e8cles par l'eau, qui s\u00e9pare la ville de la colline oppos\u00e9e et conf\u00e8re au paysage un aspect spectaculaire et unique. En se promenant dans la vieille ville, on respire une atmosph\u00e8re ancienne : les ruelles \u00e9troites, les maisons en pierre claire et les brusques ouvertures panoramiques sur les gorges en contrebas racontent une histoire mill\u00e9naire.<\/p>\n<!-- \/wp:paragraph --><!-- wp:paragraph -->\n<p>Les origines de Gravina remontent \u00e0 des temps tr\u00e8s recul\u00e9s, avec des \u00e9tablissements remontant \u00e0 la pr\u00e9histoire. C'\u00e9tait un important centre peuc\u00e9en, puis romain, connu sous le nom de <strong>Silvium<\/strong>. Au Moyen \u00c2ge, elle a connu une p\u00e9riode de grand d\u00e9veloppement, laissant en h\u00e9ritage des monuments et de nombreuses \u00e9glises creus\u00e9es dans le roc, t\u00e9moins d'une profonde spiritualit\u00e9 li\u00e9e \u00e0 la r\u00e9gion.<\/p>\n<!-- \/wp:paragraph --><!-- wp:paragraph -->\n<p>Le paysage environnant fait partie de la <strong>Parc national de l'Alta Murgia<\/strong>une zone prot\u00e9g\u00e9e caract\u00e9ris\u00e9e par des plateaux rocheux, des \u00e9tendues sauvages et une nature intacte. Gravina est donc une destination id\u00e9ale pour les amateurs de promenades en plein air et de vues authentiques de la Murgia. Ces derni\u00e8res ann\u00e9es, la ville a \u00e9galement attir\u00e9 l'attention internationale. En effet, certaines sc\u00e8nes du film \"No Time to Die\" ont \u00e9t\u00e9 tourn\u00e9es ici m\u00eame, mettant encore plus en valeur ses extraordinaires paysages naturels.<\/p>\n<!-- \/wp:paragraph --><!-- wp:paragraph -->\n<p>Gravina, dans les Pouilles, est donc un lieu o\u00f9 l'histoire, la nature et les traditions s'entrem\u00ealent harmonieusement, offrant aux visiteurs une exp\u00e9rience intense et authentique, loin des circuits touristiques les plus fr\u00e9quent\u00e9s.<\/p>\n<!-- \/wp:paragraph --><!-- wp:heading -->\n<h2 class=\"wp-block-heading\"><span class=\"ez-toc-section\" id=\"Cosa_vedere_a_Gravina_in_Puglia\"><\/span><strong>Que voir \u00e0 Gravina dans les Pouilles ?<\/strong><span class=\"ez-toc-section-end\"><\/span><\/h2>\n<!-- \/wp:heading --><!-- wp:paragraph -->\n<p>Visiter Gravina dans les Pouilles, c'est s'immerger dans un paysage surprenant, o\u00f9 la nature et l'histoire coexistent harmonieusement. Le meilleur point de d\u00e9part d'une visite de la ville est sans aucun doute l'h\u00f4tel de ville. <strong>Ponte-Acqueduct Madonna della Stella<\/strong>symbole de la ville. Cette imposante structure de pierre traverse le ravin, reliant la vieille ville \u00e0 la colline oppos\u00e9e. En s'y promenant, on a une vue imprenable sur les gorges en contrebas et sur les maisons perch\u00e9es au bord du rocher, surtout au coucher du soleil, lorsque la pierre se teinte de reflets dor\u00e9s.<\/p>\n<!-- \/wp:paragraph --><!-- wp:paragraph -->\n<p>En entrant dans le centre historique, on d\u00e9couvre la majestueuse<strong> Cath\u00e9drale Sainte-Marie-de-l'Assomption<\/strong>L'\u00e9difice, de style roman, domine le paysage d'en haut. L'int\u00e9rieur abrite des \u0153uvres d'art et des d\u00e9tails architecturaux de grande valeur, tandis que l'ext\u00e9rieur offre de splendides vues panoramiques sur le ravin. En se promenant dans le centre, on peut \u00e9galement admirer la fa\u00e7ade de l'h\u00f4tel de ville. <strong>Biblioth\u00e8que du chapitre Finia<\/strong>La statue du pape Beno\u00eet XIII, d\u00e9di\u00e9e au pontife n\u00e9 ici, et la fontaine Ferdinandea, avec son \u00e9l\u00e9gante structure monumentale, constituent un pr\u00e9cieux t\u00e9moignage culturel de la ville.<\/p>\n<!-- \/wp:paragraph --><!-- wp:paragraph -->\n<p>L'un des aspects les plus fascinants de Gravina est \u00e9galement son patrimoine rocheux. Parmi les sites les plus remarquables, on peut citer le <strong>\u00c9glise rupestre de San Michele delle Grotte<\/strong>L'itin\u00e9raire de la Gravina Sotterranea, enti\u00e8rement creus\u00e9 dans la roche et caract\u00e9ris\u00e9 par des environnements \u00e9vocateurs qui t\u00e9moignent de la spiritualit\u00e9 m\u00e9di\u00e9vale de la r\u00e9gion. \u00c0 cela s'ajoute l'itin\u00e9raire de la Gravina Sotterranea, un syst\u00e8me complexe de salles souterraines, de caves et de passages creus\u00e9s dans le tuf, qui t\u00e9moignent de l'ing\u00e9niosit\u00e9 et de l'adaptation de l'homme au fil des si\u00e8cles.<\/p>\n<!-- \/wp:paragraph --><!-- wp:paragraph -->\n<p>Sur le plateau situ\u00e9 en face du centre ville se trouve la zone arch\u00e9ologique de <strong>Botromagno<\/strong>o\u00f9 l'on a trouv\u00e9 des vestiges d'anciens \u00e9tablissements remontant aux p\u00e9riodes peuc\u00e9enne et romaine. Le territoire du parc national de l'Alta Murgia se d\u00e9veloppe \u00e9galement autour de la ville, id\u00e9al pour ceux qui aiment se promener dans la nature et d\u00e9couvrir des paysages accident\u00e9s et authentiques.<\/p>\n<!-- \/wp:paragraph --><!-- wp:heading --><!-- \/wp:paragraph -->\t\t\t\t\t\t<\/div>\n\t\t\t\t<\/div>\n\t\t\t\t\t<\/div>\n\t\t\t\t<\/div>\n\t\t<div class=\"elementor-element elementor-element-302283e e-flex e-con-boxed e-con e-parent\" data-id=\"302283e\" data-element_type=\"container\">\n\t\t\t\t\t<div class=\"e-con-inner\">\n\t\t\t\t<div class=\"elementor-element elementor-element-70033a5 elementor-widget elementor-widget-shortcode\" data-id=\"70033a5\" data-element_type=\"widget\" data-widget_type=\"shortcode.default\">\n\t\t\t\t<div class=\"elementor-widget-container\">\n\t\t\t    \n    <div class=\"st-relate st-hotel-room-content\">\n        <div class=\"relate-rooms\">\n            <div class=\"st-hr\"><\/div>\n            <h2 class=\"st-heading-section\"><span class=\"ez-toc-section\" id=\"Proposition_for_you\"><\/span>Proposition pour vous<span class=\"ez-toc-section-end\"><\/span><\/h2>\n            <div class=\"inner service-list-wrapper service-tour\">\n                <div class=\"owl-carousel st-owl-slider\" data-loop=\"false\" data-center=\"true\" data-margin=\"24\" data-responsive=\"{&quot;992&quot;:{&quot;items&quot;:4},&quot;768&quot;:{&quot;items&quot;:2},&quot;0&quot;:{&quot;items&quot;:1}}\"><div class=\"item-slide\"><div class=\"services-item grid item-elementor mb-3\" itemscope itemtype=\"https:\/\/schema.org\/Trip\">\n    <div class=\"item service-border st-border-radius\">\n    <div class=\"header-services-item\" style=\"height: 50px; backround:black\">\n\n<div class=\"title\" >\n    Visites guid\u00e9es<\/div>\n<div class=\"icon\">\n\n        <a href=\"#\" class=\"login\" data-bs-toggle=\"modal\" data-bs-target=\"#st-login-form\">\n        \n            <div class=\"service-add-wishlist\" title=\"Ajouter \u00e0 la liste de souhaits\">\n            <img decoding=\"async\"  src=\"https:\/\/movery.it\/assets\/icons\/ico-favgreen.svg\" height=\"15\" width=\"15\" class=\"movery-home-main-items-child-pic-share ignore-mouse-events\" alt=\"Partager\" \/>\n\n\n                <div class=\"lds-dual-ring\"><\/div>\n            <\/div>\n        <\/a>\n        <a href=\"https:\/\/movery.it\/fr\/puglia\/bari\/tour-archeologico-di-bari-alla-scoperta-dei-tesori-della-citta\/\">\n    <img decoding=\"async\"  src=\"https:\/\/movery.it\/assets\/icons\/card-shopping-cart.svg\" height=\"15\" width=\"15\" class=\"movery-home-main-items-child-pic-share ignore-mouse-events\" alt=\"Partager\" \/>\n\n    <\/a>\n    <a href=\"https:\/\/movery.it\/fr\/puglia\/bari\/tour-archeologico-di-bari-alla-scoperta-dei-tesori-della-citta\/\">\n    <img decoding=\"async\"  src=\"https:\/\/static.movery.it\/assets\/img\/icons\/ico-sharegreen.svg\" height=\"15\" width=\"15\" class=\"movery-home-main-items-child-pic-share ignore-mouse-events\" alt=\"Partager\" \/>\n    <\/a>\n    \n<\/div>\n\n<\/div>\n        <div class=\"featured-image\">\n            <div class=\"st-tag-feature-sale\">\n                \n                                                            <\/div>\n\n            <a href=\"https:\/\/movery.it\/fr\/puglia\/bari\/tour-archeologico-di-bari-alla-scoperta-dei-tesori-della-citta\/\">\n                <img decoding=\"async\" class=\"feature_tour_img\" itemprop=\"photo\" src=\"https:\/\/movery.it\/wp-content\/uploads\/2026\/02\/Basilica-di-San-Nicola-450x300.jpeg\"\n                     alt=\"Visite arch\u00e9ologique de Bari pour d\u00e9couvrir les tr\u00e9sors cach\u00e9s de la ville\" \/>\n            <\/a>\n                    <\/div>\n        <div class=\"content-item\">\n        <a href=\"https:\/\/movery.it\/fr\/puglia\/bari\/tour-archeologico-di-bari-alla-scoperta-dei-tesori-della-citta\/\"  class=\"title-a\" style=\"height: 3rem;overflow: hidden;\">\n        <p class=\"title\" itemprop=\"name\">\n               Visite arch\u00e9ologique de Bari pour d\u00e9couvrir les tr\u00e9sors cach\u00e9s de la ville        <\/p>\n                <\/a>   \n        \n                            <div class=\"sub-title st-address d-flex\" itemprop=\"location\" itemscope itemtype=\"https:\/\/schema.org\/Place\">\n                    <span class=\"address\" itemprop=\"address\" itemscope itemtype=\"https:\/\/schema.org\/PostalAddress\">\n                        <span itemprop=\"streetAddress\"> <i class=\"stt-icon-location1\"><\/i> Via Vallisa, 81, Bari<\/span>\n                    <\/span>\n\t\t\t\t\t                            <span class=\"duration\">\n\t\t\t\t\t\t\t\t<i class=\"input-icon st-border-radius field-icon fa\"><svg height=\"11px\" width=\"11px\" version=\"1.1\" id=\"Layer_1\" xmlns=\"http:\/\/www.w3.org\/2000\/svg\" xmlns:xlink=\"http:\/\/www.w3.org\/1999\/xlink\" x=\"0px\" y=\"0px\"\r\n     viewbox=\"0 0 24 24\" style=\"enable-background:new 0 0 24 24;\" xml:space=\"preserve\">\r\n\r\n<g fill=\"#013451\">\r\n    <path d=\"M12,23.25C5.797,23.25,0.75,18.203,0.75,12C0.75,5.797,5.797,0.75,12,0.75c6.203,0,11.25,5.047,11.25,11.25        C23.25,18.203,18.203,23.25,12,23.25z M12,2.25c-5.376,0-9.75,4.374-9.75,9.75s4.374,9.75,9.75,9.75s9.75-4.374,9.75-9.75        S17.376,2.25,12,2.25z\"\/>\r\n    <path d=\"M15.75,16.5c-0.2,0-0.389-0.078-0.53-0.22l-2.25-2.25c-0.302,0.145-0.632,0.22-0.969,0.22c-1.241,0-2.25-1.009-2.25-2.25        c0-0.96,0.615-1.808,1.5-2.121V5.25c0-0.414,0.336-0.75,0.75-0.75s0.75,0.336,0.75,0.75v4.629c0.885,0.314,1.5,1.162,1.5,2.121        c0,0.338-0.075,0.668-0.22,0.969l2.25,2.25c0.292,0.292,0.292,0.768,0,1.061C16.139,16.422,15.95,16.5,15.75,16.5z M12,11.25        c-0.414,0-0.75,0.336-0.75,0.75s0.336,0.75,0.75,0.75s0.75-0.336,0.75-0.75S12.414,11.25,12,11.25z\"\/>\r\n<\/g>\r\n<\/svg><\/i>\t\t\t\t\t\t\t\t2h  \n                        <\/span>\n                                        <\/div>\n            \n            <div class=\"excerpt\" style=\"height: 3rem;\">\n            Vous souhaitez mieux conna\u00eetre Bari ? Profitez de cette visite du centre historique qui vous montrera...            <\/div>\n\n\n            <div class=\"reviews\" itemprop=\"starRating\" itemscope itemtype=\"https:\/\/schema.org\/Rating\"  style=\"display: block;padding-left: 15px;margin-top: 15px; height: 48px;\">\n                <i class=\"stt-icon-star1\"><\/i>\n                <span class=\"rate\" itemprop=\"ratingValue\" style=\"color: #0f3f5b;\">\n\t\t\t\t\t\t4.4 <span>\/<\/span> 5\n\t\t\t\t\t<\/span>\n\t\t\t\t\t<span class=\"rate-text\" style=\"color: #0f3f5b;\">\n\t\t\t\t\t\tExcellent\t\t\t\t\t<\/span>\n                <span class=\"summary\">\n                    (5 commentaires)\n                <\/span>\n            <\/div>\n            <div class=\"event-date d-none\" itemprop=\"startDate\" content=\"2026-05-01 12:00:48\">2026-05-01 12:00:48<\/div>\n            \n                     <div class=\"section-footer\">\n                                <div class=\"section_footer_content\" itemprop=\"priceRange\">\n                    <span class=\"price-tour\">\n                        <span class=\"price\">&nbsp;&nbsp;&nbsp;&nbsp;<span class=\"sale-top\">De  <span class=\"text-lg lh1em item\"> \u20ac35.00<\/span><\/span><br>&nbsp;&nbsp;&nbsp;&nbsp;une personne<\/span>\n                    <\/span>\n                    \n                                                <span class=\"unit\">\n\t\t\t\t\t\t        <a href=\"https:\/\/movery.it\/fr\/puglia\/bari\/tour-archeologico-di-bari-alla-scoperta-dei-tesori-della-citta\/\" class=\"add_tour\">\n\t\t\t\t\t\t\t        Livre \n\t\t\t\t\t\t        <\/a>\n                            <\/span>\n                                        <\/div>\n            <\/div>\n        <\/div>\n    <\/div>\n<\/div><\/div><div class=\"item-slide\"><div class=\"services-item grid item-elementor mb-3\" itemscope itemtype=\"https:\/\/schema.org\/Trip\">\n    <div class=\"item service-border st-border-radius\">\n        <div class=\"header-services-item\" style=\"height: 50px; backround:black\">\n\n            <div class=\"title\">\n                Trekking            <\/div>\n            <div class=\"icon\">\n\n                                    <a href=\"#\" class=\"login\" data-bs-toggle=\"modal\" data-bs-target=\"#st-login-form\">\n\n                        <div class=\"service-add-wishlist\" title=\"Ajouter \u00e0 la liste de souhaits\">\n                            <img loading=\"lazy\" decoding=\"async\" src=\"https:\/\/movery.it\/assets\/icons\/ico-favgreen.svg\" height=\"15\" width=\"15\" class=\"movery-home-main-items-child-pic-share ignore-mouse-events\" alt=\"Partager\" \/>\n\n\n                            <div class=\"lds-dual-ring\"><\/div>\n                        <\/div>\n                    <\/a>\n                                <a href=\"https:\/\/movery.it\/fr\/basilicata\/matera-basilicata\/trekking-nel-parco-della-murgia-con-visita-al-villaggio-e-degustazione\/\">\n                    <img loading=\"lazy\" decoding=\"async\" src=\"https:\/\/movery.it\/assets\/icons\/card-shopping-cart.svg\" height=\"15\" width=\"15\" class=\"movery-home-main-items-child-pic-share ignore-mouse-events\" alt=\"Partager\" \/>\n\n                <\/a>\n                <a href=\"https:\/\/movery.it\/fr\/basilicata\/matera-basilicata\/trekking-nel-parco-della-murgia-con-visita-al-villaggio-e-degustazione\/\">\n                    <img loading=\"lazy\" decoding=\"async\" src=\"https:\/\/static.movery.it\/assets\/img\/icons\/ico-sharegreen.svg\" height=\"15\" width=\"15\" class=\"movery-home-main-items-child-pic-share ignore-mouse-events\" alt=\"Partager\" \/>\n                <\/a>\n\n            <\/div>\n\n        <\/div>\n        <div class=\"featured-image\">\n            <div class=\"st-tag-feature-sale\">\n                                                \n            <\/div>\n\n            <a href=\"https:\/\/movery.it\/fr\/basilicata\/matera-basilicata\/trekking-nel-parco-della-murgia-con-visita-al-villaggio-e-degustazione\/\">\n                <img decoding=\"async\" class=\"feature_activity_img\" itemprop=\"photo\" src=\"https:\/\/movery.it\/wp-content\/uploads\/2025\/11\/trekking_matera_parco_murgia-450x300.png\" alt=\"Randonn\u00e9e dans le parc de la Murgia avec visite du village sarrasin de Matera et d\u00e9gustation dans une masseria.\" \/>\n            <\/a>\n                    <\/div>\n        <div class=\"content-item\">\n            <a href=\"https:\/\/movery.it\/fr\/basilicata\/matera-basilicata\/trekking-nel-parco-della-murgia-con-visita-al-villaggio-e-degustazione\/\" class=\"title-a\" style=\"height: 3rem;overflow: hidden;\">\n                <p class=\"title\" itemprop=\"name\">\n                    Randonn\u00e9e dans le parc de la Murgia avec visite du village sarrasin de Matera et d\u00e9gustation dans une masseria.                <\/p>\n            <\/a>\n            \n\n                            <div class=\"sub-title st-address d-flex\" itemprop=\"location\" itemscope itemtype=\"https:\/\/schema.org\/Place\">\n                    <span class=\"address\" itemprop=\"address\" itemscope itemtype=\"https:\/\/schema.org\/PostalAddress\">\n                        <span itemprop=\"streetAddress\"> <i class=\"stt-icon-location1\"><\/i> Via Don Minzoni 13 \u00e0 Matera<\/span>\n                    <\/span>\n\t\t\t\t\t                            <span class=\"duration\">\n\t\t\t\t\t\t\t\t<i class=\"input-icon st-border-radius field-icon fa\"><svg height=\"11px\" width=\"11px\" version=\"1.1\" id=\"Layer_1\" xmlns=\"http:\/\/www.w3.org\/2000\/svg\" xmlns:xlink=\"http:\/\/www.w3.org\/1999\/xlink\" x=\"0px\" y=\"0px\"\r\n     viewbox=\"0 0 24 24\" style=\"enable-background:new 0 0 24 24;\" xml:space=\"preserve\">\r\n\r\n<g fill=\"#013451\">\r\n    <path d=\"M12,23.25C5.797,23.25,0.75,18.203,0.75,12C0.75,5.797,5.797,0.75,12,0.75c6.203,0,11.25,5.047,11.25,11.25        C23.25,18.203,18.203,23.25,12,23.25z M12,2.25c-5.376,0-9.75,4.374-9.75,9.75s4.374,9.75,9.75,9.75s9.75-4.374,9.75-9.75        S17.376,2.25,12,2.25z\"\/>\r\n    <path d=\"M15.75,16.5c-0.2,0-0.389-0.078-0.53-0.22l-2.25-2.25c-0.302,0.145-0.632,0.22-0.969,0.22c-1.241,0-2.25-1.009-2.25-2.25        c0-0.96,0.615-1.808,1.5-2.121V5.25c0-0.414,0.336-0.75,0.75-0.75s0.75,0.336,0.75,0.75v4.629c0.885,0.314,1.5,1.162,1.5,2.121        c0,0.338-0.075,0.668-0.22,0.969l2.25,2.25c0.292,0.292,0.292,0.768,0,1.061C16.139,16.422,15.95,16.5,15.75,16.5z M12,11.25        c-0.414,0-0.75,0.336-0.75,0.75s0.336,0.75,0.75,0.75s0.75-0.336,0.75-0.75S12.414,11.25,12,11.25z\"\/>\r\n<\/g>\r\n<\/svg><\/i>\t\t\t\t\t\t\t\t3h  \n                        <\/span>\n                                        <\/div>\n            \n            <div class=\"excerpt\" style=\"height: 3rem;\">\n                Envie d'une exp\u00e9rience sp\u00e9ciale en pleine nature ? Ce trekking \u00e0 Matera vous permet de...            <\/div>\n\n\n            <div class=\"reviews\" itemprop=\"starRating\" itemscope itemtype=\"https:\/\/schema.org\/Rating\"  style=\"display: block;padding-left: 15px;margin-top: 15px; height: 48px;\">\n                <i class=\"stt-icon-star1\"><\/i>\n                <span class=\"rate\" itemprop=\"ratingValue\" style=\"color: #0f3f5b;\">\n\t\t\t\t\t\t4 <span>\/<\/span> 5\n\t\t\t\t\t<\/span>\n\t\t\t\t\t<span class=\"rate-text\" style=\"color: #0f3f5b;\">\n\t\t\t\t\t\tTr\u00e8s bon\t\t\t\t\t<\/span>\n                <span class=\"summary\">\n                    (5 commentaires)\n                <\/span>\n            <\/div>\n            <div class=\"event-date d-none\" itemprop=\"startDate\" content=\"2026-05-01 12:00:48\">2026-05-01 12:00:48<\/div>\n\n                        <div class=\"section-footer\">\n                                <div class=\"section_footer_content\" itemprop=\"priceRange\">\n                    <span class=\"price-tour\" >\n                        <span class=\"price\">&nbsp;&nbsp;&nbsp;&nbsp;<span class=\"sale-top\">De  <span class=\"text-lg lh1em item\"> \u20ac20.00<\/span><\/span><br>&nbsp;&nbsp;&nbsp;&nbsp;une personne<\/span>\n                    <\/span>\n\n                                                <span class=\"unit\">\n\t\t\t\t\t\t        <a href=\"https:\/\/movery.it\/fr\/basilicata\/matera-basilicata\/trekking-nel-parco-della-murgia-con-visita-al-villaggio-e-degustazione\/\" class=\"add_tour\">\n\t\t\t\t\t\t\t        Livre \n\t\t\t\t\t\t        <\/a>\n                            <\/span>\n                                        <\/div>\n            <\/div>\n        <\/div>\n    <\/div>\n<\/div><\/div><div class=\"item-slide\"><div class=\"services-item grid item-elementor mb-3\" itemscope itemtype=\"https:\/\/schema.org\/Trip\">\n    <div class=\"item service-border st-border-radius\">\n    <div class=\"header-services-item\" style=\"height: 50px; backround:black\">\n\n<div class=\"title\" >\n    Visite en voiture<\/div>\n<div class=\"icon\">\n\n        <a href=\"#\" class=\"login\" data-bs-toggle=\"modal\" data-bs-target=\"#st-login-form\">\n        \n            <div class=\"service-add-wishlist\" title=\"Ajouter \u00e0 la liste de souhaits\">\n            <img decoding=\"async\"  src=\"https:\/\/movery.it\/assets\/icons\/ico-favgreen.svg\" height=\"15\" width=\"15\" class=\"movery-home-main-items-child-pic-share ignore-mouse-events\" alt=\"Partager\" \/>\n\n\n                <div class=\"lds-dual-ring\"><\/div>\n            <\/div>\n        <\/a>\n        <a href=\"https:\/\/movery.it\/fr\/puglia\/bari\/visita-guidata-tra-matera-e-alberobello-in-minibus-da-bari\/\">\n    <img decoding=\"async\"  src=\"https:\/\/movery.it\/assets\/icons\/card-shopping-cart.svg\" height=\"15\" width=\"15\" class=\"movery-home-main-items-child-pic-share ignore-mouse-events\" alt=\"Partager\" \/>\n\n    <\/a>\n    <a href=\"https:\/\/movery.it\/fr\/puglia\/bari\/visita-guidata-tra-matera-e-alberobello-in-minibus-da-bari\/\">\n    <img decoding=\"async\"  src=\"https:\/\/static.movery.it\/assets\/img\/icons\/ico-sharegreen.svg\" height=\"15\" width=\"15\" class=\"movery-home-main-items-child-pic-share ignore-mouse-events\" alt=\"Partager\" \/>\n    <\/a>\n    \n<\/div>\n\n<\/div>\n        <div class=\"featured-image\">\n            <div class=\"st-tag-feature-sale\">\n                \n                                                            <\/div>\n\n            <a href=\"https:\/\/movery.it\/fr\/puglia\/bari\/visita-guidata-tra-matera-e-alberobello-in-minibus-da-bari\/\">\n                <img decoding=\"async\" class=\"feature_tour_img\" itemprop=\"photo\" src=\"https:\/\/movery.it\/wp-content\/uploads\/2025\/10\/alberobello-scaled-1-450x300.jpeg\"\n                     alt=\"Visite guid\u00e9e entre Matera et Alberobello en minibus depuis Bari, Monopoli ou Polignano a Mare\" \/>\n            <\/a>\n                    <\/div>\n        <div class=\"content-item\">\n        <a href=\"https:\/\/movery.it\/fr\/puglia\/bari\/visita-guidata-tra-matera-e-alberobello-in-minibus-da-bari\/\"  class=\"title-a\" style=\"height: 3rem;overflow: hidden;\">\n        <p class=\"title\" itemprop=\"name\">\n               Visite guid\u00e9e entre Matera et Alberobello en minibus depuis Bari, Monopoli ou Polignano a Mare        <\/p>\n                <\/a>   \n        \n                            <div class=\"sub-title st-address d-flex\" itemprop=\"location\" itemscope itemtype=\"https:\/\/schema.org\/Place\">\n                    <span class=\"address\" itemprop=\"address\" itemscope itemtype=\"https:\/\/schema.org\/PostalAddress\">\n                        <span itemprop=\"streetAddress\"> <i class=\"stt-icon-location1\"><\/i> Largo Eroi del Mare, Bari<\/span>\n                    <\/span>\n\t\t\t\t\t                            <span class=\"duration\">\n\t\t\t\t\t\t\t\t<i class=\"input-icon st-border-radius field-icon fa\"><svg height=\"11px\" width=\"11px\" version=\"1.1\" id=\"Layer_1\" xmlns=\"http:\/\/www.w3.org\/2000\/svg\" xmlns:xlink=\"http:\/\/www.w3.org\/1999\/xlink\" x=\"0px\" y=\"0px\"\r\n     viewbox=\"0 0 24 24\" style=\"enable-background:new 0 0 24 24;\" xml:space=\"preserve\">\r\n\r\n<g fill=\"#013451\">\r\n    <path d=\"M12,23.25C5.797,23.25,0.75,18.203,0.75,12C0.75,5.797,5.797,0.75,12,0.75c6.203,0,11.25,5.047,11.25,11.25        C23.25,18.203,18.203,23.25,12,23.25z M12,2.25c-5.376,0-9.75,4.374-9.75,9.75s4.374,9.75,9.75,9.75s9.75-4.374,9.75-9.75        S17.376,2.25,12,2.25z\"\/>\r\n    <path d=\"M15.75,16.5c-0.2,0-0.389-0.078-0.53-0.22l-2.25-2.25c-0.302,0.145-0.632,0.22-0.969,0.22c-1.241,0-2.25-1.009-2.25-2.25        c0-0.96,0.615-1.808,1.5-2.121V5.25c0-0.414,0.336-0.75,0.75-0.75s0.75,0.336,0.75,0.75v4.629c0.885,0.314,1.5,1.162,1.5,2.121        c0,0.338-0.075,0.668-0.22,0.969l2.25,2.25c0.292,0.292,0.292,0.768,0,1.061C16.139,16.422,15.95,16.5,15.75,16.5z M12,11.25        c-0.414,0-0.75,0.336-0.75,0.75s0.336,0.75,0.75,0.75s0.75-0.336,0.75-0.75S12.414,11.25,12,11.25z\"\/>\r\n<\/g>\r\n<\/svg><\/i>\t\t\t\t\t\t\t\t10h  \n                        <\/span>\n                                        <\/div>\n            \n            <div class=\"excerpt\" style=\"height: 3rem;\">\n            Vous voulez tout savoir sur Matera et Alberobello ? R\u00e9servez cette excursion en minibus \u00e0 Matera...            <\/div>\n\n\n            <div class=\"reviews\" itemprop=\"starRating\" itemscope itemtype=\"https:\/\/schema.org\/Rating\"  style=\"display: block;padding-left: 15px;margin-top: 15px; height: 48px;\">\n                <i class=\"stt-icon-star1\"><\/i>\n                <span class=\"rate\" itemprop=\"ratingValue\" style=\"color: #0f3f5b;\">\n\t\t\t\t\t\t2.8 <span>\/<\/span> 5\n\t\t\t\t\t<\/span>\n\t\t\t\t\t<span class=\"rate-text\" style=\"color: #0f3f5b;\">\n\t\t\t\t\t\tMoyenne\t\t\t\t\t<\/span>\n                <span class=\"summary\">\n                    (3 commentaires)\n                <\/span>\n            <\/div>\n            <div class=\"event-date d-none\" itemprop=\"startDate\" content=\"2026-05-01 12:00:48\">2026-05-01 12:00:48<\/div>\n            \n                     <div class=\"section-footer\">\n                                <div class=\"section_footer_content\" itemprop=\"priceRange\">\n                    <span class=\"price-tour\">\n                        <span class=\"price\">&nbsp;&nbsp;&nbsp;&nbsp;<span class=\"sale-top\">De  <span class=\"text-lg lh1em item\"> \u20ac125.00<\/span><\/span><br>&nbsp;&nbsp;&nbsp;&nbsp;une personne<\/span>\n                    <\/span>\n                    \n                                                <span class=\"unit\">\n\t\t\t\t\t\t        <a href=\"https:\/\/movery.it\/fr\/puglia\/bari\/visita-guidata-tra-matera-e-alberobello-in-minibus-da-bari\/\" class=\"add_tour\">\n\t\t\t\t\t\t\t        Livre \n\t\t\t\t\t\t        <\/a>\n                            <\/span>\n                                        <\/div>\n            <\/div>\n        <\/div>\n    <\/div>\n<\/div><\/div><div class=\"item-slide\"><div class=\"services-item grid item-elementor mb-3\" itemscope itemtype=\"https:\/\/schema.org\/Trip\">\n    <div class=\"item service-border st-border-radius\">\n    <div class=\"header-services-item\" style=\"height: 50px; backround:black\">\n\n<div class=\"title\" >\n    Visites avec transport<\/div>\n<div class=\"icon\">\n\n        <a href=\"#\" class=\"login\" data-bs-toggle=\"modal\" data-bs-target=\"#st-login-form\">\n        \n            <div class=\"service-add-wishlist\" title=\"Ajouter \u00e0 la liste de souhaits\">\n            <img decoding=\"async\"  src=\"https:\/\/movery.it\/assets\/icons\/ico-favgreen.svg\" height=\"15\" width=\"15\" class=\"movery-home-main-items-child-pic-share ignore-mouse-events\" alt=\"Partager\" \/>\n\n\n                <div class=\"lds-dual-ring\"><\/div>\n            <\/div>\n        <\/a>\n        <a href=\"https:\/\/movery.it\/fr\/puglia\/bari\/tour-a-gravina-e-trani-in-partenza-da-matera-o-da-bari\/\">\n    <img decoding=\"async\"  src=\"https:\/\/movery.it\/assets\/icons\/card-shopping-cart.svg\" height=\"15\" width=\"15\" class=\"movery-home-main-items-child-pic-share ignore-mouse-events\" alt=\"Partager\" \/>\n\n    <\/a>\n    <a href=\"https:\/\/movery.it\/fr\/puglia\/bari\/tour-a-gravina-e-trani-in-partenza-da-matera-o-da-bari\/\">\n    <img decoding=\"async\"  src=\"https:\/\/static.movery.it\/assets\/img\/icons\/ico-sharegreen.svg\" height=\"15\" width=\"15\" class=\"movery-home-main-items-child-pic-share ignore-mouse-events\" alt=\"Partager\" \/>\n    <\/a>\n    \n<\/div>\n\n<\/div>\n        <div class=\"featured-image\">\n            <div class=\"st-tag-feature-sale\">\n                \n                                                            <\/div>\n\n            <a href=\"https:\/\/movery.it\/fr\/puglia\/bari\/tour-a-gravina-e-trani-in-partenza-da-matera-o-da-bari\/\">\n                <img decoding=\"async\" class=\"feature_tour_img\" itemprop=\"photo\" src=\"https:\/\/movery.it\/wp-content\/uploads\/2025\/10\/minivan_puglia_da_matera_bari-450x300.png\"\n                     alt=\"Excursion priv\u00e9e \u00e0 Gravina, Castel del Monte et Trani au d\u00e9part de Matera ou de Bari\" \/>\n            <\/a>\n                    <\/div>\n        <div class=\"content-item\">\n        <a href=\"https:\/\/movery.it\/fr\/puglia\/bari\/tour-a-gravina-e-trani-in-partenza-da-matera-o-da-bari\/\"  class=\"title-a\" style=\"height: 3rem;overflow: hidden;\">\n        <p class=\"title\" itemprop=\"name\">\n               Excursion priv\u00e9e \u00e0 Gravina, Castel del Monte et Trani au d\u00e9part de Matera ou de Bari        <\/p>\n                <\/a>   \n        \n                            <div class=\"sub-title st-address d-flex\" itemprop=\"location\" itemscope itemtype=\"https:\/\/schema.org\/Place\">\n                    <span class=\"address\" itemprop=\"address\" itemscope itemtype=\"https:\/\/schema.org\/PostalAddress\">\n                        <span itemprop=\"streetAddress\"> <i class=\"stt-icon-location1\"><\/i> Via Alessandro Volta, Matera<\/span>\n                    <\/span>\n\t\t\t\t\t                            <span class=\"duration\">\n\t\t\t\t\t\t\t\t<i class=\"input-icon st-border-radius field-icon fa\"><svg height=\"11px\" width=\"11px\" version=\"1.1\" id=\"Layer_1\" xmlns=\"http:\/\/www.w3.org\/2000\/svg\" xmlns:xlink=\"http:\/\/www.w3.org\/1999\/xlink\" x=\"0px\" y=\"0px\"\r\n     viewbox=\"0 0 24 24\" style=\"enable-background:new 0 0 24 24;\" xml:space=\"preserve\">\r\n\r\n<g fill=\"#013451\">\r\n    <path d=\"M12,23.25C5.797,23.25,0.75,18.203,0.75,12C0.75,5.797,5.797,0.75,12,0.75c6.203,0,11.25,5.047,11.25,11.25        C23.25,18.203,18.203,23.25,12,23.25z M12,2.25c-5.376,0-9.75,4.374-9.75,9.75s4.374,9.75,9.75,9.75s9.75-4.374,9.75-9.75        S17.376,2.25,12,2.25z\"\/>\r\n    <path d=\"M15.75,16.5c-0.2,0-0.389-0.078-0.53-0.22l-2.25-2.25c-0.302,0.145-0.632,0.22-0.969,0.22c-1.241,0-2.25-1.009-2.25-2.25        c0-0.96,0.615-1.808,1.5-2.121V5.25c0-0.414,0.336-0.75,0.75-0.75s0.75,0.336,0.75,0.75v4.629c0.885,0.314,1.5,1.162,1.5,2.121        c0,0.338-0.075,0.668-0.22,0.969l2.25,2.25c0.292,0.292,0.292,0.768,0,1.061C16.139,16.422,15.95,16.5,15.75,16.5z M12,11.25        c-0.414,0-0.75,0.336-0.75,0.75s0.336,0.75,0.75,0.75s0.75-0.336,0.75-0.75S12.414,11.25,12,11.25z\"\/>\r\n<\/g>\r\n<\/svg><\/i>\t\t\t\t\t\t\t\t8h  \n                        <\/span>\n                                        <\/div>\n            \n            <div class=\"excerpt\" style=\"height: 3rem;\">\n            Vous souhaitez mieux d\u00e9couvrir Bari et certaines de ses villes de province ? R\u00e9servez ce circuit d\u00e8s maintenant en...            <\/div>\n\n\n            <div class=\"reviews\" itemprop=\"starRating\" itemscope itemtype=\"https:\/\/schema.org\/Rating\"  style=\"display: block;padding-left: 15px;margin-top: 15px; height: 48px;\">\n                <i class=\"stt-icon-star1\"><\/i>\n                <span class=\"rate\" itemprop=\"ratingValue\" style=\"color: #0f3f5b;\">\n\t\t\t\t\t\t3 <span>\/<\/span> 5\n\t\t\t\t\t<\/span>\n\t\t\t\t\t<span class=\"rate-text\" style=\"color: #0f3f5b;\">\n\t\t\t\t\t\tMoyenne\t\t\t\t\t<\/span>\n                <span class=\"summary\">\n                    (4 commentaires)\n                <\/span>\n            <\/div>\n            <div class=\"event-date d-none\" itemprop=\"startDate\" content=\"2026-05-01 12:00:48\">2026-05-01 12:00:48<\/div>\n            \n                     <div class=\"section-footer\">\n                                <div class=\"section_footer_content\" itemprop=\"priceRange\">\n                    <span class=\"price-tour\">\n                        <span class=\"price\">&nbsp;&nbsp;&nbsp;&nbsp;<span class=\"sale-top\">De  <span class=\"text-lg lh1em item\"> \u20ac450.00<\/span><\/span><br>&nbsp;&nbsp;&nbsp;&nbsp;une personne<\/span>\n                    <\/span>\n                    \n                                                <span class=\"unit\">\n\t\t\t\t\t\t        <a href=\"https:\/\/movery.it\/fr\/puglia\/bari\/tour-a-gravina-e-trani-in-partenza-da-matera-o-da-bari\/\" class=\"add_tour\">\n\t\t\t\t\t\t\t        Livre \n\t\t\t\t\t\t        <\/a>\n                            <\/span>\n                                        <\/div>\n            <\/div>\n        <\/div>\n    <\/div>\n<\/div><\/div><div class=\"item-slide\"><div class=\"services-item grid item-elementor mb-3\" itemscope itemtype=\"https:\/\/schema.org\/Trip\">\n    <div class=\"item service-border st-border-radius\">\n    <div class=\"header-services-item\" style=\"height: 50px; backround:black\">\n\n<div class=\"title\" >\n    Visites \u00e0 pied<\/div>\n<div class=\"icon\">\n\n        <a href=\"#\" class=\"login\" data-bs-toggle=\"modal\" data-bs-target=\"#st-login-form\">\n        \n            <div class=\"service-add-wishlist\" title=\"Ajouter \u00e0 la liste de souhaits\">\n            <img decoding=\"async\"  src=\"https:\/\/movery.it\/assets\/icons\/ico-favgreen.svg\" height=\"15\" width=\"15\" class=\"movery-home-main-items-child-pic-share ignore-mouse-events\" alt=\"Partager\" \/>\n\n\n                <div class=\"lds-dual-ring\"><\/div>\n            <\/div>\n        <\/a>\n        <a href=\"https:\/\/movery.it\/fr\/puglia\/polignano-a-mare\/walking-tour-condiviso-nel-centro-storico-di-polignano-a-mare\/\">\n    <img decoding=\"async\"  src=\"https:\/\/movery.it\/assets\/icons\/card-shopping-cart.svg\" height=\"15\" width=\"15\" class=\"movery-home-main-items-child-pic-share ignore-mouse-events\" alt=\"Partager\" \/>\n\n    <\/a>\n    <a href=\"https:\/\/movery.it\/fr\/puglia\/polignano-a-mare\/walking-tour-condiviso-nel-centro-storico-di-polignano-a-mare\/\">\n    <img decoding=\"async\"  src=\"https:\/\/static.movery.it\/assets\/img\/icons\/ico-sharegreen.svg\" height=\"15\" width=\"15\" class=\"movery-home-main-items-child-pic-share ignore-mouse-events\" alt=\"Partager\" \/>\n    <\/a>\n    \n<\/div>\n\n<\/div>\n        <div class=\"featured-image\">\n            <div class=\"st-tag-feature-sale\">\n                \n                                                            <\/div>\n\n            <a href=\"https:\/\/movery.it\/fr\/puglia\/polignano-a-mare\/walking-tour-condiviso-nel-centro-storico-di-polignano-a-mare\/\">\n                <img decoding=\"async\" class=\"feature_tour_img\" itemprop=\"photo\" src=\"https:\/\/movery.it\/wp-content\/uploads\/2025\/10\/walking_tour_polignano-450x300.jpg\"\n                     alt=\"Visite \u00e0 pied partag\u00e9e du centre historique de Polignano a Mare\" \/>\n            <\/a>\n                    <\/div>\n        <div class=\"content-item\">\n        <a href=\"https:\/\/movery.it\/fr\/puglia\/polignano-a-mare\/walking-tour-condiviso-nel-centro-storico-di-polignano-a-mare\/\"  class=\"title-a\" style=\"height: 3rem;overflow: hidden;\">\n        <p class=\"title\" itemprop=\"name\">\n               Visite \u00e0 pied partag\u00e9e du centre historique de Polignano a Mare        <\/p>\n                <\/a>   \n        \n                            <div class=\"sub-title st-address d-flex\" itemprop=\"location\" itemscope itemtype=\"https:\/\/schema.org\/Place\">\n                    <span class=\"address\" itemprop=\"address\" itemscope itemtype=\"https:\/\/schema.org\/PostalAddress\">\n                        <span itemprop=\"streetAddress\"> <i class=\"stt-icon-location1\"><\/i> Piazza Caduti di Via Fani, Polignano<\/span>\n                    <\/span>\n\t\t\t\t\t                            <span class=\"duration\">\n\t\t\t\t\t\t\t\t<i class=\"input-icon st-border-radius field-icon fa\"><svg height=\"11px\" width=\"11px\" version=\"1.1\" id=\"Layer_1\" xmlns=\"http:\/\/www.w3.org\/2000\/svg\" xmlns:xlink=\"http:\/\/www.w3.org\/1999\/xlink\" x=\"0px\" y=\"0px\"\r\n     viewbox=\"0 0 24 24\" style=\"enable-background:new 0 0 24 24;\" xml:space=\"preserve\">\r\n\r\n<g fill=\"#013451\">\r\n    <path d=\"M12,23.25C5.797,23.25,0.75,18.203,0.75,12C0.75,5.797,5.797,0.75,12,0.75c6.203,0,11.25,5.047,11.25,11.25        C23.25,18.203,18.203,23.25,12,23.25z M12,2.25c-5.376,0-9.75,4.374-9.75,9.75s4.374,9.75,9.75,9.75s9.75-4.374,9.75-9.75        S17.376,2.25,12,2.25z\"\/>\r\n    <path d=\"M15.75,16.5c-0.2,0-0.389-0.078-0.53-0.22l-2.25-2.25c-0.302,0.145-0.632,0.22-0.969,0.22c-1.241,0-2.25-1.009-2.25-2.25        c0-0.96,0.615-1.808,1.5-2.121V5.25c0-0.414,0.336-0.75,0.75-0.75s0.75,0.336,0.75,0.75v4.629c0.885,0.314,1.5,1.162,1.5,2.121        c0,0.338-0.075,0.668-0.22,0.969l2.25,2.25c0.292,0.292,0.292,0.768,0,1.061C16.139,16.422,15.95,16.5,15.75,16.5z M12,11.25        c-0.414,0-0.75,0.336-0.75,0.75s0.336,0.75,0.75,0.75s0.75-0.336,0.75-0.75S12.414,11.25,12,11.25z\"\/>\r\n<\/g>\r\n<\/svg><\/i>\t\t\t\t\t\t\t\t2h  \n                        <\/span>\n                                        <\/div>\n            \n            <div class=\"excerpt\" style=\"height: 3rem;\">\n            Pour une journ\u00e9e de divertissement, rien de mieux qu'une visite de Polignano...            <\/div>\n\n\n            <div class=\"reviews\" itemprop=\"starRating\" itemscope itemtype=\"https:\/\/schema.org\/Rating\"  style=\"display: block;padding-left: 15px;margin-top: 15px; height: 48px;\">\n                <i class=\"stt-icon-star1\"><\/i>\n                <span class=\"rate\" itemprop=\"ratingValue\" style=\"color: #0f3f5b;\">\n\t\t\t\t\t\t3.9 <span>\/<\/span> 5\n\t\t\t\t\t<\/span>\n\t\t\t\t\t<span class=\"rate-text\" style=\"color: #0f3f5b;\">\n\t\t\t\t\t\tTr\u00e8s bon\t\t\t\t\t<\/span>\n                <span class=\"summary\">\n                    (6 commentaires)\n                <\/span>\n            <\/div>\n            <div class=\"event-date d-none\" itemprop=\"startDate\" content=\"2026-05-01 12:00:48\">2026-05-01 12:00:48<\/div>\n            \n                     <div class=\"section-footer\">\n                                <div class=\"section_footer_content\" itemprop=\"priceRange\">\n                    <span class=\"price-tour\">\n                        <span class=\"price\">&nbsp;&nbsp;&nbsp;&nbsp;<span class=\"sale-top\">De  <span class=\"text-lg lh1em item\"> \u20ac35.00<\/span><\/span><br>&nbsp;&nbsp;&nbsp;&nbsp;une personne<\/span>\n                    <\/span>\n                    \n                                                <span class=\"unit\">\n\t\t\t\t\t\t        <a href=\"https:\/\/movery.it\/fr\/puglia\/polignano-a-mare\/walking-tour-condiviso-nel-centro-storico-di-polignano-a-mare\/\" class=\"add_tour\">\n\t\t\t\t\t\t\t        Livre \n\t\t\t\t\t\t        <\/a>\n                            <\/span>\n                                        <\/div>\n            <\/div>\n        <\/div>\n    <\/div>\n<\/div><\/div><div class=\"item-slide\"><div class=\"services-item grid item-elementor mb-3\" itemscope itemtype=\"https:\/\/schema.org\/Trip\">\n    <div class=\"item service-border st-border-radius\">\n    <div class=\"header-services-item\" style=\"height: 50px; backround:black\">\n\n<div class=\"title\" >\n    Visites guid\u00e9es<\/div>\n<div class=\"icon\">\n\n        <a href=\"#\" class=\"login\" data-bs-toggle=\"modal\" data-bs-target=\"#st-login-form\">\n        \n            <div class=\"service-add-wishlist\" title=\"Ajouter \u00e0 la liste de souhaits\">\n            <img loading=\"lazy\" decoding=\"async\"  src=\"https:\/\/movery.it\/assets\/icons\/ico-favgreen.svg\" height=\"15\" width=\"15\" class=\"movery-home-main-items-child-pic-share ignore-mouse-events\" alt=\"Partager\">\n\n\n                <div class=\"lds-dual-ring\"><\/div>\n            <\/div>\n        <\/a>\n        <a href=\"https:\/\/movery.it\/fr\/puglia\/bari\/visita-guidata-a-polignano-a-mare-ed-alberobello-in-partenza-da-bari\/\">\n    <img loading=\"lazy\" decoding=\"async\"  src=\"https:\/\/movery.it\/assets\/icons\/card-shopping-cart.svg\" height=\"15\" width=\"15\" class=\"movery-home-main-items-child-pic-share ignore-mouse-events\" alt=\"Partager\">\n\n    <\/a>\n    <a href=\"https:\/\/movery.it\/fr\/puglia\/bari\/visita-guidata-a-polignano-a-mare-ed-alberobello-in-partenza-da-bari\/\">\n    <img loading=\"lazy\" decoding=\"async\"  src=\"https:\/\/static.movery.it\/assets\/img\/icons\/ico-sharegreen.svg\" height=\"15\" width=\"15\" class=\"movery-home-main-items-child-pic-share ignore-mouse-events\" alt=\"Partager\">\n    <\/a>\n    \n<\/div>\n\n<\/div>\n        <div class=\"featured-image\">\n            <div class=\"st-tag-feature-sale\">\n                \n                                                            <\/div>\n\n            <a href=\"https:\/\/movery.it\/fr\/puglia\/bari\/visita-guidata-a-polignano-a-mare-ed-alberobello-in-partenza-da-bari\/\">\n                <img decoding=\"async\" class=\"feature_tour_img\" itemprop=\"photo\" src=\"https:\/\/movery.it\/wp-content\/uploads\/2025\/10\/polignano_mare_vicoli-450x300.jpg\"\n                     alt=\"Visite guid\u00e9e de Polignano a Mare et Alberobello depuis Bari\"\/>\n            <\/a>\n                    <\/div>\n        <div class=\"content-item\">\n        <a href=\"https:\/\/movery.it\/fr\/puglia\/bari\/visita-guidata-a-polignano-a-mare-ed-alberobello-in-partenza-da-bari\/\"  class=\"title-a\" style=\"height: 3rem;overflow: hidden;\">\n        <p class=\"title\" itemprop=\"name\">\n               Visite guid\u00e9e de Polignano a Mare et Alberobello depuis Bari        <\/p>\n                <\/a>   \n        \n                            <div class=\"sub-title st-address d-flex\" itemprop=\"location\" itemscope itemtype=\"https:\/\/schema.org\/Place\">\n                    <span class=\"address\" itemprop=\"address\" itemscope itemtype=\"https:\/\/schema.org\/PostalAddress\">\n                        <span itemprop=\"streetAddress\"> <i class=\"stt-icon-location1\"><\/i> Largo Eroi del Mare, Bari<\/span>\n                    <\/span>\n\t\t\t\t\t                            <span class=\"duration\">\n\t\t\t\t\t\t\t\t<i class=\"input-icon st-border-radius field-icon fa\"><svg height=\"11px\" width=\"11px\" version=\"1.1\" id=\"Layer_1\" xmlns=\"http:\/\/www.w3.org\/2000\/svg\" xmlns:xlink=\"http:\/\/www.w3.org\/1999\/xlink\" x=\"0px\" y=\"0px\"\r\n     viewbox=\"0 0 24 24\" style=\"enable-background:new 0 0 24 24;\" xml:space=\"preserve\">\r\n\r\n<g fill=\"#013451\">\r\n    <path d=\"M12,23.25C5.797,23.25,0.75,18.203,0.75,12C0.75,5.797,5.797,0.75,12,0.75c6.203,0,11.25,5.047,11.25,11.25        C23.25,18.203,18.203,23.25,12,23.25z M12,2.25c-5.376,0-9.75,4.374-9.75,9.75s4.374,9.75,9.75,9.75s9.75-4.374,9.75-9.75        S17.376,2.25,12,2.25z\"\/>\r\n    <path d=\"M15.75,16.5c-0.2,0-0.389-0.078-0.53-0.22l-2.25-2.25c-0.302,0.145-0.632,0.22-0.969,0.22c-1.241,0-2.25-1.009-2.25-2.25        c0-0.96,0.615-1.808,1.5-2.121V5.25c0-0.414,0.336-0.75,0.75-0.75s0.75,0.336,0.75,0.75v4.629c0.885,0.314,1.5,1.162,1.5,2.121        c0,0.338-0.075,0.668-0.22,0.969l2.25,2.25c0.292,0.292,0.292,0.768,0,1.061C16.139,16.422,15.95,16.5,15.75,16.5z M12,11.25        c-0.414,0-0.75,0.336-0.75,0.75s0.336,0.75,0.75,0.75s0.75-0.336,0.75-0.75S12.414,11.25,12,11.25z\"\/>\r\n<\/g>\r\n<\/svg><\/i>\t\t\t\t\t\t\t\t9h  \n                        <\/span>\n                                        <\/div>\n            \n            <div class=\"excerpt\" style=\"height: 3rem;\">\n            Envie d'une journ\u00e9e de d\u00e9tente ? R\u00e9servez cette excursion \u00e0 Polignano et Alberobello en commen\u00e7ant...            <\/div>\n\n\n            <div class=\"reviews\" itemprop=\"starRating\" itemscope itemtype=\"https:\/\/schema.org\/Rating\"  style=\"display: block;padding-left: 15px;margin-top: 15px; height: 48px;\">\n                <i class=\"stt-icon-star1\"><\/i>\n                <span class=\"rate\" itemprop=\"ratingValue\" style=\"color: #0f3f5b;\">\n\t\t\t\t\t\t3.7 <span>\/<\/span> 5\n\t\t\t\t\t<\/span>\n\t\t\t\t\t<span class=\"rate-text\" style=\"color: #0f3f5b;\">\n\t\t\t\t\t\tTr\u00e8s bon\t\t\t\t\t<\/span>\n                <span class=\"summary\">\n                    (5 commentaires)\n                <\/span>\n            <\/div>\n            <div class=\"event-date d-none\" itemprop=\"startDate\" content=\"2026-05-01 12:00:48\">2026-05-01 12:00:48<\/div>\n            \n                     <div class=\"section-footer\">\n                                <div class=\"section_footer_content\" itemprop=\"priceRange\">\n                    <span class=\"price-tour\">\n                        <span class=\"price\">&nbsp;&nbsp;&nbsp;&nbsp;<span class=\"sale-top\">De  <span class=\"text-lg lh1em item\"> \u20ac50.00<\/span><\/span><br>&nbsp;&nbsp;&nbsp;&nbsp;une personne<\/span>\n                    <\/span>\n                    \n                                                <span class=\"unit\">\n\t\t\t\t\t\t        <a href=\"https:\/\/movery.it\/fr\/puglia\/bari\/visita-guidata-a-polignano-a-mare-ed-alberobello-in-partenza-da-bari\/\" class=\"add_tour\">\n\t\t\t\t\t\t\t        Livre \n\t\t\t\t\t\t        <\/a>\n                            <\/span>\n                                        <\/div>\n            <\/div>\n        <\/div>\n    <\/div>\n<\/div><\/div><div class=\"item-slide\"><div class=\"services-item grid item-elementor mb-3\" itemscope itemtype=\"https:\/\/schema.org\/Trip\">\n    <div class=\"item service-border st-border-radius\">\n    <div class=\"header-services-item\" style=\"height: 50px; backround:black\">\n\n<div class=\"title\" >\n    Visites \u00e0 pied<\/div>\n<div class=\"icon\">\n\n        <a href=\"#\" class=\"login\" data-bs-toggle=\"modal\" data-bs-target=\"#st-login-form\">\n        \n            <div class=\"service-add-wishlist\" title=\"Ajouter \u00e0 la liste de souhaits\">\n            <img loading=\"lazy\" decoding=\"async\"  src=\"https:\/\/movery.it\/assets\/icons\/ico-favgreen.svg\" height=\"15\" width=\"15\" class=\"movery-home-main-items-child-pic-share ignore-mouse-events\" alt=\"Partager\">\n\n\n                <div class=\"lds-dual-ring\"><\/div>\n            <\/div>\n        <\/a>\n        <a href=\"https:\/\/movery.it\/fr\/puglia\/bari\/walking-tour-privato-a-matera-in-partenza-da-bari\/\">\n    <img loading=\"lazy\" decoding=\"async\"  src=\"https:\/\/movery.it\/assets\/icons\/card-shopping-cart.svg\" height=\"15\" width=\"15\" class=\"movery-home-main-items-child-pic-share ignore-mouse-events\" alt=\"Partager\">\n\n    <\/a>\n    <a href=\"https:\/\/movery.it\/fr\/puglia\/bari\/walking-tour-privato-a-matera-in-partenza-da-bari\/\">\n    <img loading=\"lazy\" decoding=\"async\"  src=\"https:\/\/static.movery.it\/assets\/img\/icons\/ico-sharegreen.svg\" height=\"15\" width=\"15\" class=\"movery-home-main-items-child-pic-share ignore-mouse-events\" alt=\"Partager\">\n    <\/a>\n    \n<\/div>\n\n<\/div>\n        <div class=\"featured-image\">\n            <div class=\"st-tag-feature-sale\">\n                \n                                                            <\/div>\n\n            <a href=\"https:\/\/movery.it\/fr\/puglia\/bari\/walking-tour-privato-a-matera-in-partenza-da-bari\/\">\n                <img decoding=\"async\" class=\"feature_tour_img\" itemprop=\"photo\" src=\"https:\/\/movery.it\/wp-content\/uploads\/2025\/10\/esperienza_matera_da_bari-450x300.png\"\n                     alt=\"Excursion priv\u00e9e \u00e0 Matera au d\u00e9part de Bari\"\/>\n            <\/a>\n                    <\/div>\n        <div class=\"content-item\">\n        <a href=\"https:\/\/movery.it\/fr\/puglia\/bari\/walking-tour-privato-a-matera-in-partenza-da-bari\/\"  class=\"title-a\" style=\"height: 3rem;overflow: hidden;\">\n        <p class=\"title\" itemprop=\"name\">\n               Excursion priv\u00e9e \u00e0 Matera au d\u00e9part de Bari        <\/p>\n                <\/a>   \n        \n                            <div class=\"sub-title st-address d-flex\" itemprop=\"location\" itemscope itemtype=\"https:\/\/schema.org\/Place\">\n                    <span class=\"address\" itemprop=\"address\" itemscope itemtype=\"https:\/\/schema.org\/PostalAddress\">\n                        <span itemprop=\"streetAddress\"> <i class=\"stt-icon-location1\"><\/i> Bari<\/span>\n                    <\/span>\n\t\t\t\t\t                            <span class=\"duration\">\n\t\t\t\t\t\t\t\t<i class=\"input-icon st-border-radius field-icon fa\"><svg height=\"11px\" width=\"11px\" version=\"1.1\" id=\"Layer_1\" xmlns=\"http:\/\/www.w3.org\/2000\/svg\" xmlns:xlink=\"http:\/\/www.w3.org\/1999\/xlink\" x=\"0px\" y=\"0px\"\r\n     viewbox=\"0 0 24 24\" style=\"enable-background:new 0 0 24 24;\" xml:space=\"preserve\">\r\n\r\n<g fill=\"#013451\">\r\n    <path d=\"M12,23.25C5.797,23.25,0.75,18.203,0.75,12C0.75,5.797,5.797,0.75,12,0.75c6.203,0,11.25,5.047,11.25,11.25        C23.25,18.203,18.203,23.25,12,23.25z M12,2.25c-5.376,0-9.75,4.374-9.75,9.75s4.374,9.75,9.75,9.75s9.75-4.374,9.75-9.75        S17.376,2.25,12,2.25z\"\/>\r\n    <path d=\"M15.75,16.5c-0.2,0-0.389-0.078-0.53-0.22l-2.25-2.25c-0.302,0.145-0.632,0.22-0.969,0.22c-1.241,0-2.25-1.009-2.25-2.25        c0-0.96,0.615-1.808,1.5-2.121V5.25c0-0.414,0.336-0.75,0.75-0.75s0.75,0.336,0.75,0.75v4.629c0.885,0.314,1.5,1.162,1.5,2.121        c0,0.338-0.075,0.668-0.22,0.969l2.25,2.25c0.292,0.292,0.292,0.768,0,1.061C16.139,16.422,15.95,16.5,15.75,16.5z M12,11.25        c-0.414,0-0.75,0.336-0.75,0.75s0.336,0.75,0.75,0.75s0.75-0.336,0.75-0.75S12.414,11.25,12,11.25z\"\/>\r\n<\/g>\r\n<\/svg><\/i>\t\t\t\t\t\t\t\t5h  \n                        <\/span>\n                                        <\/div>\n            \n            <div class=\"excerpt\" style=\"height: 3rem;\">\n            Circuit dans la belle Matera avec d\u00e9part de Bari pour admirer ses sassi caract\u00e9ristiques et...            <\/div>\n\n\n            <div class=\"reviews\" itemprop=\"starRating\" itemscope itemtype=\"https:\/\/schema.org\/Rating\"  style=\"display: block;padding-left: 15px;margin-top: 15px; height: 48px;\">\n                <i class=\"stt-icon-star1\"><\/i>\n                <span class=\"rate\" itemprop=\"ratingValue\" style=\"color: #0f3f5b;\">\n\t\t\t\t\t\t4.2 <span>\/<\/span> 5\n\t\t\t\t\t<\/span>\n\t\t\t\t\t<span class=\"rate-text\" style=\"color: #0f3f5b;\">\n\t\t\t\t\t\tExcellent\t\t\t\t\t<\/span>\n                <span class=\"summary\">\n                    (6 commentaires)\n                <\/span>\n            <\/div>\n            <div class=\"event-date d-none\" itemprop=\"startDate\" content=\"2026-05-01 12:00:48\">2026-05-01 12:00:48<\/div>\n            \n                     <div class=\"section-footer\">\n                                <div class=\"section_footer_content\" itemprop=\"priceRange\">\n                    <span class=\"price-tour\">\n                        <span class=\"price\">&nbsp;&nbsp;&nbsp;&nbsp;<span class=\"sale-top\">De  <span class=\"text-lg lh1em item\"> \u20ac55.00<\/span><\/span><br>&nbsp;&nbsp;&nbsp;&nbsp;une personne<\/span>\n                    <\/span>\n                    \n                                                <span class=\"unit\">\n\t\t\t\t\t\t        <a href=\"https:\/\/movery.it\/fr\/puglia\/bari\/walking-tour-privato-a-matera-in-partenza-da-bari\/\" class=\"add_tour\">\n\t\t\t\t\t\t\t        Livre \n\t\t\t\t\t\t        <\/a>\n                            <\/span>\n                                        <\/div>\n            <\/div>\n        <\/div>\n    <\/div>\n<\/div><\/div><div class=\"item-slide\"><div class=\"services-item grid item-elementor mb-3\" itemscope itemtype=\"https:\/\/schema.org\/Trip\">\n    <div class=\"item service-border st-border-radius\">\n    <div class=\"header-services-item\" style=\"height: 50px; backround:black\">\n\n<div class=\"title\" >\n    Visites guid\u00e9es<\/div>\n<div class=\"icon\">\n\n        <a href=\"#\" class=\"login\" data-bs-toggle=\"modal\" data-bs-target=\"#st-login-form\">\n        \n            <div class=\"service-add-wishlist\" title=\"Ajouter \u00e0 la liste de souhaits\">\n            <img loading=\"lazy\" decoding=\"async\"  src=\"https:\/\/movery.it\/assets\/icons\/ico-favgreen.svg\" height=\"15\" width=\"15\" class=\"movery-home-main-items-child-pic-share ignore-mouse-events\" alt=\"Partager\">\n\n\n                <div class=\"lds-dual-ring\"><\/div>\n            <\/div>\n        <\/a>\n        <a href=\"https:\/\/movery.it\/fr\/basilicata\/matera-basilicata\/tour-condiviso-con-guida-turistica-nel-parco-della-murgia\/\">\n    <img loading=\"lazy\" decoding=\"async\"  src=\"https:\/\/movery.it\/assets\/icons\/card-shopping-cart.svg\" height=\"15\" width=\"15\" class=\"movery-home-main-items-child-pic-share ignore-mouse-events\" alt=\"Partager\">\n\n    <\/a>\n    <a href=\"https:\/\/movery.it\/fr\/basilicata\/matera-basilicata\/tour-condiviso-con-guida-turistica-nel-parco-della-murgia\/\">\n    <img loading=\"lazy\" decoding=\"async\"  src=\"https:\/\/static.movery.it\/assets\/img\/icons\/ico-sharegreen.svg\" height=\"15\" width=\"15\" class=\"movery-home-main-items-child-pic-share ignore-mouse-events\" alt=\"Partager\">\n    <\/a>\n    \n<\/div>\n\n<\/div>\n        <div class=\"featured-image\">\n            <div class=\"st-tag-feature-sale\">\n                \n                                                            <\/div>\n\n            <a href=\"https:\/\/movery.it\/fr\/basilicata\/matera-basilicata\/tour-condiviso-con-guida-turistica-nel-parco-della-murgia\/\">\n                <img decoding=\"async\" class=\"feature_tour_img\" itemprop=\"photo\" src=\"https:\/\/movery.it\/wp-content\/uploads\/2024\/09\/patco_murgia_matera-450x300.webp\"\n                     alt=\"Visite guid\u00e9e partag\u00e9e dans le parc de la Murgia Materana\"\/>\n            <\/a>\n                    <\/div>\n        <div class=\"content-item\">\n        <a href=\"https:\/\/movery.it\/fr\/basilicata\/matera-basilicata\/tour-condiviso-con-guida-turistica-nel-parco-della-murgia\/\"  class=\"title-a\" style=\"height: 3rem;overflow: hidden;\">\n        <p class=\"title\" itemprop=\"name\">\n               Visite guid\u00e9e partag\u00e9e dans le parc de la Murgia Materana        <\/p>\n                <\/a>   \n        \n                            <div class=\"sub-title st-address d-flex\" itemprop=\"location\" itemscope itemtype=\"https:\/\/schema.org\/Place\">\n                    <span class=\"address\" itemprop=\"address\" itemscope itemtype=\"https:\/\/schema.org\/PostalAddress\">\n                        <span itemprop=\"streetAddress\"> <i class=\"stt-icon-location1\"><\/i> Place Matteotti<\/span>\n                    <\/span>\n\t\t\t\t\t                            <span class=\"duration\">\n\t\t\t\t\t\t\t\t<i class=\"input-icon st-border-radius field-icon fa\"><svg height=\"11px\" width=\"11px\" version=\"1.1\" id=\"Layer_1\" xmlns=\"http:\/\/www.w3.org\/2000\/svg\" xmlns:xlink=\"http:\/\/www.w3.org\/1999\/xlink\" x=\"0px\" y=\"0px\"\r\n     viewbox=\"0 0 24 24\" style=\"enable-background:new 0 0 24 24;\" xml:space=\"preserve\">\r\n\r\n<g fill=\"#013451\">\r\n    <path d=\"M12,23.25C5.797,23.25,0.75,18.203,0.75,12C0.75,5.797,5.797,0.75,12,0.75c6.203,0,11.25,5.047,11.25,11.25        C23.25,18.203,18.203,23.25,12,23.25z M12,2.25c-5.376,0-9.75,4.374-9.75,9.75s4.374,9.75,9.75,9.75s9.75-4.374,9.75-9.75        S17.376,2.25,12,2.25z\"\/>\r\n    <path d=\"M15.75,16.5c-0.2,0-0.389-0.078-0.53-0.22l-2.25-2.25c-0.302,0.145-0.632,0.22-0.969,0.22c-1.241,0-2.25-1.009-2.25-2.25        c0-0.96,0.615-1.808,1.5-2.121V5.25c0-0.414,0.336-0.75,0.75-0.75s0.75,0.336,0.75,0.75v4.629c0.885,0.314,1.5,1.162,1.5,2.121        c0,0.338-0.075,0.668-0.22,0.969l2.25,2.25c0.292,0.292,0.292,0.768,0,1.061C16.139,16.422,15.95,16.5,15.75,16.5z M12,11.25        c-0.414,0-0.75,0.336-0.75,0.75s0.336,0.75,0.75,0.75s0.75-0.336,0.75-0.75S12.414,11.25,12,11.25z\"\/>\r\n<\/g>\r\n<\/svg><\/i>\t\t\t\t\t\t\t\t2h  \n                        <\/span>\n                                        <\/div>\n            \n            <div class=\"excerpt\" style=\"height: 3rem;\">\n            Voulez-vous vivre une exp\u00e9rience unique ? R\u00e9servez cette excursion dans le Parco della Murgia Materana qui...            <\/div>\n\n\n            <div class=\"reviews\" itemprop=\"starRating\" itemscope itemtype=\"https:\/\/schema.org\/Rating\"  style=\"display: block;padding-left: 15px;margin-top: 15px; height: 48px;\">\n                <i class=\"stt-icon-star1\"><\/i>\n                <span class=\"rate\" itemprop=\"ratingValue\" style=\"color: #0f3f5b;\">\n\t\t\t\t\t\t3.3 <span>\/<\/span> 5\n\t\t\t\t\t<\/span>\n\t\t\t\t\t<span class=\"rate-text\" style=\"color: #0f3f5b;\">\n\t\t\t\t\t\tTr\u00e8s bon\t\t\t\t\t<\/span>\n                <span class=\"summary\">\n                    (3 commentaires)\n                <\/span>\n            <\/div>\n            <div class=\"event-date d-none\" itemprop=\"startDate\" content=\"2026-05-01 12:00:49\">2026-05-01 12:00:49<\/div>\n            \n                     <div class=\"section-footer\">\n                                <div class=\"section_footer_content\" itemprop=\"priceRange\">\n                    <span class=\"price-tour\">\n                        <span class=\"price\">&nbsp;&nbsp;&nbsp;&nbsp;<span class=\"sale-top\">De  <span class=\"text-lg lh1em item\"> \u20ac10.00<\/span><\/span><br>&nbsp;&nbsp;&nbsp;&nbsp;une personne<\/span>\n                    <\/span>\n                    \n                                                <span class=\"unit\">\n\t\t\t\t\t\t        <a href=\"https:\/\/movery.it\/fr\/basilicata\/matera-basilicata\/tour-condiviso-con-guida-turistica-nel-parco-della-murgia\/\" class=\"add_tour\">\n\t\t\t\t\t\t\t        Livre \n\t\t\t\t\t\t        <\/a>\n                            <\/span>\n                                        <\/div>\n            <\/div>\n        <\/div>\n    <\/div>\n<\/div><\/div><\/div>            <\/div>\n        <\/div>\n    <\/div>\n    \n    \t\t<div class=\"elementor-shortcode\"><\/div>\n\t\t\t\t<\/div>\n\t\t\t\t<\/div>\n\t\t\t\t\t<\/div>\n\t\t\t\t<\/div>\n\t\t<div class=\"elementor-element elementor-element-46dd595 e-flex e-con-boxed e-con e-parent\" data-id=\"46dd595\" data-element_type=\"container\">\n\t\t\t\t\t<div class=\"e-con-inner\">\n\t\t\t\t<div class=\"elementor-element elementor-element-8ada1bd elementor-widget elementor-widget-text-editor\" data-id=\"8ada1bd\" data-element_type=\"widget\" data-widget_type=\"text-editor.default\">\n\t\t\t\t<div class=\"elementor-widget-container\">\n\t\t\t\t\t\t\t<h2 class=\"wp-block-heading\"><span class=\"ez-toc-section\" id=\"Esperienze_da_vivere_nei_dintorni_di_Gravina_in_Puglia\"><\/span><strong>Exp\u00e9riences \u00e0 vivre autour de Gravina dans les Pouilles<\/strong><span class=\"ez-toc-section-end\"><\/span><\/h2>\n<p><!-- \/wp:heading --><!-- wp:paragraph --><\/p>\n<p>Pour s'amuser pr\u00e8s de Gravina di Puglia, nous vous sugg\u00e9rons un <strong><a href=\"https:\/\/movery.it\/fr\/basilicata\/matera-basilicata\/trekking-nel-parco-della-murgia-con-visita-al-villaggio-e-degustazione\/\" target=\"_blank\" rel=\"noreferrer noopener\">randonn\u00e9e dans le parc de la Murgia avec visite du village sarrasin de Matera et d\u00e9gustation dans une masseria<\/a><\/strong>. Cette excursion exclusive m\u00e8ne au village sarrasin, un ancien site rupestre situ\u00e9 \u00e0 environ 6 km de Matera. Le complexe comprend environ 70 grottes creus\u00e9es dans la roche, qui servaient autrefois de refuge aux bergers et aux agriculteurs. <strong>\u00e9glises rupestres<\/strong>San Luca alla Selva et San Nicola al Saraceno. La journ\u00e9e comprend le d\u00e9part de Matera en bus vers une zone priv\u00e9e du parc de la Murgia, o\u00f9 se d\u00e9roule une excursion d'environ une heure et demie dans la nature. Apr\u00e8s une visite guid\u00e9e du village, l'exp\u00e9rience se termine par une d\u00e9gustation \u00e0 la ferme de produits typiquement lucaniens.<\/p>\n<p><!-- \/wp:paragraph --><!-- wp:paragraph --><\/p>\n<p>Tout aussi int\u00e9ressant est le<strong> <a href=\"https:\/\/movery.it\/fr\/puglia\/bari\/visita-guidata-tra-matera-e-alberobello-in-minibus-da-bari\/\" target=\"_blank\" rel=\"noreferrer noopener\">visite guid\u00e9e entre Matera et Alberobello en minibus au d\u00e9part de Bari, Monopoli ou Polignano a Mare<\/a><\/strong>. L'excursion part le matin du Largo Eroi del Mare \u00e0 Bari, Polignano a Mare ou Monopoli, et l'arriv\u00e9e \u00e0 Matera est pr\u00e9vue vers 10 heures. Une fois sur place, vous visiterez les c\u00e9l\u00e8bres Sassi di Matera et d\u00e9couvrirez l'histoire mill\u00e9naire de ces anciennes habitations creus\u00e9es dans la roche. Une pause d\u00e9jeuner est pr\u00e9vue \u00e0 13h00, suivie d'un d\u00e9part \u00e0 14h00 pour les Sassi de Matera. <strong>Alberobello<\/strong>avec arriv\u00e9e vers 15h00. Vous participerez \u00e0 une visite guid\u00e9e du Rione Monti et de l'Aia Piccola, pour admirer les trulli les plus remarquables et d\u00e9couvrir les particularit\u00e9s de ces b\u00e2timents typiques \u00e0 toit conique.<\/p>\n<p><!-- \/wp:paragraph --><!-- wp:paragraph --><\/p>\n<p>Nous vous proposons \u00e9galement un <strong><a href=\"https:\/\/movery.it\/fr\/basilicata\/matera-basilicata\/tour-condiviso-con-guida-turistica-nel-parco-della-murgia\/\" target=\"_blank\" rel=\"noreferrer noopener\">visite partag\u00e9e dans le parc de la Murgia Materana<\/a><\/strong>. \u00c0 bord d'une navette, vous pourrez admirer de l'ext\u00e9rieur quelques-unes des \u00e9glises rupestres les plus fascinantes de la r\u00e9gion. L'itin\u00e9raire se poursuit avec la d\u00e9couverte de <strong>villages enracin\u00e9s<\/strong>d'anciens \u00e9tablissements prot\u00e9g\u00e9s par des tranch\u00e9es creus\u00e9es dans la roche \u00e0 des fins d\u00e9fensives. Vous ferez ensuite une agr\u00e9able promenade dans la nature au c\u0153ur de Matera, jusqu'\u00e0 ce que vous atteigniez un point d'observation d'o\u00f9 vous pourrez admirer les Sassi di Matera illumin\u00e9s apr\u00e8s le coucher du soleil, un spectacle vraiment impressionnant.<\/p>\n<p><!-- \/wp:paragraph --><!-- wp:paragraph --><\/p>\n<p>Parmi les diff\u00e9rentes exp\u00e9riences \u00e0 vivre dans la r\u00e9gion, nous vous proposons \u00e9galement une <strong><a href=\"https:\/\/movery.it\/fr\/puglia\/bari\/walking-tour-privato-a-matera-in-partenza-da-bari\/\" target=\"_blank\" rel=\"noreferrer noopener\">Visite priv\u00e9e \u00e0 pied de Matera au d\u00e9part de Bari<\/a><\/strong>. Avec ce circuit \u00e0 Matera au d\u00e9part de Bari, vous pourrez profiter d'une excursion d'une journ\u00e9e enti\u00e8re avec un transfert confortable et d\u00e9di\u00e9. Une fois arriv\u00e9 \u00e0 destination, vous pourrez d\u00e9couvrir la ville gr\u00e2ce \u00e0 une visite guid\u00e9e du centre historique de Matera.<strong>Sassi di Matera<\/strong>. Le guide vous accompagnera parmi les habitations caract\u00e9ristiques creus\u00e9es dans la roche, en vous racontant leur histoire mill\u00e9naire et des anecdotes curieuses li\u00e9es \u00e0 leur construction.<\/p>\n<p><!-- \/wp:paragraph --><!-- wp:paragraph --><\/p>\n<p>Enfin, ne manquez pas le <strong><a href=\"https:\/\/movery.it\/fr\/puglia\/polignano-a-mare\/walking-tour-condiviso-nel-centro-storico-di-polignano-a-mare\/\" target=\"_blank\" rel=\"noreferrer noopener\">visite partag\u00e9e dans le centre historique de Polignano a Mare<\/a><\/strong>. La randonn\u00e9e, d'une dur\u00e9e d'environ deux heures, commence \u00e0 <strong>Place Vittorio Emanuele II<\/strong>La route se poursuit dans le c\u0153ur du centre historique, parmi les ruelles caract\u00e9ristiques, les anciennes \u00e9glises et les suggestives maisons en pierre qui racontent des si\u00e8cles d'histoire. De l\u00e0, l'itin\u00e9raire se poursuit au c\u0153ur du centre historique, parmi les ruelles caract\u00e9ristiques, les anciennes \u00e9glises et les suggestives maisons en pierre qui racontent des si\u00e8cles d'histoire. C'est l'exp\u00e9rience id\u00e9ale pour ceux qui veulent profiter des merveilleux panoramas de la c\u00f4te des Pouilles.<\/p>\t\t\t\t\t\t<\/div>\n\t\t\t\t<\/div>\n\t\t\t\t\t<\/div>\n\t\t\t\t<\/div>\n\t\t\t\t<\/div>","protected":false},"excerpt":{"rendered":"<p>Gravina, dans les Pouilles, est une ville pittoresque des Pouilles, situ\u00e9e dans l'arri\u00e8re-pays de Bari, \u00e0 la fronti\u00e8re avec la...<\/p>","protected":false},"author":14,"featured_media":55006,"comment_status":"closed","ping_status":"closed","sticky":false,"template":"","format":"standard","meta":{"_seopress_robots_primary_cat":"none","_seopress_titles_title":"Ricca di bellezze naturali e non solo, Gravina in Puglia \u00e8 uno dei centri urbani pi\u00f9 interessanti della zona dell\u2019Alta Murgia","_seopress_titles_desc":"Ti piacerebbe esplorare il cuore delle Murge? Vieni a visitare la splendida Gravina in Puglia ed i suoi dintorni tra meraviglie naturali, storiche e artistiche","_seopress_robots_index":"","content-type":"","footnotes":""},"categories":[319,310,307],"tags":[],"locations":[812,816,778,781,780,805,782,813,779,808,811,843,804,810,807,802,325,814,783,806],"class_list":["post-57703","post","type-post","status-publish","format-standard","has-post-thumbnail","hentry","category-eventi","category-luoghi-delle-storie","category-passi-memoria","locations-alberobello","locations-altamura","locations-bari","locations-barletta-andria-trani","locations-brindisi","locations-fasano","locations-foggia","locations-gargano","locations-lecce","locations-manfredonia","locations-monopoli","locations-nardo","locations-ostuni-2","locations-otranto-puglia","locations-peschici","locations-polignano-a-mare","locations-puglia","locations-salento","locations-taranto","locations-vieste"],"pp_statuses_selecting_workflow":false,"pp_workflow_action":"current","pp_status_selection":"publish","_links":{"self":[{"href":"https:\/\/movery.it\/fr\/wp-json\/wp\/v2\/posts\/57703","targetHints":{"allow":["GET"]}}],"collection":[{"href":"https:\/\/movery.it\/fr\/wp-json\/wp\/v2\/posts"}],"about":[{"href":"https:\/\/movery.it\/fr\/wp-json\/wp\/v2\/types\/post"}],"author":[{"embeddable":true,"href":"https:\/\/movery.it\/fr\/wp-json\/wp\/v2\/users\/14"}],"replies":[{"embeddable":true,"href":"https:\/\/movery.it\/fr\/wp-json\/wp\/v2\/comments?post=57703"}],"version-history":[{"count":5,"href":"https:\/\/movery.it\/fr\/wp-json\/wp\/v2\/posts\/57703\/revisions"}],"predecessor-version":[{"id":57710,"href":"https:\/\/movery.it\/fr\/wp-json\/wp\/v2\/posts\/57703\/revisions\/57710"}],"wp:featuredmedia":[{"embeddable":true,"href":"https:\/\/movery.it\/fr\/wp-json\/wp\/v2\/media\/55006"}],"wp:attachment":[{"href":"https:\/\/movery.it\/fr\/wp-json\/wp\/v2\/media?parent=57703"}],"wp:term":[{"taxonomy":"category","embeddable":true,"href":"https:\/\/movery.it\/fr\/wp-json\/wp\/v2\/categories?post=57703"},{"taxonomy":"post_tag","embeddable":true,"href":"https:\/\/movery.it\/fr\/wp-json\/wp\/v2\/tags?post=57703"},{"taxonomy":"locations","embeddable":true,"href":"https:\/\/movery.it\/fr\/wp-json\/wp\/v2\/locations?post=57703"}],"curies":[{"name":"wp","href":"https:\/\/api.w.org\/{rel}","templated":true}]}}