
{"id":58154,"date":"2026-03-22T08:00:00","date_gmt":"2026-03-22T07:00:00","guid":{"rendered":"https:\/\/movery.it\/?p=58154"},"modified":"2026-03-26T15:45:06","modified_gmt":"2026-03-26T14:45:06","slug":"matera-alla-scoperta-delle-sue-meraviglie-tra-storia-e-tradizione","status":"publish","type":"post","link":"https:\/\/movery.it\/fr\/matera-alla-scoperta-delle-sue-meraviglie-tra-storia-e-tradizione\/","title":{"rendered":"Matera: alla scoperta delle sue meraviglie tra storia e tradizione"},"content":{"rendered":"<div id=\"ez-toc-container\" class=\"ez-toc-v2_0_68_1 ez-toc-wrap-left counter-hierarchy ez-toc-counter ez-toc-custom ez-toc-container-direction\">\n<div class=\"ez-toc-title-container\">\n<p class=\"ez-toc-title\" >Table des mati\u00e8res<\/p>\n<span class=\"ez-toc-title-toggle\"><\/span><\/div>\n<nav><ul class='ez-toc-list ez-toc-list-level-1' ><li class='ez-toc-page-1 ez-toc-heading-level-1'><a class=\"ez-toc-link ez-toc-heading-1\" href=\"https:\/\/movery.it\/fr\/matera-alla-scoperta-delle-sue-meraviglie-tra-storia-e-tradizione\/#Le_migliori_esperienze_da_vivere_a_Matera\" title=\"Le migliori esperienze da vivere a Matera\">Le migliori esperienze da vivere a Matera<\/a><ul class='ez-toc-list-level-3' ><li class='ez-toc-heading-level-3'><ul class='ez-toc-list-level-3' ><li class='ez-toc-heading-level-3'><a class=\"ez-toc-link ez-toc-heading-2\" href=\"https:\/\/movery.it\/fr\/matera-alla-scoperta-delle-sue-meraviglie-tra-storia-e-tradizione\/#i\" title=\"\u00a0\">\u00a0<\/a><\/li><li class='ez-toc-page-1 ez-toc-heading-level-3'><a class=\"ez-toc-link ez-toc-heading-3\" href=\"https:\/\/movery.it\/fr\/matera-alla-scoperta-delle-sue-meraviglie-tra-storia-e-tradizione\/#Trekking_nel_Parco_della_Murgia_con_visita_al_Villaggio_Saraceno_di_Matera_e_degustazione_in_masseria\" title=\"Randonn\u00e9e dans le parc de la Murgia avec visite du village sarrasin de Matera et d\u00e9gustation dans une masseria.\">Randonn\u00e9e dans le parc de la Murgia avec visite du village sarrasin de Matera et d\u00e9gustation dans une masseria.<\/a><\/li><li class='ez-toc-page-1 ez-toc-heading-level-3'><a class=\"ez-toc-link ez-toc-heading-4\" href=\"https:\/\/movery.it\/fr\/matera-alla-scoperta-delle-sue-meraviglie-tra-storia-e-tradizione\/#Visita_guidata_tra_Matera_e_Alberobello_in_minibus_da_Bari_Monopoli_o_da_Polignano_a_Mare\" title=\"Visite guid\u00e9e entre Matera et Alberobello en minibus depuis Bari, Monopoli ou Polignano a Mare\">Visite guid\u00e9e entre Matera et Alberobello en minibus depuis Bari, Monopoli ou Polignano a Mare<\/a><\/li><\/ul><\/li><li class='ez-toc-page-1 ez-toc-heading-level-2'><a class=\"ez-toc-link ez-toc-heading-5\" href=\"https:\/\/movery.it\/fr\/matera-alla-scoperta-delle-sue-meraviglie-tra-storia-e-tradizione\/#Proposition_for_you\" title=\"Proposition pour vous\">Proposition pour vous<\/a><ul class='ez-toc-list-level-3' ><li class='ez-toc-heading-level-3'><a class=\"ez-toc-link ez-toc-heading-6\" href=\"https:\/\/movery.it\/fr\/matera-alla-scoperta-delle-sue-meraviglie-tra-storia-e-tradizione\/#Walking_tour_privato_a_Matera_in_partenza_da_Bari\" title=\"Excursion priv\u00e9e \u00e0 Matera au d\u00e9part de Bari\">Excursion priv\u00e9e \u00e0 Matera au d\u00e9part de Bari<\/a><\/li><li class='ez-toc-page-1 ez-toc-heading-level-3'><a class=\"ez-toc-link ez-toc-heading-7\" href=\"https:\/\/movery.it\/fr\/matera-alla-scoperta-delle-sue-meraviglie-tra-storia-e-tradizione\/#Escursione_di_gruppo_full_day_a_Matera_e_Alberobello_con_partenza_da_Bari\" title=\"Excursion d&#039;une journ\u00e9e en groupe \u00e0 Matera et Alberobello au d\u00e9part de Bari\">Excursion d'une journ\u00e9e en groupe \u00e0 Matera et Alberobello au d\u00e9part de Bari<\/a><\/li><li class='ez-toc-page-1 ez-toc-heading-level-3'><a class=\"ez-toc-link ez-toc-heading-8\" href=\"https:\/\/movery.it\/fr\/matera-alla-scoperta-delle-sue-meraviglie-tra-storia-e-tradizione\/#Tour_condiviso_con_guida_turistica_nel_Parco_della_Murgia_Materana\" title=\"Visite guid\u00e9e partag\u00e9e dans le parc de la Murgia Materana\">Visite guid\u00e9e partag\u00e9e dans le parc de la Murgia Materana<\/a><\/li><\/ul><\/li><\/ul><\/li><\/ul><\/nav><\/div>\n\t\t<div data-elementor-type=\"wp-post\" data-elementor-id=\"58154\" class=\"elementor elementor-58154\">\n\t\t\t\t<div class=\"elementor-element elementor-element-75dce9ee e-flex e-con-boxed e-con e-parent\" data-id=\"75dce9ee\" data-element_type=\"container\">\n\t\t\t\t\t<div class=\"e-con-inner\">\n\t\t\t\t<div class=\"elementor-element elementor-element-297f010 elementor-widget elementor-widget-text-editor\" data-id=\"297f010\" data-element_type=\"widget\" data-widget_type=\"text-editor.default\">\n\t\t\t\t<div class=\"elementor-widget-container\">\n\t\t\t\t\t\t\t<!-- wp:paragraph -->\n<p><strong>Matera <\/strong>\u00e8 una delle citt\u00e0 pi\u00f9 affascinanti e particolari d\u2019Italia, famosa per la sua storia antichissima e per il suo paesaggio urbano unico. Si trova in Basilicata, nel sud Italia ed \u00e8 considerata uno degli insediamenti umani pi\u00f9 antichi del mondo ancora abitati. Il simbolo della citt\u00e0 sono i<strong> Sassi di Matera<\/strong>, due antichi quartieri formati da abitazioni scavate direttamente nella roccia calcarea della montagna.<\/p>\n<!-- \/wp:paragraph --><!-- wp:paragraph -->\n<p>Queste case-grotta, insieme a chiese, vicoli e scalinate, creano un paesaggio molto suggestivo che testimonia un modo di vivere arcaico, in cui le persone si adattavano completamente all\u2019ambiente naturale. Per la loro straordinaria importanza storica e culturale, i Sassi sono stati dichiarati <strong>patrimonio dell\u2019umanit\u00e0 dall\u2019UNESCO<\/strong> nel 1993.<\/p>\n<!-- \/wp:paragraph --><!-- wp:paragraph -->\n<p>Nel corso del tempo Matera ha attraversato periodi difficili. Fino alla met\u00e0 del Novecento molti abitanti vivevano nei Sassi in condizioni molto povere e senza servizi essenziali. Per questo motivo negli anni \u201950 lo Stato decise di trasferire gran parte della popolazione nei nuovi <strong>quartieri moderni <\/strong>della citt\u00e0. Con il passare degli anni per\u00f2 i Sassi sono stati recuperati e restaurati, trasformandosi in un importante centro turistico e culturale.<\/p>\n<!-- \/wp:paragraph --><!-- wp:paragraph -->\n<p>Uno dei simboli pi\u00f9 interessanti di Matera \u00e8 senza dubbio la <strong>Casa Grotta di Vico Solitario<\/strong>, una tipica abitazione scavata nella roccia che mostra come vivevano le famiglie materane in passato. Matera \u00e8 famosa anche per le sue chiese rupestri, ovvero chiese scavate nella roccia. Tra le pi\u00f9 suggestive abbiamo <strong>Santa Maria de Idris<\/strong>, costruita su una grande roccia e collegata ad altre grotte utilizzate come luoghi di culto. Tra i luoghi pi\u00f9 importanti della citt\u00e0 c\u2019\u00e8 anche la <strong>Cattedrale di Matera<\/strong>, situata nel punto pi\u00f9 alto del centro storico. Da qui \u00e8 possibile ammirare una splendida vista sui Sassi e su gran parte della citt\u00e0.<\/p>\n<!-- \/wp:paragraph --><!-- wp:paragraph -->\n<p>Oggi Matera \u00e8 famosa anche a livello internazionale. La sua atmosfera particolare ha attirato il <strong>cin\u00e9ma<\/strong>, tanto che diversi film sono stati girati qui, tra cui <strong>La passione di Cristo<\/strong> diretto da Mel Gibson e alcune scene di <strong>No Time to Die<\/strong>, film della saga di James Bond. Un altro importante riconoscimento \u00e8 arrivato quando la citt\u00e0 \u00e8 stata scelta come <strong>Capitale Europea della Cultura<\/strong>, evento che ha contribuito a valorizzare il patrimonio storico e artistico della citt\u00e0 e ad attirare visitatori da tutto il mondo.<\/p>\n<!-- \/wp:paragraph --><!-- wp:paragraph -->\n<p>Oltre alla storia e all\u2019arte, Matera offre anche splendidi paesaggi naturali, come quelli del <strong>Parc de la Murgia Materana <\/strong>e una ricca tradizione gastronomica, famosa soprattutto per il Pane di Matera. Grazie alla sua storia millenaria, alla bellezza dei suoi paesaggi e alla sua cultura, Matera \u00e8 oggi una delle mete turistiche pi\u00f9 suggestive d\u2019Italia.<\/p>\n<!-- \/wp:paragraph --><!-- wp:heading -->\n<h1 class=\"wp-block-heading\"><span class=\"ez-toc-section\" id=\"Le_migliori_esperienze_da_vivere_a_Matera\"><\/span><strong>Le migliori esperienze da vivere a Matera<\/strong><span class=\"ez-toc-section-end\"><\/span><\/h1>\n<!-- \/wp:heading --><!-- wp:heading {\"level\":3} -->\n<h3><span class=\"ez-toc-section\" id=\"i\"><\/span>\u00a0<span class=\"ez-toc-section-end\"><\/span><\/h3>\n<h3 class=\"wp-block-heading\"><span class=\"ez-toc-section\" id=\"Trekking_nel_Parco_della_Murgia_con_visita_al_Villaggio_Saraceno_di_Matera_e_degustazione_in_masseria\"><\/span><strong>Randonn\u00e9e dans le parc de la Murgia avec visite du village sarrasin de Matera et d\u00e9gustation dans une masseria.<\/strong><span class=\"ez-toc-section-end\"><\/span><\/h3>\n<!-- \/wp:heading --><!-- wp:paragraph -->\n<p>Ti piace passeggiare nella natura pi\u00f9 autentica? Concediti una giornata all\u2019insegna del relax e del benessere partecipando a questo<strong> <a href=\"https:\/\/movery.it\/fr\/basilicata\/matera-basilicata\/trekking-nel-parco-della-murgia-con-visita-al-villaggio-e-degustazione\/\" target=\"_blank\" rel=\"noreferrer noopener\">randonn\u00e9e dans le parc de la Murgia<\/a><\/strong>. Questa esclusiva escursione ti porter\u00e0 alla scoperta del suggestivo <strong>Village Sarrasin<\/strong>, un antico insediamento rupestre situato a circa 6 km da Matera. Il complesso archeologico \u00e8 formato da circa 70 grotte naturali scavate nella roccia, un tempo utilizzate come rifugio da pastori e agricoltori. La giornata inizier\u00e0 al mattino a Matera, dove verrai accolto e accompagnato in autobus verso un\u2019area privata del Parco della Murgia. Da qui partir\u00e0 un\u2019escursione naturalistica di circa un\u2019ora e mezza. Al termine della passeggiata raggiungerai il Villaggio Saraceno per una visita guidata e, per concludere l\u2019esperienza, potrai goderti una <strong>d\u00e9gustation<\/strong> in una masseria locale con assaggi di oli, formaggi, salumi, pane e vini tipici lucani.<\/p>\n<!-- \/wp:paragraph --><!-- wp:heading {\"level\":3} --><!-- \/wp:paragraph -->\t\t\t\t\t\t<\/div>\n\t\t\t\t<\/div>\n\t\t\t\t<div class=\"elementor-element elementor-element-57578f6 elementor-widget elementor-widget-text-editor\" data-id=\"57578f6\" data-element_type=\"widget\" data-widget_type=\"text-editor.default\">\n\t\t\t\t<div class=\"elementor-widget-container\">\n\t\t\t\t\t\t\t<h3 class=\"wp-block-heading\"><span class=\"ez-toc-section\" id=\"Visita_guidata_tra_Matera_e_Alberobello_in_minibus_da_Bari_Monopoli_o_da_Polignano_a_Mare\"><\/span><strong>Visite guid\u00e9e entre Matera et Alberobello en minibus depuis Bari, Monopoli ou Polignano a Mare<\/strong><span class=\"ez-toc-section-end\"><\/span><\/h3>\n<p><!-- \/wp:heading --><!-- wp:paragraph --><\/p>\n<p>Movery ti propone un entusiasmante<strong> <a href=\"https:\/\/movery.it\/fr\/puglia\/bari\/visita-guidata-tra-matera-e-alberobello-in-minibus-da-bari\/\" target=\"_blank\" rel=\"noreferrer noopener\">tour UNESCO alla scoperta di Matera e Alberobello<\/a><\/strong>, due tra le destinazioni pi\u00f9 amate e visitate del Sud Italia. Questa attivit\u00e0 ti permetter\u00e0 di immergerti nella cultura e nelle tradizioni pugliesi e lucane viaggiando in totale comfort a bordo di un comodo minibus. La partenza \u00e8 prevista al mattino da <strong>Bari<\/strong>, <strong>Polignano a Mare <\/strong>o <strong>Monopoly<\/strong>, per poi raggiungere Matera intorno alle 10:00, dove inizier\u00e0 la visita dei famosi Sassi di Matera. Durante il tour scoprirai la storia millenaria di queste antiche abitazioni rupestri e il loro straordinario valore culturale. Alle 13:00 \u00e8 prevista una pausa pranzo, mentre alle 14:00 si ripartir\u00e0 in direzione <strong>Alberobello<\/strong>. Una volta arrivato, parteciperai a una visita guidata tra i suggestivi <strong>quartieri Rione Monti <\/strong>et <strong>Petite Haye<\/strong>, dove potrai ammirare da vicino i trulli pi\u00f9 iconici e conoscere i segreti di queste costruzioni uniche con il tipico tetto conico.<\/p>\n<p><!-- \/wp:paragraph --><!-- wp:heading {\"level\":3} --><\/p>\t\t\t\t\t\t<\/div>\n\t\t\t\t<\/div>\n\t\t\t\t<div class=\"elementor-element elementor-element-dd4f6e5 elementor-widget elementor-widget-shortcode\" data-id=\"dd4f6e5\" data-element_type=\"widget\" data-widget_type=\"shortcode.default\">\n\t\t\t\t<div class=\"elementor-widget-container\">\n\t\t\t    \n    <div class=\"st-relate st-hotel-room-content\">\n        <div class=\"relate-rooms\">\n            <div class=\"st-hr\"><\/div>\n            <h2 class=\"st-heading-section\"><span class=\"ez-toc-section\" id=\"Proposition_for_you\"><\/span>Proposition pour vous<span class=\"ez-toc-section-end\"><\/span><\/h2>\n            <div class=\"inner service-list-wrapper service-tour\">\n                <div class=\"owl-carousel st-owl-slider\" data-loop=\"false\" data-center=\"true\" data-margin=\"24\" data-responsive=\"{&quot;992&quot;:{&quot;items&quot;:4},&quot;768&quot;:{&quot;items&quot;:2},&quot;0&quot;:{&quot;items&quot;:1}}\"><div class=\"item-slide\"><div class=\"services-item grid item-elementor mb-3\" itemscope itemtype=\"https:\/\/schema.org\/Trip\">\n    <div class=\"item service-border st-border-radius\">\n        <div class=\"header-services-item\" style=\"height: 50px; backround:black\">\n\n            <div class=\"title\">\n                Trekking            <\/div>\n            <div class=\"icon\">\n\n                                    <a href=\"#\" class=\"login\" data-bs-toggle=\"modal\" data-bs-target=\"#st-login-form\">\n\n                        <div class=\"service-add-wishlist\" title=\"Ajouter \u00e0 la liste de souhaits\">\n                            <img decoding=\"async\" src=\"https:\/\/movery.it\/assets\/icons\/ico-favgreen.svg\" height=\"15\" width=\"15\" class=\"movery-home-main-items-child-pic-share ignore-mouse-events\" alt=\"Partager\" \/>\n\n\n                            <div class=\"lds-dual-ring\"><\/div>\n                        <\/div>\n                    <\/a>\n                                <a href=\"https:\/\/movery.it\/fr\/basilicata\/matera-basilicata\/trekking-nel-parco-della-murgia-con-visita-al-villaggio-e-degustazione\/\">\n                    <img decoding=\"async\" src=\"https:\/\/movery.it\/assets\/icons\/card-shopping-cart.svg\" height=\"15\" width=\"15\" class=\"movery-home-main-items-child-pic-share ignore-mouse-events\" alt=\"Partager\" \/>\n\n                <\/a>\n                <a href=\"https:\/\/movery.it\/fr\/basilicata\/matera-basilicata\/trekking-nel-parco-della-murgia-con-visita-al-villaggio-e-degustazione\/\">\n                    <img decoding=\"async\" src=\"https:\/\/static.movery.it\/assets\/img\/icons\/ico-sharegreen.svg\" height=\"15\" width=\"15\" class=\"movery-home-main-items-child-pic-share ignore-mouse-events\" alt=\"Partager\" \/>\n                <\/a>\n\n            <\/div>\n\n        <\/div>\n        <div class=\"featured-image\">\n            <div class=\"st-tag-feature-sale\">\n                                                \n            <\/div>\n\n            <a href=\"https:\/\/movery.it\/fr\/basilicata\/matera-basilicata\/trekking-nel-parco-della-murgia-con-visita-al-villaggio-e-degustazione\/\">\n                <img decoding=\"async\" class=\"feature_activity_img\" itemprop=\"photo\" src=\"https:\/\/movery.it\/wp-content\/uploads\/2025\/11\/trekking_matera_parco_murgia-450x300.png\" alt=\"Randonn\u00e9e dans le parc de la Murgia avec visite du village sarrasin de Matera et d\u00e9gustation dans une masseria.\" \/>\n            <\/a>\n                    <\/div>\n        <div class=\"content-item\">\n            <a href=\"https:\/\/movery.it\/fr\/basilicata\/matera-basilicata\/trekking-nel-parco-della-murgia-con-visita-al-villaggio-e-degustazione\/\" class=\"title-a\" style=\"height: 3rem;overflow: hidden;\">\n                <p class=\"title\" itemprop=\"name\">\n                    Randonn\u00e9e dans le parc de la Murgia avec visite du village sarrasin de Matera et d\u00e9gustation dans une masseria.                <\/p>\n            <\/a>\n            \n\n                            <div class=\"sub-title st-address d-flex\" itemprop=\"location\" itemscope itemtype=\"https:\/\/schema.org\/Place\">\n                    <span class=\"address\" itemprop=\"address\" itemscope itemtype=\"https:\/\/schema.org\/PostalAddress\">\n                        <span itemprop=\"streetAddress\"> <i class=\"stt-icon-location1\"><\/i> Via Don Minzoni 13 \u00e0 Matera<\/span>\n                    <\/span>\n\t\t\t\t\t                            <span class=\"duration\">\n\t\t\t\t\t\t\t\t<i class=\"input-icon st-border-radius field-icon fa\"><svg height=\"11px\" width=\"11px\" version=\"1.1\" id=\"Layer_1\" xmlns=\"http:\/\/www.w3.org\/2000\/svg\" xmlns:xlink=\"http:\/\/www.w3.org\/1999\/xlink\" x=\"0px\" y=\"0px\"\r\n     viewbox=\"0 0 24 24\" style=\"enable-background:new 0 0 24 24;\" xml:space=\"preserve\">\r\n\r\n<g fill=\"#013451\">\r\n    <path d=\"M12,23.25C5.797,23.25,0.75,18.203,0.75,12C0.75,5.797,5.797,0.75,12,0.75c6.203,0,11.25,5.047,11.25,11.25        C23.25,18.203,18.203,23.25,12,23.25z M12,2.25c-5.376,0-9.75,4.374-9.75,9.75s4.374,9.75,9.75,9.75s9.75-4.374,9.75-9.75        S17.376,2.25,12,2.25z\"\/>\r\n    <path d=\"M15.75,16.5c-0.2,0-0.389-0.078-0.53-0.22l-2.25-2.25c-0.302,0.145-0.632,0.22-0.969,0.22c-1.241,0-2.25-1.009-2.25-2.25        c0-0.96,0.615-1.808,1.5-2.121V5.25c0-0.414,0.336-0.75,0.75-0.75s0.75,0.336,0.75,0.75v4.629c0.885,0.314,1.5,1.162,1.5,2.121        c0,0.338-0.075,0.668-0.22,0.969l2.25,2.25c0.292,0.292,0.292,0.768,0,1.061C16.139,16.422,15.95,16.5,15.75,16.5z M12,11.25        c-0.414,0-0.75,0.336-0.75,0.75s0.336,0.75,0.75,0.75s0.75-0.336,0.75-0.75S12.414,11.25,12,11.25z\"\/>\r\n<\/g>\r\n<\/svg><\/i>\t\t\t\t\t\t\t\t3h  \n                        <\/span>\n                                        <\/div>\n            \n            <div class=\"excerpt\" style=\"height: 3rem;\">\n                Envie d'une exp\u00e9rience sp\u00e9ciale en pleine nature ? Ce trekking \u00e0 Matera vous permet de...            <\/div>\n\n\n            <div class=\"reviews\" itemprop=\"starRating\" itemscope itemtype=\"https:\/\/schema.org\/Rating\"  style=\"display: block;padding-left: 15px;margin-top: 15px; height: 48px;\">\n                <i class=\"stt-icon-star1\"><\/i>\n                <span class=\"rate\" itemprop=\"ratingValue\" style=\"color: #0f3f5b;\">\n\t\t\t\t\t\t4 <span>\/<\/span> 5\n\t\t\t\t\t<\/span>\n\t\t\t\t\t<span class=\"rate-text\" style=\"color: #0f3f5b;\">\n\t\t\t\t\t\tTr\u00e8s bon\t\t\t\t\t<\/span>\n                <span class=\"summary\">\n                    (5 commentaires)\n                <\/span>\n            <\/div>\n            <div class=\"event-date d-none\" itemprop=\"startDate\" content=\"2026-04-25 07:50:06\">2026-04-25 07:50:06<\/div>\n\n                        <div class=\"section-footer\">\n                                <div class=\"section_footer_content\" itemprop=\"priceRange\">\n                    <span class=\"price-tour\" >\n                        <span class=\"price\">&nbsp;&nbsp;&nbsp;&nbsp;<span class=\"sale-top\">De  <span class=\"text-lg lh1em item\"> \u20ac20.00<\/span><\/span><br>&nbsp;&nbsp;&nbsp;&nbsp;une personne<\/span>\n                    <\/span>\n\n                                                <span class=\"unit\">\n\t\t\t\t\t\t        <a href=\"https:\/\/movery.it\/fr\/basilicata\/matera-basilicata\/trekking-nel-parco-della-murgia-con-visita-al-villaggio-e-degustazione\/\" class=\"add_tour\">\n\t\t\t\t\t\t\t        Livre \n\t\t\t\t\t\t        <\/a>\n                            <\/span>\n                                        <\/div>\n            <\/div>\n        <\/div>\n    <\/div>\n<\/div><\/div><div class=\"item-slide\"><div class=\"services-item grid item-elementor mb-3\" itemscope itemtype=\"https:\/\/schema.org\/Trip\">\n    <div class=\"item service-border st-border-radius\">\n    <div class=\"header-services-item\" style=\"height: 50px; backround:black\">\n\n<div class=\"title\" >\n    Visite en voiture<\/div>\n<div class=\"icon\">\n\n        <a href=\"#\" class=\"login\" data-bs-toggle=\"modal\" data-bs-target=\"#st-login-form\">\n        \n            <div class=\"service-add-wishlist\" title=\"Ajouter \u00e0 la liste de souhaits\">\n            <img loading=\"lazy\" decoding=\"async\"  src=\"https:\/\/movery.it\/assets\/icons\/ico-favgreen.svg\" height=\"15\" width=\"15\" class=\"movery-home-main-items-child-pic-share ignore-mouse-events\" alt=\"Partager\" \/>\n\n\n                <div class=\"lds-dual-ring\"><\/div>\n            <\/div>\n        <\/a>\n        <a href=\"https:\/\/movery.it\/fr\/puglia\/bari\/visita-guidata-tra-matera-e-alberobello-in-minibus-da-bari\/\">\n    <img loading=\"lazy\" decoding=\"async\"  src=\"https:\/\/movery.it\/assets\/icons\/card-shopping-cart.svg\" height=\"15\" width=\"15\" class=\"movery-home-main-items-child-pic-share ignore-mouse-events\" alt=\"Partager\" \/>\n\n    <\/a>\n    <a href=\"https:\/\/movery.it\/fr\/puglia\/bari\/visita-guidata-tra-matera-e-alberobello-in-minibus-da-bari\/\">\n    <img loading=\"lazy\" decoding=\"async\"  src=\"https:\/\/static.movery.it\/assets\/img\/icons\/ico-sharegreen.svg\" height=\"15\" width=\"15\" class=\"movery-home-main-items-child-pic-share ignore-mouse-events\" alt=\"Partager\" \/>\n    <\/a>\n    \n<\/div>\n\n<\/div>\n        <div class=\"featured-image\">\n            <div class=\"st-tag-feature-sale\">\n                \n                                                            <\/div>\n\n            <a href=\"https:\/\/movery.it\/fr\/puglia\/bari\/visita-guidata-tra-matera-e-alberobello-in-minibus-da-bari\/\">\n                <img decoding=\"async\" class=\"feature_tour_img\" itemprop=\"photo\" src=\"https:\/\/movery.it\/wp-content\/uploads\/2025\/10\/alberobello-scaled-1-450x300.jpeg\"\n                     alt=\"Visite guid\u00e9e entre Matera et Alberobello en minibus depuis Bari, Monopoli ou Polignano a Mare\" \/>\n            <\/a>\n                    <\/div>\n        <div class=\"content-item\">\n        <a href=\"https:\/\/movery.it\/fr\/puglia\/bari\/visita-guidata-tra-matera-e-alberobello-in-minibus-da-bari\/\"  class=\"title-a\" style=\"height: 3rem;overflow: hidden;\">\n        <p class=\"title\" itemprop=\"name\">\n               Visite guid\u00e9e entre Matera et Alberobello en minibus depuis Bari, Monopoli ou Polignano a Mare        <\/p>\n                <\/a>   \n        \n                            <div class=\"sub-title st-address d-flex\" itemprop=\"location\" itemscope itemtype=\"https:\/\/schema.org\/Place\">\n                    <span class=\"address\" itemprop=\"address\" itemscope itemtype=\"https:\/\/schema.org\/PostalAddress\">\n                        <span itemprop=\"streetAddress\"> <i class=\"stt-icon-location1\"><\/i> Largo Eroi del Mare, Bari<\/span>\n                    <\/span>\n\t\t\t\t\t                            <span class=\"duration\">\n\t\t\t\t\t\t\t\t<i class=\"input-icon st-border-radius field-icon fa\"><svg height=\"11px\" width=\"11px\" version=\"1.1\" id=\"Layer_1\" xmlns=\"http:\/\/www.w3.org\/2000\/svg\" xmlns:xlink=\"http:\/\/www.w3.org\/1999\/xlink\" x=\"0px\" y=\"0px\"\r\n     viewbox=\"0 0 24 24\" style=\"enable-background:new 0 0 24 24;\" xml:space=\"preserve\">\r\n\r\n<g fill=\"#013451\">\r\n    <path d=\"M12,23.25C5.797,23.25,0.75,18.203,0.75,12C0.75,5.797,5.797,0.75,12,0.75c6.203,0,11.25,5.047,11.25,11.25        C23.25,18.203,18.203,23.25,12,23.25z M12,2.25c-5.376,0-9.75,4.374-9.75,9.75s4.374,9.75,9.75,9.75s9.75-4.374,9.75-9.75        S17.376,2.25,12,2.25z\"\/>\r\n    <path d=\"M15.75,16.5c-0.2,0-0.389-0.078-0.53-0.22l-2.25-2.25c-0.302,0.145-0.632,0.22-0.969,0.22c-1.241,0-2.25-1.009-2.25-2.25        c0-0.96,0.615-1.808,1.5-2.121V5.25c0-0.414,0.336-0.75,0.75-0.75s0.75,0.336,0.75,0.75v4.629c0.885,0.314,1.5,1.162,1.5,2.121        c0,0.338-0.075,0.668-0.22,0.969l2.25,2.25c0.292,0.292,0.292,0.768,0,1.061C16.139,16.422,15.95,16.5,15.75,16.5z M12,11.25        c-0.414,0-0.75,0.336-0.75,0.75s0.336,0.75,0.75,0.75s0.75-0.336,0.75-0.75S12.414,11.25,12,11.25z\"\/>\r\n<\/g>\r\n<\/svg><\/i>\t\t\t\t\t\t\t\t10h  \n                        <\/span>\n                                        <\/div>\n            \n            <div class=\"excerpt\" style=\"height: 3rem;\">\n            Vous voulez tout savoir sur Matera et Alberobello ? R\u00e9servez cette excursion en minibus \u00e0 Matera...            <\/div>\n\n\n            <div class=\"reviews\" itemprop=\"starRating\" itemscope itemtype=\"https:\/\/schema.org\/Rating\"  style=\"display: block;padding-left: 15px;margin-top: 15px; height: 48px;\">\n                <i class=\"stt-icon-star1\"><\/i>\n                <span class=\"rate\" itemprop=\"ratingValue\" style=\"color: #0f3f5b;\">\n\t\t\t\t\t\t2.8 <span>\/<\/span> 5\n\t\t\t\t\t<\/span>\n\t\t\t\t\t<span class=\"rate-text\" style=\"color: #0f3f5b;\">\n\t\t\t\t\t\tMoyenne\t\t\t\t\t<\/span>\n                <span class=\"summary\">\n                    (3 commentaires)\n                <\/span>\n            <\/div>\n            <div class=\"event-date d-none\" itemprop=\"startDate\" content=\"2026-04-25 07:50:06\">2026-04-25 07:50:06<\/div>\n            \n                     <div class=\"section-footer\">\n                                <div class=\"section_footer_content\" itemprop=\"priceRange\">\n                    <span class=\"price-tour\">\n                        <span class=\"price\">&nbsp;&nbsp;&nbsp;&nbsp;<span class=\"sale-top\">De  <span class=\"text-lg lh1em item\"> \u20ac125.00<\/span><\/span><br>&nbsp;&nbsp;&nbsp;&nbsp;une personne<\/span>\n                    <\/span>\n                    \n                                                <span class=\"unit\">\n\t\t\t\t\t\t        <a href=\"https:\/\/movery.it\/fr\/puglia\/bari\/visita-guidata-tra-matera-e-alberobello-in-minibus-da-bari\/\" class=\"add_tour\">\n\t\t\t\t\t\t\t        Livre \n\t\t\t\t\t\t        <\/a>\n                            <\/span>\n                                        <\/div>\n            <\/div>\n        <\/div>\n    <\/div>\n<\/div><\/div><div class=\"item-slide\"><div class=\"services-item grid item-elementor mb-3\" itemscope itemtype=\"https:\/\/schema.org\/Trip\">\n    <div class=\"item service-border st-border-radius\">\n    <div class=\"header-services-item\" style=\"height: 50px; backround:black\">\n\n<div class=\"title\" >\n    Visites avec transport<\/div>\n<div class=\"icon\">\n\n        <a href=\"#\" class=\"login\" data-bs-toggle=\"modal\" data-bs-target=\"#st-login-form\">\n        \n            <div class=\"service-add-wishlist\" title=\"Ajouter \u00e0 la liste de souhaits\">\n            <img loading=\"lazy\" decoding=\"async\"  src=\"https:\/\/movery.it\/assets\/icons\/ico-favgreen.svg\" height=\"15\" width=\"15\" class=\"movery-home-main-items-child-pic-share ignore-mouse-events\" alt=\"Partager\" \/>\n\n\n                <div class=\"lds-dual-ring\"><\/div>\n            <\/div>\n        <\/a>\n        <a href=\"https:\/\/movery.it\/fr\/puglia\/bari\/tour-a-gravina-e-trani-in-partenza-da-matera-o-da-bari\/\">\n    <img loading=\"lazy\" decoding=\"async\"  src=\"https:\/\/movery.it\/assets\/icons\/card-shopping-cart.svg\" height=\"15\" width=\"15\" class=\"movery-home-main-items-child-pic-share ignore-mouse-events\" alt=\"Partager\" \/>\n\n    <\/a>\n    <a href=\"https:\/\/movery.it\/fr\/puglia\/bari\/tour-a-gravina-e-trani-in-partenza-da-matera-o-da-bari\/\">\n    <img loading=\"lazy\" decoding=\"async\"  src=\"https:\/\/static.movery.it\/assets\/img\/icons\/ico-sharegreen.svg\" height=\"15\" width=\"15\" class=\"movery-home-main-items-child-pic-share ignore-mouse-events\" alt=\"Partager\" \/>\n    <\/a>\n    \n<\/div>\n\n<\/div>\n        <div class=\"featured-image\">\n            <div class=\"st-tag-feature-sale\">\n                \n                                                            <\/div>\n\n            <a href=\"https:\/\/movery.it\/fr\/puglia\/bari\/tour-a-gravina-e-trani-in-partenza-da-matera-o-da-bari\/\">\n                <img decoding=\"async\" class=\"feature_tour_img\" itemprop=\"photo\" src=\"https:\/\/movery.it\/wp-content\/uploads\/2025\/10\/minivan_puglia_da_matera_bari-450x300.png\"\n                     alt=\"Excursion priv\u00e9e \u00e0 Gravina, Castel del Monte et Trani au d\u00e9part de Matera ou de Bari\" \/>\n            <\/a>\n                    <\/div>\n        <div class=\"content-item\">\n        <a href=\"https:\/\/movery.it\/fr\/puglia\/bari\/tour-a-gravina-e-trani-in-partenza-da-matera-o-da-bari\/\"  class=\"title-a\" style=\"height: 3rem;overflow: hidden;\">\n        <p class=\"title\" itemprop=\"name\">\n               Excursion priv\u00e9e \u00e0 Gravina, Castel del Monte et Trani au d\u00e9part de Matera ou de Bari        <\/p>\n                <\/a>   \n        \n                            <div class=\"sub-title st-address d-flex\" itemprop=\"location\" itemscope itemtype=\"https:\/\/schema.org\/Place\">\n                    <span class=\"address\" itemprop=\"address\" itemscope itemtype=\"https:\/\/schema.org\/PostalAddress\">\n                        <span itemprop=\"streetAddress\"> <i class=\"stt-icon-location1\"><\/i> Via Alessandro Volta, Matera<\/span>\n                    <\/span>\n\t\t\t\t\t                            <span class=\"duration\">\n\t\t\t\t\t\t\t\t<i class=\"input-icon st-border-radius field-icon fa\"><svg height=\"11px\" width=\"11px\" version=\"1.1\" id=\"Layer_1\" xmlns=\"http:\/\/www.w3.org\/2000\/svg\" xmlns:xlink=\"http:\/\/www.w3.org\/1999\/xlink\" x=\"0px\" y=\"0px\"\r\n     viewbox=\"0 0 24 24\" style=\"enable-background:new 0 0 24 24;\" xml:space=\"preserve\">\r\n\r\n<g fill=\"#013451\">\r\n    <path d=\"M12,23.25C5.797,23.25,0.75,18.203,0.75,12C0.75,5.797,5.797,0.75,12,0.75c6.203,0,11.25,5.047,11.25,11.25        C23.25,18.203,18.203,23.25,12,23.25z M12,2.25c-5.376,0-9.75,4.374-9.75,9.75s4.374,9.75,9.75,9.75s9.75-4.374,9.75-9.75        S17.376,2.25,12,2.25z\"\/>\r\n    <path d=\"M15.75,16.5c-0.2,0-0.389-0.078-0.53-0.22l-2.25-2.25c-0.302,0.145-0.632,0.22-0.969,0.22c-1.241,0-2.25-1.009-2.25-2.25        c0-0.96,0.615-1.808,1.5-2.121V5.25c0-0.414,0.336-0.75,0.75-0.75s0.75,0.336,0.75,0.75v4.629c0.885,0.314,1.5,1.162,1.5,2.121        c0,0.338-0.075,0.668-0.22,0.969l2.25,2.25c0.292,0.292,0.292,0.768,0,1.061C16.139,16.422,15.95,16.5,15.75,16.5z M12,11.25        c-0.414,0-0.75,0.336-0.75,0.75s0.336,0.75,0.75,0.75s0.75-0.336,0.75-0.75S12.414,11.25,12,11.25z\"\/>\r\n<\/g>\r\n<\/svg><\/i>\t\t\t\t\t\t\t\t8h  \n                        <\/span>\n                                        <\/div>\n            \n            <div class=\"excerpt\" style=\"height: 3rem;\">\n            Vous souhaitez mieux d\u00e9couvrir Bari et certaines de ses villes de province ? R\u00e9servez ce circuit d\u00e8s maintenant en...            <\/div>\n\n\n            <div class=\"reviews\" itemprop=\"starRating\" itemscope itemtype=\"https:\/\/schema.org\/Rating\"  style=\"display: block;padding-left: 15px;margin-top: 15px; height: 48px;\">\n                <i class=\"stt-icon-star1\"><\/i>\n                <span class=\"rate\" itemprop=\"ratingValue\" style=\"color: #0f3f5b;\">\n\t\t\t\t\t\t3 <span>\/<\/span> 5\n\t\t\t\t\t<\/span>\n\t\t\t\t\t<span class=\"rate-text\" style=\"color: #0f3f5b;\">\n\t\t\t\t\t\tMoyenne\t\t\t\t\t<\/span>\n                <span class=\"summary\">\n                    (4 commentaires)\n                <\/span>\n            <\/div>\n            <div class=\"event-date d-none\" itemprop=\"startDate\" content=\"2026-04-25 07:50:06\">2026-04-25 07:50:06<\/div>\n            \n                     <div class=\"section-footer\">\n                                <div class=\"section_footer_content\" itemprop=\"priceRange\">\n                    <span class=\"price-tour\">\n                        <span class=\"price\">&nbsp;&nbsp;&nbsp;&nbsp;<span class=\"sale-top\">De  <span class=\"text-lg lh1em item\"> \u20ac450.00<\/span><\/span><br>&nbsp;&nbsp;&nbsp;&nbsp;une personne<\/span>\n                    <\/span>\n                    \n                                                <span class=\"unit\">\n\t\t\t\t\t\t        <a href=\"https:\/\/movery.it\/fr\/puglia\/bari\/tour-a-gravina-e-trani-in-partenza-da-matera-o-da-bari\/\" class=\"add_tour\">\n\t\t\t\t\t\t\t        Livre \n\t\t\t\t\t\t        <\/a>\n                            <\/span>\n                                        <\/div>\n            <\/div>\n        <\/div>\n    <\/div>\n<\/div><\/div><div class=\"item-slide\"><div class=\"services-item grid item-elementor mb-3\" itemscope itemtype=\"https:\/\/schema.org\/Trip\">\n    <div class=\"item service-border st-border-radius\">\n    <div class=\"header-services-item\" style=\"height: 50px; backround:black\">\n\n<div class=\"title\" >\n    Visites \u00e0 pied<\/div>\n<div class=\"icon\">\n\n        <a href=\"#\" class=\"login\" data-bs-toggle=\"modal\" data-bs-target=\"#st-login-form\">\n        \n            <div class=\"service-add-wishlist\" title=\"Ajouter \u00e0 la liste de souhaits\">\n            <img loading=\"lazy\" decoding=\"async\"  src=\"https:\/\/movery.it\/assets\/icons\/ico-favgreen.svg\" height=\"15\" width=\"15\" class=\"movery-home-main-items-child-pic-share ignore-mouse-events\" alt=\"Partager\" \/>\n\n\n                <div class=\"lds-dual-ring\"><\/div>\n            <\/div>\n        <\/a>\n        <a href=\"https:\/\/movery.it\/fr\/puglia\/bari\/walking-tour-privato-a-matera-in-partenza-da-bari\/\">\n    <img loading=\"lazy\" decoding=\"async\"  src=\"https:\/\/movery.it\/assets\/icons\/card-shopping-cart.svg\" height=\"15\" width=\"15\" class=\"movery-home-main-items-child-pic-share ignore-mouse-events\" alt=\"Partager\" \/>\n\n    <\/a>\n    <a href=\"https:\/\/movery.it\/fr\/puglia\/bari\/walking-tour-privato-a-matera-in-partenza-da-bari\/\">\n    <img loading=\"lazy\" decoding=\"async\"  src=\"https:\/\/static.movery.it\/assets\/img\/icons\/ico-sharegreen.svg\" height=\"15\" width=\"15\" class=\"movery-home-main-items-child-pic-share ignore-mouse-events\" alt=\"Partager\" \/>\n    <\/a>\n    \n<\/div>\n\n<\/div>\n        <div class=\"featured-image\">\n            <div class=\"st-tag-feature-sale\">\n                \n                                                            <\/div>\n\n            <a href=\"https:\/\/movery.it\/fr\/puglia\/bari\/walking-tour-privato-a-matera-in-partenza-da-bari\/\">\n                <img decoding=\"async\" class=\"feature_tour_img\" itemprop=\"photo\" src=\"https:\/\/movery.it\/wp-content\/uploads\/2025\/10\/esperienza_matera_da_bari-450x300.png\"\n                     alt=\"Excursion priv\u00e9e \u00e0 Matera au d\u00e9part de Bari\" \/>\n            <\/a>\n                    <\/div>\n        <div class=\"content-item\">\n        <a href=\"https:\/\/movery.it\/fr\/puglia\/bari\/walking-tour-privato-a-matera-in-partenza-da-bari\/\"  class=\"title-a\" style=\"height: 3rem;overflow: hidden;\">\n        <p class=\"title\" itemprop=\"name\">\n               Excursion priv\u00e9e \u00e0 Matera au d\u00e9part de Bari        <\/p>\n                <\/a>   \n        \n                            <div class=\"sub-title st-address d-flex\" itemprop=\"location\" itemscope itemtype=\"https:\/\/schema.org\/Place\">\n                    <span class=\"address\" itemprop=\"address\" itemscope itemtype=\"https:\/\/schema.org\/PostalAddress\">\n                        <span itemprop=\"streetAddress\"> <i class=\"stt-icon-location1\"><\/i> Bari<\/span>\n                    <\/span>\n\t\t\t\t\t                            <span class=\"duration\">\n\t\t\t\t\t\t\t\t<i class=\"input-icon st-border-radius field-icon fa\"><svg height=\"11px\" width=\"11px\" version=\"1.1\" id=\"Layer_1\" xmlns=\"http:\/\/www.w3.org\/2000\/svg\" xmlns:xlink=\"http:\/\/www.w3.org\/1999\/xlink\" x=\"0px\" y=\"0px\"\r\n     viewbox=\"0 0 24 24\" style=\"enable-background:new 0 0 24 24;\" xml:space=\"preserve\">\r\n\r\n<g fill=\"#013451\">\r\n    <path d=\"M12,23.25C5.797,23.25,0.75,18.203,0.75,12C0.75,5.797,5.797,0.75,12,0.75c6.203,0,11.25,5.047,11.25,11.25        C23.25,18.203,18.203,23.25,12,23.25z M12,2.25c-5.376,0-9.75,4.374-9.75,9.75s4.374,9.75,9.75,9.75s9.75-4.374,9.75-9.75        S17.376,2.25,12,2.25z\"\/>\r\n    <path d=\"M15.75,16.5c-0.2,0-0.389-0.078-0.53-0.22l-2.25-2.25c-0.302,0.145-0.632,0.22-0.969,0.22c-1.241,0-2.25-1.009-2.25-2.25        c0-0.96,0.615-1.808,1.5-2.121V5.25c0-0.414,0.336-0.75,0.75-0.75s0.75,0.336,0.75,0.75v4.629c0.885,0.314,1.5,1.162,1.5,2.121        c0,0.338-0.075,0.668-0.22,0.969l2.25,2.25c0.292,0.292,0.292,0.768,0,1.061C16.139,16.422,15.95,16.5,15.75,16.5z M12,11.25        c-0.414,0-0.75,0.336-0.75,0.75s0.336,0.75,0.75,0.75s0.75-0.336,0.75-0.75S12.414,11.25,12,11.25z\"\/>\r\n<\/g>\r\n<\/svg><\/i>\t\t\t\t\t\t\t\t5h  \n                        <\/span>\n                                        <\/div>\n            \n            <div class=\"excerpt\" style=\"height: 3rem;\">\n            Circuit dans la belle Matera avec d\u00e9part de Bari pour admirer ses sassi caract\u00e9ristiques et...            <\/div>\n\n\n            <div class=\"reviews\" itemprop=\"starRating\" itemscope itemtype=\"https:\/\/schema.org\/Rating\"  style=\"display: block;padding-left: 15px;margin-top: 15px; height: 48px;\">\n                <i class=\"stt-icon-star1\"><\/i>\n                <span class=\"rate\" itemprop=\"ratingValue\" style=\"color: #0f3f5b;\">\n\t\t\t\t\t\t4.2 <span>\/<\/span> 5\n\t\t\t\t\t<\/span>\n\t\t\t\t\t<span class=\"rate-text\" style=\"color: #0f3f5b;\">\n\t\t\t\t\t\tExcellent\t\t\t\t\t<\/span>\n                <span class=\"summary\">\n                    (6 commentaires)\n                <\/span>\n            <\/div>\n            <div class=\"event-date d-none\" itemprop=\"startDate\" content=\"2026-04-25 07:50:06\">2026-04-25 07:50:06<\/div>\n            \n                     <div class=\"section-footer\">\n                                <div class=\"section_footer_content\" itemprop=\"priceRange\">\n                    <span class=\"price-tour\">\n                        <span class=\"price\">&nbsp;&nbsp;&nbsp;&nbsp;<span class=\"sale-top\">De  <span class=\"text-lg lh1em item\"> \u20ac55.00<\/span><\/span><br>&nbsp;&nbsp;&nbsp;&nbsp;une personne<\/span>\n                    <\/span>\n                    \n                                                <span class=\"unit\">\n\t\t\t\t\t\t        <a href=\"https:\/\/movery.it\/fr\/puglia\/bari\/walking-tour-privato-a-matera-in-partenza-da-bari\/\" class=\"add_tour\">\n\t\t\t\t\t\t\t        Livre \n\t\t\t\t\t\t        <\/a>\n                            <\/span>\n                                        <\/div>\n            <\/div>\n        <\/div>\n    <\/div>\n<\/div><\/div><div class=\"item-slide\"><div class=\"services-item grid item-elementor mb-3\" itemscope itemtype=\"https:\/\/schema.org\/Trip\">\n    <div class=\"item service-border st-border-radius\">\n    <div class=\"header-services-item\" style=\"height: 50px; backround:black\">\n\n<div class=\"title\" >\n    Visites \u00e0 pied<\/div>\n<div class=\"icon\">\n\n        <a href=\"#\" class=\"login\" data-bs-toggle=\"modal\" data-bs-target=\"#st-login-form\">\n        \n            <div class=\"service-add-wishlist\" title=\"Ajouter \u00e0 la liste de souhaits\">\n            <img loading=\"lazy\" decoding=\"async\"  src=\"https:\/\/movery.it\/assets\/icons\/ico-favgreen.svg\" height=\"15\" width=\"15\" class=\"movery-home-main-items-child-pic-share ignore-mouse-events\" alt=\"Partager\" \/>\n\n\n                <div class=\"lds-dual-ring\"><\/div>\n            <\/div>\n        <\/a>\n        <a href=\"https:\/\/movery.it\/fr\/puglia\/polignano-a-mare\/tour-privato-a-polignano-alberobello-e-locorotondo-da-matera\/\">\n    <img loading=\"lazy\" decoding=\"async\"  src=\"https:\/\/movery.it\/assets\/icons\/card-shopping-cart.svg\" height=\"15\" width=\"15\" class=\"movery-home-main-items-child-pic-share ignore-mouse-events\" alt=\"Partager\" \/>\n\n    <\/a>\n    <a href=\"https:\/\/movery.it\/fr\/puglia\/polignano-a-mare\/tour-privato-a-polignano-alberobello-e-locorotondo-da-matera\/\">\n    <img loading=\"lazy\" decoding=\"async\"  src=\"https:\/\/static.movery.it\/assets\/img\/icons\/ico-sharegreen.svg\" height=\"15\" width=\"15\" class=\"movery-home-main-items-child-pic-share ignore-mouse-events\" alt=\"Partager\" \/>\n    <\/a>\n    \n<\/div>\n\n<\/div>\n        <div class=\"featured-image\">\n            <div class=\"st-tag-feature-sale\">\n                \n                                                            <\/div>\n\n            <a href=\"https:\/\/movery.it\/fr\/puglia\/polignano-a-mare\/tour-privato-a-polignano-alberobello-e-locorotondo-da-matera\/\">\n                <img decoding=\"async\" class=\"feature_tour_img\" itemprop=\"photo\" src=\"https:\/\/movery.it\/wp-content\/uploads\/2025\/10\/mercedes_tour_privato_matera-450x300.png\"\n                     alt=\"Excursion priv\u00e9e \u00e0 Polignano, Alberobello et Locorotondo au d\u00e9part de Matera\" \/>\n            <\/a>\n                    <\/div>\n        <div class=\"content-item\">\n        <a href=\"https:\/\/movery.it\/fr\/puglia\/polignano-a-mare\/tour-privato-a-polignano-alberobello-e-locorotondo-da-matera\/\"  class=\"title-a\" style=\"height: 3rem;overflow: hidden;\">\n        <p class=\"title\" itemprop=\"name\">\n               Excursion priv\u00e9e \u00e0 Polignano, Alberobello et Locorotondo au d\u00e9part de Matera        <\/p>\n                <\/a>   \n        \n                            <div class=\"sub-title st-address d-flex\" itemprop=\"location\" itemscope itemtype=\"https:\/\/schema.org\/Place\">\n                    <span class=\"address\" itemprop=\"address\" itemscope itemtype=\"https:\/\/schema.org\/PostalAddress\">\n                        <span itemprop=\"streetAddress\"> <i class=\"stt-icon-location1\"><\/i> Via Alessandro Volta, Matera<\/span>\n                    <\/span>\n\t\t\t\t\t                            <span class=\"duration\">\n\t\t\t\t\t\t\t\t<i class=\"input-icon st-border-radius field-icon fa\"><svg height=\"11px\" width=\"11px\" version=\"1.1\" id=\"Layer_1\" xmlns=\"http:\/\/www.w3.org\/2000\/svg\" xmlns:xlink=\"http:\/\/www.w3.org\/1999\/xlink\" x=\"0px\" y=\"0px\"\r\n     viewbox=\"0 0 24 24\" style=\"enable-background:new 0 0 24 24;\" xml:space=\"preserve\">\r\n\r\n<g fill=\"#013451\">\r\n    <path d=\"M12,23.25C5.797,23.25,0.75,18.203,0.75,12C0.75,5.797,5.797,0.75,12,0.75c6.203,0,11.25,5.047,11.25,11.25        C23.25,18.203,18.203,23.25,12,23.25z M12,2.25c-5.376,0-9.75,4.374-9.75,9.75s4.374,9.75,9.75,9.75s9.75-4.374,9.75-9.75        S17.376,2.25,12,2.25z\"\/>\r\n    <path d=\"M15.75,16.5c-0.2,0-0.389-0.078-0.53-0.22l-2.25-2.25c-0.302,0.145-0.632,0.22-0.969,0.22c-1.241,0-2.25-1.009-2.25-2.25        c0-0.96,0.615-1.808,1.5-2.121V5.25c0-0.414,0.336-0.75,0.75-0.75s0.75,0.336,0.75,0.75v4.629c0.885,0.314,1.5,1.162,1.5,2.121        c0,0.338-0.075,0.668-0.22,0.969l2.25,2.25c0.292,0.292,0.292,0.768,0,1.061C16.139,16.422,15.95,16.5,15.75,16.5z M12,11.25        c-0.414,0-0.75,0.336-0.75,0.75s0.336,0.75,0.75,0.75s0.75-0.336,0.75-0.75S12.414,11.25,12,11.25z\"\/>\r\n<\/g>\r\n<\/svg><\/i>\t\t\t\t\t\t\t\t10h  \n                        <\/span>\n                                        <\/div>\n            \n            <div class=\"excerpt\" style=\"height: 3rem;\">\n            Vous souhaitez visiter les Pouilles et leurs beaut\u00e9s naturelles et artistiques ? Ne manquez pas cette...            <\/div>\n\n\n            <div class=\"reviews\" itemprop=\"starRating\" itemscope itemtype=\"https:\/\/schema.org\/Rating\"  style=\"display: block;padding-left: 15px;margin-top: 15px; height: 48px;\">\n                <i class=\"stt-icon-star1\"><\/i>\n                <span class=\"rate\" itemprop=\"ratingValue\" style=\"color: #0f3f5b;\">\n\t\t\t\t\t\t3.7 <span>\/<\/span> 5\n\t\t\t\t\t<\/span>\n\t\t\t\t\t<span class=\"rate-text\" style=\"color: #0f3f5b;\">\n\t\t\t\t\t\tTr\u00e8s bon\t\t\t\t\t<\/span>\n                <span class=\"summary\">\n                    (5 commentaires)\n                <\/span>\n            <\/div>\n            <div class=\"event-date d-none\" itemprop=\"startDate\" content=\"2026-04-25 07:50:06\">2026-04-25 07:50:06<\/div>\n            \n                     <div class=\"section-footer\">\n                                <div class=\"section_footer_content\" itemprop=\"priceRange\">\n                    <span class=\"price-tour\">\n                        <span class=\"price\">&nbsp;&nbsp;&nbsp;&nbsp;<span class=\"sale-top\">De  <span class=\"text-lg lh1em item\"> \u20ac57.14<\/span><\/span><br>&nbsp;&nbsp;&nbsp;&nbsp;une personne<\/span>\n                    <\/span>\n                    \n                                                <span class=\"unit\">\n\t\t\t\t\t\t        <a href=\"https:\/\/movery.it\/fr\/puglia\/polignano-a-mare\/tour-privato-a-polignano-alberobello-e-locorotondo-da-matera\/\" class=\"add_tour\">\n\t\t\t\t\t\t\t        Livre \n\t\t\t\t\t\t        <\/a>\n                            <\/span>\n                                        <\/div>\n            <\/div>\n        <\/div>\n    <\/div>\n<\/div><\/div><div class=\"item-slide\"><div class=\"services-item grid item-elementor mb-3\" itemscope itemtype=\"https:\/\/schema.org\/Trip\">\n    <div class=\"item service-border st-border-radius\">\n    <div class=\"header-services-item\" style=\"height: 50px; backround:black\">\n\n<div class=\"title\" >\n    Visites avec transport<\/div>\n<div class=\"icon\">\n\n        <a href=\"#\" class=\"login\" data-bs-toggle=\"modal\" data-bs-target=\"#st-login-form\">\n        \n            <div class=\"service-add-wishlist\" title=\"Ajouter \u00e0 la liste de souhaits\">\n            <img loading=\"lazy\" decoding=\"async\"  src=\"https:\/\/movery.it\/assets\/icons\/ico-favgreen.svg\" height=\"15\" width=\"15\" class=\"movery-home-main-items-child-pic-share ignore-mouse-events\" alt=\"Partager\">\n\n\n                <div class=\"lds-dual-ring\"><\/div>\n            <\/div>\n        <\/a>\n        <a href=\"https:\/\/movery.it\/fr\/basilicata\/matera-basilicata\/servizio-transfer-alberobello-e-matera-in-partenza-da-bari-o-polignano\/\">\n    <img loading=\"lazy\" decoding=\"async\"  src=\"https:\/\/movery.it\/assets\/icons\/card-shopping-cart.svg\" height=\"15\" width=\"15\" class=\"movery-home-main-items-child-pic-share ignore-mouse-events\" alt=\"Partager\">\n\n    <\/a>\n    <a href=\"https:\/\/movery.it\/fr\/basilicata\/matera-basilicata\/servizio-transfer-alberobello-e-matera-in-partenza-da-bari-o-polignano\/\">\n    <img loading=\"lazy\" decoding=\"async\"  src=\"https:\/\/static.movery.it\/assets\/img\/icons\/ico-sharegreen.svg\" height=\"15\" width=\"15\" class=\"movery-home-main-items-child-pic-share ignore-mouse-events\" alt=\"Partager\">\n    <\/a>\n    \n<\/div>\n\n<\/div>\n        <div class=\"featured-image\">\n            <div class=\"st-tag-feature-sale\">\n                \n                                                            <\/div>\n\n            <a href=\"https:\/\/movery.it\/fr\/basilicata\/matera-basilicata\/servizio-transfer-alberobello-e-matera-in-partenza-da-bari-o-polignano\/\">\n                <img decoding=\"async\" class=\"feature_tour_img\" itemprop=\"photo\" src=\"https:\/\/movery.it\/wp-content\/uploads\/2025\/04\/transfer_bus_puglia-alberobello-450x300.jpeg\"\n                     alt=\"Service de transfert vers Alberobello et Matera pour les circuits ind\u00e9pendants au d\u00e9part de Bari ou de Polignano a Mare\"\/>\n            <\/a>\n                    <\/div>\n        <div class=\"content-item\">\n        <a href=\"https:\/\/movery.it\/fr\/basilicata\/matera-basilicata\/servizio-transfer-alberobello-e-matera-in-partenza-da-bari-o-polignano\/\"  class=\"title-a\" style=\"height: 3rem;overflow: hidden;\">\n        <p class=\"title\" itemprop=\"name\">\n               Service de transfert vers Alberobello et Matera pour les circuits ind\u00e9pendants au d\u00e9part de Bari ou de Polignano a Mare        <\/p>\n                <\/a>   \n        \n                            <div class=\"sub-title st-address d-flex\" itemprop=\"location\" itemscope itemtype=\"https:\/\/schema.org\/Place\">\n                    <span class=\"address\" itemprop=\"address\" itemscope itemtype=\"https:\/\/schema.org\/PostalAddress\">\n                        <span itemprop=\"streetAddress\"> <i class=\"stt-icon-location1\"><\/i> Polignano a Mare<\/span>\n                    <\/span>\n\t\t\t\t\t                            <span class=\"duration\">\n\t\t\t\t\t\t\t\t<i class=\"input-icon st-border-radius field-icon fa\"><svg height=\"11px\" width=\"11px\" version=\"1.1\" id=\"Layer_1\" xmlns=\"http:\/\/www.w3.org\/2000\/svg\" xmlns:xlink=\"http:\/\/www.w3.org\/1999\/xlink\" x=\"0px\" y=\"0px\"\r\n     viewbox=\"0 0 24 24\" style=\"enable-background:new 0 0 24 24;\" xml:space=\"preserve\">\r\n\r\n<g fill=\"#013451\">\r\n    <path d=\"M12,23.25C5.797,23.25,0.75,18.203,0.75,12C0.75,5.797,5.797,0.75,12,0.75c6.203,0,11.25,5.047,11.25,11.25        C23.25,18.203,18.203,23.25,12,23.25z M12,2.25c-5.376,0-9.75,4.374-9.75,9.75s4.374,9.75,9.75,9.75s9.75-4.374,9.75-9.75        S17.376,2.25,12,2.25z\"\/>\r\n    <path d=\"M15.75,16.5c-0.2,0-0.389-0.078-0.53-0.22l-2.25-2.25c-0.302,0.145-0.632,0.22-0.969,0.22c-1.241,0-2.25-1.009-2.25-2.25        c0-0.96,0.615-1.808,1.5-2.121V5.25c0-0.414,0.336-0.75,0.75-0.75s0.75,0.336,0.75,0.75v4.629c0.885,0.314,1.5,1.162,1.5,2.121        c0,0.338-0.075,0.668-0.22,0.969l2.25,2.25c0.292,0.292,0.292,0.768,0,1.061C16.139,16.422,15.95,16.5,15.75,16.5z M12,11.25        c-0.414,0-0.75,0.336-0.75,0.75s0.336,0.75,0.75,0.75s0.75-0.336,0.75-0.75S12.414,11.25,12,11.25z\"\/>\r\n<\/g>\r\n<\/svg><\/i>\t\t\t\t\t\t\t\t9h  \n                        <\/span>\n                                        <\/div>\n            \n            <div class=\"excerpt\" style=\"height: 3rem;\">\n            Bus et minibus pour Alberobello et Matera depuis Bari et Polignano...            <\/div>\n\n\n            <div class=\"reviews\" itemprop=\"starRating\" itemscope itemtype=\"https:\/\/schema.org\/Rating\"  style=\"display: block;padding-left: 15px;margin-top: 15px; height: 48px;\">\n                <i class=\"stt-icon-star1\"><\/i>\n                <span class=\"rate\" itemprop=\"ratingValue\" style=\"color: #0f3f5b;\">\n\t\t\t\t\t\t4.1 <span>\/<\/span> 5\n\t\t\t\t\t<\/span>\n\t\t\t\t\t<span class=\"rate-text\" style=\"color: #0f3f5b;\">\n\t\t\t\t\t\tExcellent\t\t\t\t\t<\/span>\n                <span class=\"summary\">\n                    (5 commentaires)\n                <\/span>\n            <\/div>\n            <div class=\"event-date d-none\" itemprop=\"startDate\" content=\"2026-04-25 07:50:06\">2026-04-25 07:50:06<\/div>\n            \n                     <div class=\"section-footer\">\n                                <div class=\"section_footer_content\" itemprop=\"priceRange\">\n                    <span class=\"price-tour\">\n                        <span class=\"price\">&nbsp;&nbsp;&nbsp;&nbsp;<span class=\"sale-top\">De  <span class=\"text-lg lh1em item\"> \u20ac50.00<\/span><\/span><br>&nbsp;&nbsp;&nbsp;&nbsp;une personne<\/span>\n                    <\/span>\n                    \n                                                <span class=\"unit\">\n\t\t\t\t\t\t        <a href=\"https:\/\/movery.it\/fr\/basilicata\/matera-basilicata\/servizio-transfer-alberobello-e-matera-in-partenza-da-bari-o-polignano\/\" class=\"add_tour\">\n\t\t\t\t\t\t\t        Livre \n\t\t\t\t\t\t        <\/a>\n                            <\/span>\n                                        <\/div>\n            <\/div>\n        <\/div>\n    <\/div>\n<\/div><\/div><div class=\"item-slide\"><div class=\"services-item grid item-elementor mb-3\" itemscope itemtype=\"https:\/\/schema.org\/Trip\">\n    <div class=\"item service-border st-border-radius\">\n    <div class=\"header-services-item\" style=\"height: 50px; backround:black\">\n\n<div class=\"title\" >\n    Visites \u00e0 pied<\/div>\n<div class=\"icon\">\n\n        <a href=\"#\" class=\"login\" data-bs-toggle=\"modal\" data-bs-target=\"#st-login-form\">\n        \n            <div class=\"service-add-wishlist\" title=\"Ajouter \u00e0 la liste de souhaits\">\n            <img loading=\"lazy\" decoding=\"async\"  src=\"https:\/\/movery.it\/assets\/icons\/ico-favgreen.svg\" height=\"15\" width=\"15\" class=\"movery-home-main-items-child-pic-share ignore-mouse-events\" alt=\"Partager\">\n\n\n                <div class=\"lds-dual-ring\"><\/div>\n            <\/div>\n        <\/a>\n        <a href=\"https:\/\/movery.it\/fr\/basilicata\/matera-basilicata\/escursione-di-gruppo-full-day-a-matera-e-alberobello\/\">\n    <img loading=\"lazy\" decoding=\"async\"  src=\"https:\/\/movery.it\/assets\/icons\/card-shopping-cart.svg\" height=\"15\" width=\"15\" class=\"movery-home-main-items-child-pic-share ignore-mouse-events\" alt=\"Partager\">\n\n    <\/a>\n    <a href=\"https:\/\/movery.it\/fr\/basilicata\/matera-basilicata\/escursione-di-gruppo-full-day-a-matera-e-alberobello\/\">\n    <img loading=\"lazy\" decoding=\"async\"  src=\"https:\/\/static.movery.it\/assets\/img\/icons\/ico-sharegreen.svg\" height=\"15\" width=\"15\" class=\"movery-home-main-items-child-pic-share ignore-mouse-events\" alt=\"Partager\">\n    <\/a>\n    \n<\/div>\n\n<\/div>\n        <div class=\"featured-image\">\n            <div class=\"st-tag-feature-sale\">\n                \n                                                            <\/div>\n\n            <a href=\"https:\/\/movery.it\/fr\/basilicata\/matera-basilicata\/escursione-di-gruppo-full-day-a-matera-e-alberobello\/\">\n                <img decoding=\"async\" class=\"feature_tour_img\" itemprop=\"photo\" src=\"https:\/\/movery.it\/wp-content\/uploads\/2024\/10\/tour_alberobello_puglia-scaled-450x300.jpg\"\n                     alt=\"Excursion d&#039;une journ\u00e9e en groupe \u00e0 Matera et Alberobello au d\u00e9part de Bari\"\/>\n            <\/a>\n                    <\/div>\n        <div class=\"content-item\">\n        <a href=\"https:\/\/movery.it\/fr\/basilicata\/matera-basilicata\/escursione-di-gruppo-full-day-a-matera-e-alberobello\/\"  class=\"title-a\" style=\"height: 3rem;overflow: hidden;\">\n        <p class=\"title\" itemprop=\"name\">\n               Excursion d'une journ\u00e9e en groupe \u00e0 Matera et Alberobello au d\u00e9part de Bari        <\/p>\n                <\/a>   \n        \n                            <div class=\"sub-title st-address d-flex\" itemprop=\"location\" itemscope itemtype=\"https:\/\/schema.org\/Place\">\n                    <span class=\"address\" itemprop=\"address\" itemscope itemtype=\"https:\/\/schema.org\/PostalAddress\">\n                        <span itemprop=\"streetAddress\"> <i class=\"stt-icon-location1\"><\/i> Basilique Saint-Nicolas<\/span>\n                    <\/span>\n\t\t\t\t\t                            <span class=\"duration\">\n\t\t\t\t\t\t\t\t<i class=\"input-icon st-border-radius field-icon fa\"><svg height=\"11px\" width=\"11px\" version=\"1.1\" id=\"Layer_1\" xmlns=\"http:\/\/www.w3.org\/2000\/svg\" xmlns:xlink=\"http:\/\/www.w3.org\/1999\/xlink\" x=\"0px\" y=\"0px\"\r\n     viewbox=\"0 0 24 24\" style=\"enable-background:new 0 0 24 24;\" xml:space=\"preserve\">\r\n\r\n<g fill=\"#013451\">\r\n    <path d=\"M12,23.25C5.797,23.25,0.75,18.203,0.75,12C0.75,5.797,5.797,0.75,12,0.75c6.203,0,11.25,5.047,11.25,11.25        C23.25,18.203,18.203,23.25,12,23.25z M12,2.25c-5.376,0-9.75,4.374-9.75,9.75s4.374,9.75,9.75,9.75s9.75-4.374,9.75-9.75        S17.376,2.25,12,2.25z\"\/>\r\n    <path d=\"M15.75,16.5c-0.2,0-0.389-0.078-0.53-0.22l-2.25-2.25c-0.302,0.145-0.632,0.22-0.969,0.22c-1.241,0-2.25-1.009-2.25-2.25        c0-0.96,0.615-1.808,1.5-2.121V5.25c0-0.414,0.336-0.75,0.75-0.75s0.75,0.336,0.75,0.75v4.629c0.885,0.314,1.5,1.162,1.5,2.121        c0,0.338-0.075,0.668-0.22,0.969l2.25,2.25c0.292,0.292,0.292,0.768,0,1.061C16.139,16.422,15.95,16.5,15.75,16.5z M12,11.25        c-0.414,0-0.75,0.336-0.75,0.75s0.336,0.75,0.75,0.75s0.75-0.336,0.75-0.75S12.414,11.25,12,11.25z\"\/>\r\n<\/g>\r\n<\/svg><\/i>\t\t\t\t\t\t\t\t8h  \n                        <\/span>\n                                        <\/div>\n            \n            <div class=\"excerpt\" style=\"height: 3rem;\">\n            Envie de vivre une journ\u00e9e sp\u00e9ciale ? R\u00e9servez cette excursion d'une journ\u00e9e \u00e0 Matera...            <\/div>\n\n\n            <div class=\"reviews\" itemprop=\"starRating\" itemscope itemtype=\"https:\/\/schema.org\/Rating\"  style=\"display: block;padding-left: 15px;margin-top: 15px; height: 48px;\">\n                <i class=\"stt-icon-star1\"><\/i>\n                <span class=\"rate\" itemprop=\"ratingValue\" style=\"color: #0f3f5b;\">\n\t\t\t\t\t\t5 <span>\/<\/span> 5\n\t\t\t\t\t<\/span>\n\t\t\t\t\t<span class=\"rate-text\" style=\"color: #0f3f5b;\">\n\t\t\t\t\t\tExcellent\t\t\t\t\t<\/span>\n                <span class=\"summary\">\n                    (3 commentaires)\n                <\/span>\n            <\/div>\n            <div class=\"event-date d-none\" itemprop=\"startDate\" content=\"2026-04-25 07:50:06\">2026-04-25 07:50:06<\/div>\n            \n                     <div class=\"section-footer\">\n                                <div class=\"section_footer_content\" itemprop=\"priceRange\">\n                    <span class=\"price-tour\">\n                        <span class=\"price\">&nbsp;&nbsp;&nbsp;&nbsp;<span class=\"sale-top\">De  <span class=\"text-lg lh1em item\"> \u20ac650.00<\/span><\/span><br>&nbsp;&nbsp;&nbsp;&nbsp;une personne<\/span>\n                    <\/span>\n                    \n                                                <span class=\"unit\">\n\t\t\t\t\t\t        <a href=\"https:\/\/movery.it\/fr\/basilicata\/matera-basilicata\/escursione-di-gruppo-full-day-a-matera-e-alberobello\/\" class=\"add_tour\">\n\t\t\t\t\t\t\t        Livre \n\t\t\t\t\t\t        <\/a>\n                            <\/span>\n                                        <\/div>\n            <\/div>\n        <\/div>\n    <\/div>\n<\/div><\/div><div class=\"item-slide\"><div class=\"services-item grid item-elementor mb-3\" itemscope itemtype=\"https:\/\/schema.org\/Trip\">\n    <div class=\"item service-border st-border-radius\">\n    <div class=\"header-services-item\" style=\"height: 50px; backround:black\">\n\n<div class=\"title\" >\n    Visites guid\u00e9es<\/div>\n<div class=\"icon\">\n\n        <a href=\"#\" class=\"login\" data-bs-toggle=\"modal\" data-bs-target=\"#st-login-form\">\n        \n            <div class=\"service-add-wishlist\" title=\"Ajouter \u00e0 la liste de souhaits\">\n            <img loading=\"lazy\" decoding=\"async\"  src=\"https:\/\/movery.it\/assets\/icons\/ico-favgreen.svg\" height=\"15\" width=\"15\" class=\"movery-home-main-items-child-pic-share ignore-mouse-events\" alt=\"Partager\">\n\n\n                <div class=\"lds-dual-ring\"><\/div>\n            <\/div>\n        <\/a>\n        <a href=\"https:\/\/movery.it\/fr\/basilicata\/matera-basilicata\/tour-condiviso-con-guida-turistica-nel-parco-della-murgia\/\">\n    <img loading=\"lazy\" decoding=\"async\"  src=\"https:\/\/movery.it\/assets\/icons\/card-shopping-cart.svg\" height=\"15\" width=\"15\" class=\"movery-home-main-items-child-pic-share ignore-mouse-events\" alt=\"Partager\">\n\n    <\/a>\n    <a href=\"https:\/\/movery.it\/fr\/basilicata\/matera-basilicata\/tour-condiviso-con-guida-turistica-nel-parco-della-murgia\/\">\n    <img loading=\"lazy\" decoding=\"async\"  src=\"https:\/\/static.movery.it\/assets\/img\/icons\/ico-sharegreen.svg\" height=\"15\" width=\"15\" class=\"movery-home-main-items-child-pic-share ignore-mouse-events\" alt=\"Partager\">\n    <\/a>\n    \n<\/div>\n\n<\/div>\n        <div class=\"featured-image\">\n            <div class=\"st-tag-feature-sale\">\n                \n                                                            <\/div>\n\n            <a href=\"https:\/\/movery.it\/fr\/basilicata\/matera-basilicata\/tour-condiviso-con-guida-turistica-nel-parco-della-murgia\/\">\n                <img decoding=\"async\" class=\"feature_tour_img\" itemprop=\"photo\" src=\"https:\/\/movery.it\/wp-content\/uploads\/2024\/09\/patco_murgia_matera-450x300.webp\"\n                     alt=\"Visite guid\u00e9e partag\u00e9e dans le parc de la Murgia Materana\"\/>\n            <\/a>\n                    <\/div>\n        <div class=\"content-item\">\n        <a href=\"https:\/\/movery.it\/fr\/basilicata\/matera-basilicata\/tour-condiviso-con-guida-turistica-nel-parco-della-murgia\/\"  class=\"title-a\" style=\"height: 3rem;overflow: hidden;\">\n        <p class=\"title\" itemprop=\"name\">\n               Visite guid\u00e9e partag\u00e9e dans le parc de la Murgia Materana        <\/p>\n                <\/a>   \n        \n                            <div class=\"sub-title st-address d-flex\" itemprop=\"location\" itemscope itemtype=\"https:\/\/schema.org\/Place\">\n                    <span class=\"address\" itemprop=\"address\" itemscope itemtype=\"https:\/\/schema.org\/PostalAddress\">\n                        <span itemprop=\"streetAddress\"> <i class=\"stt-icon-location1\"><\/i> Place Matteotti<\/span>\n                    <\/span>\n\t\t\t\t\t                            <span class=\"duration\">\n\t\t\t\t\t\t\t\t<i class=\"input-icon st-border-radius field-icon fa\"><svg height=\"11px\" width=\"11px\" version=\"1.1\" id=\"Layer_1\" xmlns=\"http:\/\/www.w3.org\/2000\/svg\" xmlns:xlink=\"http:\/\/www.w3.org\/1999\/xlink\" x=\"0px\" y=\"0px\"\r\n     viewbox=\"0 0 24 24\" style=\"enable-background:new 0 0 24 24;\" xml:space=\"preserve\">\r\n\r\n<g fill=\"#013451\">\r\n    <path d=\"M12,23.25C5.797,23.25,0.75,18.203,0.75,12C0.75,5.797,5.797,0.75,12,0.75c6.203,0,11.25,5.047,11.25,11.25        C23.25,18.203,18.203,23.25,12,23.25z M12,2.25c-5.376,0-9.75,4.374-9.75,9.75s4.374,9.75,9.75,9.75s9.75-4.374,9.75-9.75        S17.376,2.25,12,2.25z\"\/>\r\n    <path d=\"M15.75,16.5c-0.2,0-0.389-0.078-0.53-0.22l-2.25-2.25c-0.302,0.145-0.632,0.22-0.969,0.22c-1.241,0-2.25-1.009-2.25-2.25        c0-0.96,0.615-1.808,1.5-2.121V5.25c0-0.414,0.336-0.75,0.75-0.75s0.75,0.336,0.75,0.75v4.629c0.885,0.314,1.5,1.162,1.5,2.121        c0,0.338-0.075,0.668-0.22,0.969l2.25,2.25c0.292,0.292,0.292,0.768,0,1.061C16.139,16.422,15.95,16.5,15.75,16.5z M12,11.25        c-0.414,0-0.75,0.336-0.75,0.75s0.336,0.75,0.75,0.75s0.75-0.336,0.75-0.75S12.414,11.25,12,11.25z\"\/>\r\n<\/g>\r\n<\/svg><\/i>\t\t\t\t\t\t\t\t2h  \n                        <\/span>\n                                        <\/div>\n            \n            <div class=\"excerpt\" style=\"height: 3rem;\">\n            Voulez-vous vivre une exp\u00e9rience unique ? R\u00e9servez cette excursion dans le Parco della Murgia Materana qui...            <\/div>\n\n\n            <div class=\"reviews\" itemprop=\"starRating\" itemscope itemtype=\"https:\/\/schema.org\/Rating\"  style=\"display: block;padding-left: 15px;margin-top: 15px; height: 48px;\">\n                <i class=\"stt-icon-star1\"><\/i>\n                <span class=\"rate\" itemprop=\"ratingValue\" style=\"color: #0f3f5b;\">\n\t\t\t\t\t\t3.3 <span>\/<\/span> 5\n\t\t\t\t\t<\/span>\n\t\t\t\t\t<span class=\"rate-text\" style=\"color: #0f3f5b;\">\n\t\t\t\t\t\tTr\u00e8s bon\t\t\t\t\t<\/span>\n                <span class=\"summary\">\n                    (3 commentaires)\n                <\/span>\n            <\/div>\n            <div class=\"event-date d-none\" itemprop=\"startDate\" content=\"2026-04-25 07:50:06\">2026-04-25 07:50:06<\/div>\n            \n                     <div class=\"section-footer\">\n                                <div class=\"section_footer_content\" itemprop=\"priceRange\">\n                    <span class=\"price-tour\">\n                        <span class=\"price\">&nbsp;&nbsp;&nbsp;&nbsp;<span class=\"sale-top\">De  <span class=\"text-lg lh1em item\"> \u20ac10.00<\/span><\/span><br>&nbsp;&nbsp;&nbsp;&nbsp;une personne<\/span>\n                    <\/span>\n                    \n                                                <span class=\"unit\">\n\t\t\t\t\t\t        <a href=\"https:\/\/movery.it\/fr\/basilicata\/matera-basilicata\/tour-condiviso-con-guida-turistica-nel-parco-della-murgia\/\" class=\"add_tour\">\n\t\t\t\t\t\t\t        Livre \n\t\t\t\t\t\t        <\/a>\n                            <\/span>\n                                        <\/div>\n            <\/div>\n        <\/div>\n    <\/div>\n<\/div><\/div><\/div>            <\/div>\n        <\/div>\n    <\/div>\n    \n    \t\t<div class=\"elementor-shortcode\"><\/div>\n\t\t\t\t<\/div>\n\t\t\t\t<\/div>\n\t\t\t\t<div class=\"elementor-element elementor-element-cc9d041 elementor-widget elementor-widget-text-editor\" data-id=\"cc9d041\" data-element_type=\"widget\" data-widget_type=\"text-editor.default\">\n\t\t\t\t<div class=\"elementor-widget-container\">\n\t\t\t\t\t\t\t<h3 class=\"wp-block-heading\"><span class=\"ez-toc-section\" id=\"Walking_tour_privato_a_Matera_in_partenza_da_Bari\"><\/span><strong>Excursion priv\u00e9e \u00e0 Matera au d\u00e9part de Bari<\/strong><span class=\"ez-toc-section-end\"><\/span><\/h3>\n<p><!-- \/wp:heading --><!-- wp:paragraph --><\/p>\n<p>Con questa <strong><a href=\"https:\/\/movery.it\/fr\/puglia\/bari\/walking-tour-privato-a-matera-in-partenza-da-bari\/\" target=\"_blank\" rel=\"noreferrer noopener\">escursione da Bari a Matera<\/a><\/strong> potrai vivere un tour di un\u2019intera giornata con un comodo servizio di transfer dedicato. Viaggerai a bordo di un <strong>minivan privato<\/strong>, ideale per chi desidera un\u2019esperienza confortevole e personalizzata senza lo stress. Giunto a Matera avrai la possibilit\u00e0 di approfondire la conoscenza della citt\u00e0 partecipando a una visita guidata ai celebri Sassi. La guida ti accompagner\u00e0 tra le caratteristiche abitazioni scavate nella roccia, raccontandoti la loro storia millenaria, curiosit\u00e0 e aneddoti. La <strong>visite guid\u00e9e <\/strong>\u00e8 comunque facoltativa e chi lo desidera pu\u00f2 scegliere di esplorare Matera in autonomia, passeggiando tra i vicoli e i panorami della citt\u00e0 secondo i propri tempi e interessi.<\/p>\n<p><!-- \/wp:paragraph --><!-- wp:heading {\"level\":3} --><\/p>\n<h3 class=\"wp-block-heading\"><span class=\"ez-toc-section\" id=\"Escursione_di_gruppo_full_day_a_Matera_e_Alberobello_con_partenza_da_Bari\"><\/span><strong>Excursion d'une journ\u00e9e en groupe \u00e0 Matera et Alberobello au d\u00e9part de Bari<\/strong><span class=\"ez-toc-section-end\"><\/span><\/h3>\n<p><!-- \/wp:heading --><!-- wp:paragraph --><\/p>\n<p>Non perderti un affascinante <strong><a href=\"https:\/\/movery.it\/fr\/basilicata\/matera-basilicata\/escursione-di-gruppo-full-day-a-matera-e-alberobello\/\" target=\"_blank\" rel=\"noreferrer noopener\">tour di gruppo di una giornata tra Matera e Alberobello<\/a><\/strong>, due delle destinazioni pi\u00f9 suggestive del Sud Italia. La partenza \u00e8 prevista da Bari, con la possibilit\u00e0 di essere prelevati in diversi punti di incontro. A bordo di una monovolume raggiungerai in circa un\u2019ora Alberobello. Qui avrai modo di passeggiare tra le sue pittoresche stradine e visitare il quartiere<strong> Petite Haye<\/strong>, dove si trovano alcuni dei trulli pi\u00f9 autentici e meglio conservati. Dopo circa due ore ti sposterai verso la seconda tappa del tour: Matera. Qui trascorrerai circa due ore e mezza esplorando a piedi i famosi <strong>Sassi<\/strong>, le antiche abitazioni rupestri scavate nella roccia che rendono questa citt\u00e0 unica al mondo. Al termine del tour avrai un\u2019ora di tempo libero per pranzare, rilassarti o curiosare tra le botteghe di artigianato locale. Successivamente partirai per il rientro a Bari.<\/p>\n<p><!-- \/wp:paragraph --><!-- wp:heading {\"level\":3} --><\/p>\n<h3 class=\"wp-block-heading\"><span class=\"ez-toc-section\" id=\"Tour_condiviso_con_guida_turistica_nel_Parco_della_Murgia_Materana\"><\/span><strong>Visite guid\u00e9e partag\u00e9e dans le parc de la Murgia Materana<\/strong><span class=\"ez-toc-section-end\"><\/span><\/h3>\n<p><!-- \/wp:heading --><!-- wp:paragraph --><\/p>\n<p>Se desideri scoprire pi\u00f9 a fondo una regione ricca di storia e meraviglie naturali, questo affascinante <strong><a href=\"https:\/\/movery.it\/fr\/basilicata\/matera-basilicata\/tour-condiviso-con-guida-turistica-nel-parco-della-murgia\/\" target=\"_blank\" rel=\"noreferrer noopener\">tour nel Parco della Murgia<\/a><\/strong> \u00e8 l\u2019esperienza perfetta. L\u2019attivit\u00e0 ha inizio nel tardo pomeriggio, con partenza da Piazza Matteotti o dal Palazzo del Governo. A bordo di una <strong>navetta <\/strong>potrai ammirare dall\u2019esterno alcune delle pi\u00f9 suggestive chiese rupestri, testimonianze straordinarie della spiritualit\u00e0 e della storia del territorio. Il tour prosegue con la scoperta dei <strong>villages enracin\u00e9s<\/strong>, antichi insediamenti abitativi circondati da profonde trincee scavate nella roccia con funzione difensiva. Successivamente avrai l\u2019opportunit\u00e0 di fare una piacevole passeggiata nella natura nel cuore del Parco della Murgia. Durante il percorso potrai goderti un momento davvero speciale con una vista panoramica sui Sassi di Matera al calar del sole.<\/p>\t\t\t\t\t\t<\/div>\n\t\t\t\t<\/div>\n\t\t\t\t\t<\/div>\n\t\t\t\t<\/div>\n\t\t<div class=\"elementor-element elementor-element-1f0e11f e-flex e-con-boxed e-con e-parent\" data-id=\"1f0e11f\" data-element_type=\"container\">\n\t\t\t\t\t<div class=\"e-con-inner\">\n\t\t\t\t\t<\/div>\n\t\t\t\t<\/div>\n\t\t<div class=\"elementor-element elementor-element-53b7c13 e-flex e-con-boxed e-con e-parent\" data-id=\"53b7c13\" data-element_type=\"container\">\n\t\t\t\t\t<div class=\"e-con-inner\">\n\t\t\t\t\t<\/div>\n\t\t\t\t<\/div>\n\t\t\t\t<\/div>","protected":false},"excerpt":{"rendered":"<p>Matera \u00e8 una delle citt\u00e0 pi\u00f9 affascinanti e particolari d\u2019Italia, famosa per la sua storia&#8230;<\/p>","protected":false},"author":14,"featured_media":43364,"comment_status":"closed","ping_status":"closed","sticky":false,"template":"","format":"standard","meta":{"_seopress_robots_primary_cat":"none","_seopress_titles_title":"Matera \u00e8 una delle principali destinazioni culturali italiane grazie ad un vasto patrimonio storico e culturale","_seopress_titles_desc":"Sassi, chiese rupestri e panorami spettacolari: tutto questo e molto altro ti aspetta a Matera grazie alle tante esperienze turistiche proposte da Movery ","_seopress_robots_index":"","content-type":"","footnotes":""},"categories":[319,310,307],"tags":[],"locations":[972,973],"class_list":["post-58154","post","type-post","status-publish","format-standard","has-post-thumbnail","hentry","category-eventi","category-luoghi-delle-storie","category-passi-memoria","locations-basilicata","locations-matera-basilicata"],"pp_statuses_selecting_workflow":false,"pp_workflow_action":"current","pp_status_selection":"publish","_links":{"self":[{"href":"https:\/\/movery.it\/fr\/wp-json\/wp\/v2\/posts\/58154","targetHints":{"allow":["GET"]}}],"collection":[{"href":"https:\/\/movery.it\/fr\/wp-json\/wp\/v2\/posts"}],"about":[{"href":"https:\/\/movery.it\/fr\/wp-json\/wp\/v2\/types\/post"}],"author":[{"embeddable":true,"href":"https:\/\/movery.it\/fr\/wp-json\/wp\/v2\/users\/14"}],"replies":[{"embeddable":true,"href":"https:\/\/movery.it\/fr\/wp-json\/wp\/v2\/comments?post=58154"}],"version-history":[{"count":9,"href":"https:\/\/movery.it\/fr\/wp-json\/wp\/v2\/posts\/58154\/revisions"}],"predecessor-version":[{"id":58411,"href":"https:\/\/movery.it\/fr\/wp-json\/wp\/v2\/posts\/58154\/revisions\/58411"}],"wp:featuredmedia":[{"embeddable":true,"href":"https:\/\/movery.it\/fr\/wp-json\/wp\/v2\/media\/43364"}],"wp:attachment":[{"href":"https:\/\/movery.it\/fr\/wp-json\/wp\/v2\/media?parent=58154"}],"wp:term":[{"taxonomy":"category","embeddable":true,"href":"https:\/\/movery.it\/fr\/wp-json\/wp\/v2\/categories?post=58154"},{"taxonomy":"post_tag","embeddable":true,"href":"https:\/\/movery.it\/fr\/wp-json\/wp\/v2\/tags?post=58154"},{"taxonomy":"locations","embeddable":true,"href":"https:\/\/movery.it\/fr\/wp-json\/wp\/v2\/locations?post=58154"}],"curies":[{"name":"wp","href":"https:\/\/api.w.org\/{rel}","templated":true}]}}