
{"id":59013,"date":"2026-04-22T08:00:00","date_gmt":"2026-04-22T07:00:00","guid":{"rendered":"https:\/\/movery.it\/?p=59013"},"modified":"2026-04-22T12:07:14","modified_gmt":"2026-04-22T11:07:14","slug":"costiera-amalfitana-per-il-ponte-del-1-maggio-itinerario-di-3-giorni-tra-mare-e-borghi-iconici","status":"publish","type":"post","link":"https:\/\/movery.it\/fr\/costiera-amalfitana-per-il-ponte-del-1-maggio-itinerario-di-3-giorni-tra-mare-e-borghi-iconici\/","title":{"rendered":"Costiera Amalfitana per il ponte del 1 maggio: itinerario di 3 giorni tra mare e borghi iconici"},"content":{"rendered":"<div id=\"ez-toc-container\" class=\"ez-toc-v2_0_68_1 ez-toc-wrap-left counter-hierarchy ez-toc-counter ez-toc-custom ez-toc-container-direction\">\n<div class=\"ez-toc-title-container\">\n<p class=\"ez-toc-title\" >Table des mati\u00e8res<\/p>\n<span class=\"ez-toc-title-toggle\"><\/span><\/div>\n<nav><ul class='ez-toc-list ez-toc-list-level-1' ><li class='ez-toc-page-1 ez-toc-heading-level-2'><a class=\"ez-toc-link ez-toc-heading-1\" href=\"https:\/\/movery.it\/fr\/costiera-amalfitana-per-il-ponte-del-1-maggio-itinerario-di-3-giorni-tra-mare-e-borghi-iconici\/#Cosa_fare_il_primo_giorno_in_Costiera_Amalfitana_Positano_e_tour_in_barca\" title=\"Cosa fare il primo giorno in Costiera Amalfitana: Positano e tour in barca\">Cosa fare il primo giorno in Costiera Amalfitana: Positano e tour in barca<\/a><\/li><li class='ez-toc-page-1 ez-toc-heading-level-2'><a class=\"ez-toc-link ez-toc-heading-2\" href=\"https:\/\/movery.it\/fr\/costiera-amalfitana-per-il-ponte-del-1-maggio-itinerario-di-3-giorni-tra-mare-e-borghi-iconici\/#Secondo_giorno_in_Costiera_Amalfitana_Amalfi_e_Ravello_tra_cultura_e_panorami\" title=\"Secondo giorno in Costiera Amalfitana: Amalfi e Ravello tra cultura e panorami\">Secondo giorno in Costiera Amalfitana: Amalfi e Ravello tra cultura e panorami<\/a><\/li><li class='ez-toc-page-1 ez-toc-heading-level-2'><a class=\"ez-toc-link ez-toc-heading-3\" href=\"https:\/\/movery.it\/fr\/costiera-amalfitana-per-il-ponte-del-1-maggio-itinerario-di-3-giorni-tra-mare-e-borghi-iconici\/#Terzo_giorno_in_Costiera_Amalfitana_esperienze_autentiche_tra_mare_e_lifestyle\" title=\"Terzo giorno in Costiera Amalfitana: esperienze autentiche tra mare e lifestyle\">Terzo giorno in Costiera Amalfitana: esperienze autentiche tra mare e lifestyle<\/a><\/li><li class='ez-toc-page-1 ez-toc-heading-level-2'><a class=\"ez-toc-link ez-toc-heading-4\" href=\"https:\/\/movery.it\/fr\/costiera-amalfitana-per-il-ponte-del-1-maggio-itinerario-di-3-giorni-tra-mare-e-borghi-iconici\/#Proposition_for_you\" title=\"Proposition pour vous\">Proposition pour vous<\/a><\/li><li class='ez-toc-page-1 ez-toc-heading-level-2'><a class=\"ez-toc-link ez-toc-heading-5\" href=\"https:\/\/movery.it\/fr\/costiera-amalfitana-per-il-ponte-del-1-maggio-itinerario-di-3-giorni-tra-mare-e-borghi-iconici\/#Dove_mangiare_ad_Amalfi_centro_ristoranti_tipici_e_vista_mare\" title=\"Dove mangiare ad Amalfi centro: ristoranti tipici e vista mare\">Dove mangiare ad Amalfi centro: ristoranti tipici e vista mare<\/a><\/li><li class='ez-toc-page-1 ez-toc-heading-level-2'><a class=\"ez-toc-link ez-toc-heading-6\" href=\"https:\/\/movery.it\/fr\/costiera-amalfitana-per-il-ponte-del-1-maggio-itinerario-di-3-giorni-tra-mare-e-borghi-iconici\/#Dove_dormire_ad_Amalfi_centro_hotel_comodi_e_strutture_di_charme\" title=\"Dove dormire ad Amalfi centro: hotel comodi e strutture di charme\">Dove dormire ad Amalfi centro: hotel comodi e strutture di charme<\/a><\/li><\/ul><\/nav><\/div>\n\t\t<div data-elementor-type=\"wp-post\" data-elementor-id=\"59013\" class=\"elementor elementor-59013\">\n\t\t\t\t<div class=\"elementor-element elementor-element-657eb131 e-flex e-con-boxed e-con e-parent\" data-id=\"657eb131\" data-element_type=\"container\">\n\t\t\t\t\t<div class=\"e-con-inner\">\n\t\t\t\t<div class=\"elementor-element elementor-element-12d50bec elementor-widget elementor-widget-text-editor\" data-id=\"12d50bec\" data-element_type=\"widget\" data-widget_type=\"text-editor.default\">\n\t\t\t\t<div class=\"elementor-widget-container\">\n\t\t\t\t\t\t\t<!-- wp:paragraph -->\n<p>Per il ponte del 1 maggio, la <strong>C\u00f4te amalfitaine<\/strong> si conferma una delle mete pi\u00f9 desiderate per chi cerca un mix perfetto tra <strong>mare, panorami spettacolari ed esperienze autentiche<\/strong>. In tre giorni \u00e8 possibile costruire un itinerario equilibrato che unisce luoghi iconici come Positano, Amalfi e Ravello a esperienze prenotabili che rendono il viaggio pi\u00f9 immersivo e memorabile.<\/p>\n<!-- \/wp:paragraph --><!-- wp:heading -->\n<h2 class=\"wp-block-heading\"><span class=\"ez-toc-section\" id=\"Cosa_fare_il_primo_giorno_in_Costiera_Amalfitana_Positano_e_tour_in_barca\"><\/span>Cosa fare il primo giorno in Costiera Amalfitana: Positano e tour in barca<span class=\"ez-toc-section-end\"><\/span><\/h2>\n<!-- \/wp:heading --><!-- wp:paragraph -->\n<p>Il primo giorno \u00e8 ideale per entrare subito nel cuore della destinazione, scegliendo un\u2019esperienza che permetta di ammirare la costa da una prospettiva privilegiata. Una delle opzioni pi\u00f9 efficaci \u00e8 la<a href=\"http:\/\/k https:\/\/movery.it\/campania\/costiera-amalfitana\/tour-gruppo-costiera\/,\"> <strong>mini crociera in Costiera Amalfitana<\/strong>, <\/a>che consente di esplorare calette, borghi e scorci iconici alternando momenti di relax a soste bagno. Questa esperienza rappresenta una soluzione strategica per chi vuole ottimizzare il tempo e ottenere una visione completa della costa fin dal primo giorno.<\/p>\n<!-- \/wp:paragraph --><!-- wp:paragraph -->\n<p>Una volta rientrati, Positano si presta perfettamente a essere vissuta tra <strong>spiagge iconiche, vicoli verticali e ristoranti vista mare<\/strong>, diventando il simbolo stesso dello stile mediterraneo. Qui il viaggio assume subito un ritmo lento, fatto di panorami, sapori locali e atmosfere uniche.<\/p>\n<!-- \/wp:paragraph --><!-- wp:heading -->\n<h2 class=\"wp-block-heading\"><span class=\"ez-toc-section\" id=\"Secondo_giorno_in_Costiera_Amalfitana_Amalfi_e_Ravello_tra_cultura_e_panorami\"><\/span>Secondo giorno in Costiera Amalfitana: Amalfi e Ravello tra cultura e panorami<span class=\"ez-toc-section-end\"><\/span><\/h2>\n<!-- \/wp:heading --><!-- wp:paragraph -->\n<p>Il secondo giorno \u00e8 dedicato alla scoperta culturale e paesaggistica della costiera, con un itinerario che collega Amalfi e Ravello. Per muoversi senza stress lungo una delle strade pi\u00f9 panoramiche d\u2019Italia, una soluzione ideale \u00e8 il <a href=\"https:\/\/movery.it\/fr\/campania\/sorrento\/tour-in-minivan-tra-positano-e-costiera-amalfitana-da-sorrento\/,\/\"><strong>tour organizzato in minivan<\/strong>,<\/a> che permette di visitare pi\u00f9 tappe in modo fluido.<\/p>\n<!-- \/wp:paragraph --><!-- wp:paragraph -->\n<p>Amalfi rappresenta il cuore storico della costiera, con il suo celebre Duomo e un centro vivace ricco di tradizioni, mentre Ravello offre un\u2019atmosfera pi\u00f9 rilassata ed elegante, famosa per le sue terrazze panoramiche e per scorci unici sul mare. In questa giornata emergono le caratteristiche pi\u00f9 autentiche della destinazione, tra <strong>architettura mediterranea, cultura locale e paesaggi iconici<\/strong>.<\/p>\n<!-- \/wp:paragraph --><!-- wp:heading -->\n<h2 class=\"wp-block-heading\"><span class=\"ez-toc-section\" id=\"Terzo_giorno_in_Costiera_Amalfitana_esperienze_autentiche_tra_mare_e_lifestyle\"><\/span>Terzo giorno in Costiera Amalfitana: esperienze autentiche tra mare e lifestyle<span class=\"ez-toc-section-end\"><\/span><\/h2>\n<!-- \/wp:heading --><!-- wp:paragraph -->\n<p>Il terzo giorno rappresenta il momento ideale per vivere la destinazione attraverso <strong>esperienze autentiche in Costiera Amalfitana<\/strong>, scegliendo attivit\u00e0 che permettono un contatto diretto con il territorio e le sue tradizioni. Tra le proposte pi\u00f9 interessanti disponibili su <a href=\"https:\/\/movery.it\/fr\/esplora\/destinazioni\/campania\/costiera-amalfitana\/\">Movery<\/a>.<\/p>\n<!-- \/wp:paragraph --><!-- wp:paragraph -->\n<p>La <a href=\"https:\/\/movery.it\/fr\/campania\/costiera-amalfitana\/cooking-class-ideale-per-gruppi-privati-condivisi-e-scuole\/\"><strong>cours de cuisine sur la c\u00f4te amalfitaine<\/strong> <\/a>\u00e8 perfetta per scoprire i segreti della cucina locale e vivere un\u2019esperienza conviviale legata alla tradizione. Per chi desidera esplorare la costa in modo pi\u00f9 dinamico, l\u2019<strong><a href=\"https:\/\/movery.it\/fr\/campania\/costiera-amalfitana\/escursione-full-day-in-costiera-amalfitana\/\">excursion d'une journ\u00e9e sur la c\u00f4te amalfitaine<\/a><\/strong> consente di attraversare pi\u00f9 localit\u00e0 in una sola giornata, offrendo una panoramica completa del territorio. Non manca una proposta legata all\u2019artigianato locale, come il<a href=\"https:\/\/movery.it\/fr\/campania\/salerno\/corso-decorazione-maiolica-geometrica-vietri\/,\/\"> <strong>corso di decorazione su maiolica a Vietri sul Mare<\/strong> <\/a>che permette di entrare in contatto con una delle tradizioni pi\u00f9 rappresentative della zona. Infine, per chi cerca un\u2019esperienza pi\u00f9 adrenalinica, <a href=\"https:\/\/movery.it\/fr\/campania\/costiera-amalfitana\/escursione-in-quad-monte-faito-e-vico-equense\/\">l'<strong>escursione in quad tra Monte Faito e Vico Equense<\/strong>, o<\/a>ffre un modo alternativo e coinvolgente per esplorare l\u2019entroterra e i panorami meno conosciuti della Campania.<\/p>\n<!-- \/wp:paragraph --><!-- wp:heading --><!-- \/wp:paragraph -->\t\t\t\t\t\t<\/div>\n\t\t\t\t<\/div>\n\t\t\t\t<div class=\"elementor-element elementor-element-1f7dad0 elementor-widget elementor-widget-shortcode\" data-id=\"1f7dad0\" data-element_type=\"widget\" data-widget_type=\"shortcode.default\">\n\t\t\t\t<div class=\"elementor-widget-container\">\n\t\t\t    \n    <div class=\"st-relate st-hotel-room-content\">\n        <div class=\"relate-rooms\">\n            <div class=\"st-hr\"><\/div>\n            <h2 class=\"st-heading-section\"><span class=\"ez-toc-section\" id=\"Proposition_for_you\"><\/span>Proposition pour vous<span class=\"ez-toc-section-end\"><\/span><\/h2>\n            <div class=\"inner service-list-wrapper service-tour\">\n                <div class=\"owl-carousel st-owl-slider\" data-loop=\"false\" data-center=\"true\" data-margin=\"24\" data-responsive=\"{&quot;992&quot;:{&quot;items&quot;:4},&quot;768&quot;:{&quot;items&quot;:2},&quot;0&quot;:{&quot;items&quot;:1}}\"><div class=\"item-slide\"><div class=\"services-item grid item-elementor mb-3\" itemscope itemtype=\"https:\/\/schema.org\/Trip\">\n    <div class=\"item service-border st-border-radius\">\n    <div class=\"header-services-item\" style=\"height: 50px; backround:black\">\n\n<div class=\"title\" >\n    Excursions en bateau<\/div>\n<div class=\"icon\">\n\n        <a href=\"#\" class=\"login\" data-bs-toggle=\"modal\" data-bs-target=\"#st-login-form\">\n        \n            <div class=\"service-add-wishlist\" title=\"Ajouter \u00e0 la liste de souhaits\">\n            <img decoding=\"async\"  src=\"https:\/\/movery.it\/assets\/icons\/ico-favgreen.svg\" height=\"15\" width=\"15\" class=\"movery-home-main-items-child-pic-share ignore-mouse-events\" alt=\"Partager\" \/>\n\n\n                <div class=\"lds-dual-ring\"><\/div>\n            <\/div>\n        <\/a>\n        <a href=\"https:\/\/movery.it\/fr\/campania\/ischia\/tour-in-barca-a-capri-o-positano-da-ischia-con-aperitivo\/\">\n    <img decoding=\"async\"  src=\"https:\/\/movery.it\/assets\/icons\/card-shopping-cart.svg\" height=\"15\" width=\"15\" class=\"movery-home-main-items-child-pic-share ignore-mouse-events\" alt=\"Partager\" \/>\n\n    <\/a>\n    <a href=\"https:\/\/movery.it\/fr\/campania\/ischia\/tour-in-barca-a-capri-o-positano-da-ischia-con-aperitivo\/\">\n    <img decoding=\"async\"  src=\"https:\/\/static.movery.it\/assets\/img\/icons\/ico-sharegreen.svg\" height=\"15\" width=\"15\" class=\"movery-home-main-items-child-pic-share ignore-mouse-events\" alt=\"Partager\" \/>\n    <\/a>\n    \n<\/div>\n\n<\/div>\n        <div class=\"featured-image\">\n            <div class=\"st-tag-feature-sale\">\n                \n                                                            <\/div>\n\n            <a href=\"https:\/\/movery.it\/fr\/campania\/ischia\/tour-in-barca-a-capri-o-positano-da-ischia-con-aperitivo\/\">\n                <img decoding=\"async\" class=\"feature_tour_img\" itemprop=\"photo\" src=\"https:\/\/movery.it\/wp-content\/uploads\/2026\/01\/tour_barca_da_ischia_per_capri_positano-450x300.jpeg\"\n                     alt=\"Excursion en bateau priv\u00e9 \u00e0 Capri ou Positano au d\u00e9part d&#039;Ischia avec ap\u00e9ritif \u00e0 bord\" \/>\n            <\/a>\n                    <\/div>\n        <div class=\"content-item\">\n        <a href=\"https:\/\/movery.it\/fr\/campania\/ischia\/tour-in-barca-a-capri-o-positano-da-ischia-con-aperitivo\/\"  class=\"title-a\" style=\"height: 3rem;overflow: hidden;\">\n        <p class=\"title\" itemprop=\"name\">\n               Excursion en bateau priv\u00e9 \u00e0 Capri ou Positano au d\u00e9part d'Ischia avec ap\u00e9ritif \u00e0 bord        <\/p>\n                <\/a>   \n        \n                            <div class=\"sub-title st-address d-flex\" itemprop=\"location\" itemscope itemtype=\"https:\/\/schema.org\/Place\">\n                    <span class=\"address\" itemprop=\"address\" itemscope itemtype=\"https:\/\/schema.org\/PostalAddress\">\n                        <span itemprop=\"streetAddress\"> <i class=\"stt-icon-location1\"><\/i> Via Marina, 23, 80075 Forio NA<\/span>\n                    <\/span>\n\t\t\t\t\t                            <span class=\"duration\">\n\t\t\t\t\t\t\t\t<i class=\"input-icon st-border-radius field-icon fa\"><svg height=\"11px\" width=\"11px\" version=\"1.1\" id=\"Layer_1\" xmlns=\"http:\/\/www.w3.org\/2000\/svg\" xmlns:xlink=\"http:\/\/www.w3.org\/1999\/xlink\" x=\"0px\" y=\"0px\"\r\n     viewbox=\"0 0 24 24\" style=\"enable-background:new 0 0 24 24;\" xml:space=\"preserve\">\r\n\r\n<g fill=\"#013451\">\r\n    <path d=\"M12,23.25C5.797,23.25,0.75,18.203,0.75,12C0.75,5.797,5.797,0.75,12,0.75c6.203,0,11.25,5.047,11.25,11.25        C23.25,18.203,18.203,23.25,12,23.25z M12,2.25c-5.376,0-9.75,4.374-9.75,9.75s4.374,9.75,9.75,9.75s9.75-4.374,9.75-9.75        S17.376,2.25,12,2.25z\"\/>\r\n    <path d=\"M15.75,16.5c-0.2,0-0.389-0.078-0.53-0.22l-2.25-2.25c-0.302,0.145-0.632,0.22-0.969,0.22c-1.241,0-2.25-1.009-2.25-2.25        c0-0.96,0.615-1.808,1.5-2.121V5.25c0-0.414,0.336-0.75,0.75-0.75s0.75,0.336,0.75,0.75v4.629c0.885,0.314,1.5,1.162,1.5,2.121        c0,0.338-0.075,0.668-0.22,0.969l2.25,2.25c0.292,0.292,0.292,0.768,0,1.061C16.139,16.422,15.95,16.5,15.75,16.5z M12,11.25        c-0.414,0-0.75,0.336-0.75,0.75s0.336,0.75,0.75,0.75s0.75-0.336,0.75-0.75S12.414,11.25,12,11.25z\"\/>\r\n<\/g>\r\n<\/svg><\/i>\t\t\t\t\t\t\t\t7h 30min \n                        <\/span>\n                                        <\/div>\n            \n            <div class=\"excerpt\" style=\"height: 3rem;\">\n            Vous souhaitez visiter Positano ou Capri ? Vous pouvez r\u00e9server une excursion en bateau au d\u00e9part d'Ischia...            <\/div>\n\n\n            <div class=\"reviews\" itemprop=\"starRating\" itemscope itemtype=\"https:\/\/schema.org\/Rating\"  style=\"display: block;padding-left: 15px;margin-top: 15px; height: 48px;\">\n                <i class=\"stt-icon-star1\"><\/i>\n                <span class=\"rate\" itemprop=\"ratingValue\" style=\"color: #0f3f5b;\">\n\t\t\t\t\t\t4.9 <span>\/<\/span> 5\n\t\t\t\t\t<\/span>\n\t\t\t\t\t<span class=\"rate-text\" style=\"color: #0f3f5b;\">\n\t\t\t\t\t\tExcellent\t\t\t\t\t<\/span>\n                <span class=\"summary\">\n                    (2 commentaires)\n                <\/span>\n            <\/div>\n            <div class=\"event-date d-none\" itemprop=\"startDate\" content=\"2026-04-26 10:07:42\">2026-04-26 10:07:42<\/div>\n            \n                     <div class=\"section-footer\">\n                                <div class=\"section_footer_content\" itemprop=\"priceRange\">\n                    <span class=\"price-tour\">\n                        <span class=\"price\">&nbsp;&nbsp;&nbsp;&nbsp;<span class=\"sale-top\">De  <span class=\"text-lg lh1em item\"> \u20ac181.25<\/span><\/span><br>&nbsp;&nbsp;&nbsp;&nbsp;une personne<\/span>\n                    <\/span>\n                    \n                                                <span class=\"unit\">\n\t\t\t\t\t\t        <a href=\"https:\/\/movery.it\/fr\/campania\/ischia\/tour-in-barca-a-capri-o-positano-da-ischia-con-aperitivo\/\" class=\"add_tour\">\n\t\t\t\t\t\t\t        Livre \n\t\t\t\t\t\t        <\/a>\n                            <\/span>\n                                        <\/div>\n            <\/div>\n        <\/div>\n    <\/div>\n<\/div><\/div><div class=\"item-slide\"><div class=\"services-item grid item-elementor mb-3\" itemscope itemtype=\"https:\/\/schema.org\/Trip\">\n    <div class=\"item service-border st-border-radius\">\n    <div class=\"header-services-item\" style=\"height: 50px; backround:black\">\n\n<div class=\"title\" >\n    Excursions en bateau<\/div>\n<div class=\"icon\">\n\n        <a href=\"#\" class=\"login\" data-bs-toggle=\"modal\" data-bs-target=\"#st-login-form\">\n        \n            <div class=\"service-add-wishlist\" title=\"Ajouter \u00e0 la liste de souhaits\">\n            <img decoding=\"async\"  src=\"https:\/\/movery.it\/assets\/icons\/ico-favgreen.svg\" height=\"15\" width=\"15\" class=\"movery-home-main-items-child-pic-share ignore-mouse-events\" alt=\"Partager\" \/>\n\n\n                <div class=\"lds-dual-ring\"><\/div>\n            <\/div>\n        <\/a>\n        <a href=\"https:\/\/movery.it\/fr\/campania\/salerno\/tour-in-barca-in-costiera-full-day-con-aperitivo-da-salerno\/\">\n    <img decoding=\"async\"  src=\"https:\/\/movery.it\/assets\/icons\/card-shopping-cart.svg\" height=\"15\" width=\"15\" class=\"movery-home-main-items-child-pic-share ignore-mouse-events\" alt=\"Partager\" \/>\n\n    <\/a>\n    <a href=\"https:\/\/movery.it\/fr\/campania\/salerno\/tour-in-barca-in-costiera-full-day-con-aperitivo-da-salerno\/\">\n    <img decoding=\"async\"  src=\"https:\/\/static.movery.it\/assets\/img\/icons\/ico-sharegreen.svg\" height=\"15\" width=\"15\" class=\"movery-home-main-items-child-pic-share ignore-mouse-events\" alt=\"Partager\" \/>\n    <\/a>\n    \n<\/div>\n\n<\/div>\n        <div class=\"featured-image\">\n            <div class=\"st-tag-feature-sale\">\n                \n                                                            <\/div>\n\n            <a href=\"https:\/\/movery.it\/fr\/campania\/salerno\/tour-in-barca-in-costiera-full-day-con-aperitivo-da-salerno\/\">\n                <img decoding=\"async\" class=\"feature_tour_img\" itemprop=\"photo\" src=\"https:\/\/movery.it\/wp-content\/uploads\/2025\/12\/tour_barca_aperitivo-450x300.png\"\n                     alt=\"Excursion en bateau priv\u00e9 sur la c\u00f4te amalfitaine, journ\u00e9e compl\u00e8te avec ap\u00e9ritif, au d\u00e9part de Salerne et d&#039;autres ports\" \/>\n            <\/a>\n                    <\/div>\n        <div class=\"content-item\">\n        <a href=\"https:\/\/movery.it\/fr\/campania\/salerno\/tour-in-barca-in-costiera-full-day-con-aperitivo-da-salerno\/\"  class=\"title-a\" style=\"height: 3rem;overflow: hidden;\">\n        <p class=\"title\" itemprop=\"name\">\n               Excursion en bateau priv\u00e9 sur la c\u00f4te amalfitaine, journ\u00e9e compl\u00e8te avec ap\u00e9ritif, au d\u00e9part de Salerne et d'autres ports        <\/p>\n                <\/a>   \n        \n                            <div class=\"sub-title st-address d-flex\" itemprop=\"location\" itemscope itemtype=\"https:\/\/schema.org\/Place\">\n                    <span class=\"address\" itemprop=\"address\" itemscope itemtype=\"https:\/\/schema.org\/PostalAddress\">\n                        <span itemprop=\"streetAddress\"> <i class=\"stt-icon-location1\"><\/i> Molo Manfredi, Salerno<\/span>\n                    <\/span>\n\t\t\t\t\t                            <span class=\"duration\">\n\t\t\t\t\t\t\t\t<i class=\"input-icon st-border-radius field-icon fa\"><svg height=\"11px\" width=\"11px\" version=\"1.1\" id=\"Layer_1\" xmlns=\"http:\/\/www.w3.org\/2000\/svg\" xmlns:xlink=\"http:\/\/www.w3.org\/1999\/xlink\" x=\"0px\" y=\"0px\"\r\n     viewbox=\"0 0 24 24\" style=\"enable-background:new 0 0 24 24;\" xml:space=\"preserve\">\r\n\r\n<g fill=\"#013451\">\r\n    <path d=\"M12,23.25C5.797,23.25,0.75,18.203,0.75,12C0.75,5.797,5.797,0.75,12,0.75c6.203,0,11.25,5.047,11.25,11.25        C23.25,18.203,18.203,23.25,12,23.25z M12,2.25c-5.376,0-9.75,4.374-9.75,9.75s4.374,9.75,9.75,9.75s9.75-4.374,9.75-9.75        S17.376,2.25,12,2.25z\"\/>\r\n    <path d=\"M15.75,16.5c-0.2,0-0.389-0.078-0.53-0.22l-2.25-2.25c-0.302,0.145-0.632,0.22-0.969,0.22c-1.241,0-2.25-1.009-2.25-2.25        c0-0.96,0.615-1.808,1.5-2.121V5.25c0-0.414,0.336-0.75,0.75-0.75s0.75,0.336,0.75,0.75v4.629c0.885,0.314,1.5,1.162,1.5,2.121        c0,0.338-0.075,0.668-0.22,0.969l2.25,2.25c0.292,0.292,0.292,0.768,0,1.061C16.139,16.422,15.95,16.5,15.75,16.5z M12,11.25        c-0.414,0-0.75,0.336-0.75,0.75s0.336,0.75,0.75,0.75s0.75-0.336,0.75-0.75S12.414,11.25,12,11.25z\"\/>\r\n<\/g>\r\n<\/svg><\/i>\t\t\t\t\t\t\t\t8h  \n                        <\/span>\n                                        <\/div>\n            \n            <div class=\"excerpt\" style=\"height: 3rem;\">\n            Vous voulez vivre une exp\u00e9rience unique ? Choisissez cette excursion en bateau d'une journ\u00e9e sur la c\u00f4te amalfitaine avec...            <\/div>\n\n\n            <div class=\"reviews\" itemprop=\"starRating\" itemscope itemtype=\"https:\/\/schema.org\/Rating\"  style=\"display: block;padding-left: 15px;margin-top: 15px; height: 48px;\">\n                <i class=\"stt-icon-star1\"><\/i>\n                <span class=\"rate\" itemprop=\"ratingValue\" style=\"color: #0f3f5b;\">\n\t\t\t\t\t\t4.6 <span>\/<\/span> 5\n\t\t\t\t\t<\/span>\n\t\t\t\t\t<span class=\"rate-text\" style=\"color: #0f3f5b;\">\n\t\t\t\t\t\tExcellent\t\t\t\t\t<\/span>\n                <span class=\"summary\">\n                    (6 commentaires)\n                <\/span>\n            <\/div>\n            <div class=\"event-date d-none\" itemprop=\"startDate\" content=\"2026-04-26 10:07:42\">2026-04-26 10:07:42<\/div>\n            \n                     <div class=\"section-footer\">\n                                <div class=\"section_footer_content\" itemprop=\"priceRange\">\n                    <span class=\"price-tour\">\n                        <span class=\"price\">&nbsp;&nbsp;&nbsp;&nbsp;<span class=\"sale-top\">De  <span class=\"text-lg lh1em item\"> \u20ac125.00<\/span><\/span><br>&nbsp;&nbsp;&nbsp;&nbsp;une personne<\/span>\n                    <\/span>\n                    \n                                                <span class=\"unit\">\n\t\t\t\t\t\t        <a href=\"https:\/\/movery.it\/fr\/campania\/salerno\/tour-in-barca-in-costiera-full-day-con-aperitivo-da-salerno\/\" class=\"add_tour\">\n\t\t\t\t\t\t\t        Livre \n\t\t\t\t\t\t        <\/a>\n                            <\/span>\n                                        <\/div>\n            <\/div>\n        <\/div>\n    <\/div>\n<\/div><\/div><div class=\"item-slide\"><div class=\"services-item grid item-elementor mb-3\" itemscope itemtype=\"https:\/\/schema.org\/Trip\">\n    <div class=\"item service-border st-border-radius\">\n    <div class=\"header-services-item\" style=\"height: 50px; backround:black\">\n\n<div class=\"title\" >\n    Excursions en bateau<\/div>\n<div class=\"icon\">\n\n        <a href=\"#\" class=\"login\" data-bs-toggle=\"modal\" data-bs-target=\"#st-login-form\">\n        \n            <div class=\"service-add-wishlist\" title=\"Ajouter \u00e0 la liste de souhaits\">\n            <img decoding=\"async\"  src=\"https:\/\/movery.it\/assets\/icons\/ico-favgreen.svg\" height=\"15\" width=\"15\" class=\"movery-home-main-items-child-pic-share ignore-mouse-events\" alt=\"Partager\" \/>\n\n\n                <div class=\"lds-dual-ring\"><\/div>\n            <\/div>\n        <\/a>\n        <a href=\"https:\/\/movery.it\/fr\/campania\/salerno\/tour-mezza-giornata-in-costiera-con-aperitivo-e-partenza-da-salerno\/\">\n    <img decoding=\"async\"  src=\"https:\/\/movery.it\/assets\/icons\/card-shopping-cart.svg\" height=\"15\" width=\"15\" class=\"movery-home-main-items-child-pic-share ignore-mouse-events\" alt=\"Partager\" \/>\n\n    <\/a>\n    <a href=\"https:\/\/movery.it\/fr\/campania\/salerno\/tour-mezza-giornata-in-costiera-con-aperitivo-e-partenza-da-salerno\/\">\n    <img decoding=\"async\"  src=\"https:\/\/static.movery.it\/assets\/img\/icons\/ico-sharegreen.svg\" height=\"15\" width=\"15\" class=\"movery-home-main-items-child-pic-share ignore-mouse-events\" alt=\"Partager\" \/>\n    <\/a>\n    \n<\/div>\n\n<\/div>\n        <div class=\"featured-image\">\n            <div class=\"st-tag-feature-sale\">\n                \n                                                            <\/div>\n\n            <a href=\"https:\/\/movery.it\/fr\/campania\/salerno\/tour-mezza-giornata-in-costiera-con-aperitivo-e-partenza-da-salerno\/\">\n                <img decoding=\"async\" class=\"feature_tour_img\" itemprop=\"photo\" src=\"https:\/\/movery.it\/wp-content\/uploads\/2025\/11\/aperitivo_tour_in_barca_costiera_da_salerno-450x300.png\"\n                     alt=\"Excursion priv\u00e9e d&#039;une demi-journ\u00e9e sur la c\u00f4te amalfitaine avec ap\u00e9ritif \u00e0 bord et d\u00e9part de Salerne et d&#039;autres ports\" \/>\n            <\/a>\n                    <\/div>\n        <div class=\"content-item\">\n        <a href=\"https:\/\/movery.it\/fr\/campania\/salerno\/tour-mezza-giornata-in-costiera-con-aperitivo-e-partenza-da-salerno\/\"  class=\"title-a\" style=\"height: 3rem;overflow: hidden;\">\n        <p class=\"title\" itemprop=\"name\">\n               Excursion priv\u00e9e d'une demi-journ\u00e9e sur la c\u00f4te amalfitaine avec ap\u00e9ritif \u00e0 bord et d\u00e9part de Salerne et d'autres ports        <\/p>\n                <\/a>   \n        \n                            <div class=\"sub-title st-address d-flex\" itemprop=\"location\" itemscope itemtype=\"https:\/\/schema.org\/Place\">\n                    <span class=\"address\" itemprop=\"address\" itemscope itemtype=\"https:\/\/schema.org\/PostalAddress\">\n                        <span itemprop=\"streetAddress\"> <i class=\"stt-icon-location1\"><\/i> Molo Manfredi, Salerno<\/span>\n                    <\/span>\n\t\t\t\t\t                            <span class=\"duration\">\n\t\t\t\t\t\t\t\t<i class=\"input-icon st-border-radius field-icon fa\"><svg height=\"11px\" width=\"11px\" version=\"1.1\" id=\"Layer_1\" xmlns=\"http:\/\/www.w3.org\/2000\/svg\" xmlns:xlink=\"http:\/\/www.w3.org\/1999\/xlink\" x=\"0px\" y=\"0px\"\r\n     viewbox=\"0 0 24 24\" style=\"enable-background:new 0 0 24 24;\" xml:space=\"preserve\">\r\n\r\n<g fill=\"#013451\">\r\n    <path d=\"M12,23.25C5.797,23.25,0.75,18.203,0.75,12C0.75,5.797,5.797,0.75,12,0.75c6.203,0,11.25,5.047,11.25,11.25        C23.25,18.203,18.203,23.25,12,23.25z M12,2.25c-5.376,0-9.75,4.374-9.75,9.75s4.374,9.75,9.75,9.75s9.75-4.374,9.75-9.75        S17.376,2.25,12,2.25z\"\/>\r\n    <path d=\"M15.75,16.5c-0.2,0-0.389-0.078-0.53-0.22l-2.25-2.25c-0.302,0.145-0.632,0.22-0.969,0.22c-1.241,0-2.25-1.009-2.25-2.25        c0-0.96,0.615-1.808,1.5-2.121V5.25c0-0.414,0.336-0.75,0.75-0.75s0.75,0.336,0.75,0.75v4.629c0.885,0.314,1.5,1.162,1.5,2.121        c0,0.338-0.075,0.668-0.22,0.969l2.25,2.25c0.292,0.292,0.292,0.768,0,1.061C16.139,16.422,15.95,16.5,15.75,16.5z M12,11.25        c-0.414,0-0.75,0.336-0.75,0.75s0.336,0.75,0.75,0.75s0.75-0.336,0.75-0.75S12.414,11.25,12,11.25z\"\/>\r\n<\/g>\r\n<\/svg><\/i>\t\t\t\t\t\t\t\t3h  \n                        <\/span>\n                                        <\/div>\n            \n            <div class=\"excerpt\" style=\"height: 3rem;\">\n            Soleil, mer et bonne cuisine : tout cela et bien plus encore vous attend dans ce circuit...            <\/div>\n\n\n            <div class=\"reviews\" itemprop=\"starRating\" itemscope itemtype=\"https:\/\/schema.org\/Rating\"  style=\"display: block;padding-left: 15px;margin-top: 15px; height: 48px;\">\n                <i class=\"stt-icon-star1\"><\/i>\n                <span class=\"rate\" itemprop=\"ratingValue\" style=\"color: #0f3f5b;\">\n\t\t\t\t\t\t4.6 <span>\/<\/span> 5\n\t\t\t\t\t<\/span>\n\t\t\t\t\t<span class=\"rate-text\" style=\"color: #0f3f5b;\">\n\t\t\t\t\t\tExcellent\t\t\t\t\t<\/span>\n                <span class=\"summary\">\n                    (6 commentaires)\n                <\/span>\n            <\/div>\n            <div class=\"event-date d-none\" itemprop=\"startDate\" content=\"2026-04-26 10:07:42\">2026-04-26 10:07:42<\/div>\n            \n                     <div class=\"section-footer\">\n                                <div class=\"section_footer_content\" itemprop=\"priceRange\">\n                    <span class=\"price-tour\">\n                        <span class=\"price\">&nbsp;&nbsp;&nbsp;&nbsp;<span class=\"sale-top\">De  <span class=\"text-lg lh1em item\"> \u20ac87.50<\/span><\/span><br>&nbsp;&nbsp;&nbsp;&nbsp;une personne<\/span>\n                    <\/span>\n                    \n                                                <span class=\"unit\">\n\t\t\t\t\t\t        <a href=\"https:\/\/movery.it\/fr\/campania\/salerno\/tour-mezza-giornata-in-costiera-con-aperitivo-e-partenza-da-salerno\/\" class=\"add_tour\">\n\t\t\t\t\t\t\t        Livre \n\t\t\t\t\t\t        <\/a>\n                            <\/span>\n                                        <\/div>\n            <\/div>\n        <\/div>\n    <\/div>\n<\/div><\/div><div class=\"item-slide\"><div class=\"services-item grid item-elementor mb-3\" itemscope itemtype=\"https:\/\/schema.org\/Trip\">\n    <div class=\"item service-border st-border-radius\">\n    <div class=\"header-services-item\" style=\"height: 50px; backround:black\">\n\n<div class=\"title\" >\n    Excursions en bateau<\/div>\n<div class=\"icon\">\n\n        <a href=\"#\" class=\"login\" data-bs-toggle=\"modal\" data-bs-target=\"#st-login-form\">\n        \n            <div class=\"service-add-wishlist\" title=\"Ajouter \u00e0 la liste de souhaits\">\n            <img decoding=\"async\"  src=\"https:\/\/movery.it\/assets\/icons\/ico-favgreen.svg\" height=\"15\" width=\"15\" class=\"movery-home-main-items-child-pic-share ignore-mouse-events\" alt=\"Partager\" \/>\n\n\n                <div class=\"lds-dual-ring\"><\/div>\n            <\/div>\n        <\/a>\n        <a href=\"https:\/\/movery.it\/fr\/campania\/bacoli\/tour-in-barca-verso-napoli-sorrento-o-amalfi\/\">\n    <img decoding=\"async\"  src=\"https:\/\/movery.it\/assets\/icons\/card-shopping-cart.svg\" height=\"15\" width=\"15\" class=\"movery-home-main-items-child-pic-share ignore-mouse-events\" alt=\"Partager\" \/>\n\n    <\/a>\n    <a href=\"https:\/\/movery.it\/fr\/campania\/bacoli\/tour-in-barca-verso-napoli-sorrento-o-amalfi\/\">\n    <img decoding=\"async\"  src=\"https:\/\/static.movery.it\/assets\/img\/icons\/ico-sharegreen.svg\" height=\"15\" width=\"15\" class=\"movery-home-main-items-child-pic-share ignore-mouse-events\" alt=\"Partager\" \/>\n    <\/a>\n    \n<\/div>\n\n<\/div>\n        <div class=\"featured-image\">\n            <div class=\"st-tag-feature-sale\">\n                \n                                                            <\/div>\n\n            <a href=\"https:\/\/movery.it\/fr\/campania\/bacoli\/tour-in-barca-verso-napoli-sorrento-o-amalfi\/\">\n                <img decoding=\"async\" class=\"feature_tour_img\" itemprop=\"photo\" src=\"https:\/\/movery.it\/wp-content\/uploads\/2025\/11\/aperitivo_da_bacoli_tour-450x300.webp\"\n                     alt=\"De Bacoli \u00e0 la c\u00f4te : excursions en bateau vers Naples, Sorrente ou Amalfi\" \/>\n            <\/a>\n                    <\/div>\n        <div class=\"content-item\">\n        <a href=\"https:\/\/movery.it\/fr\/campania\/bacoli\/tour-in-barca-verso-napoli-sorrento-o-amalfi\/\"  class=\"title-a\" style=\"height: 3rem;overflow: hidden;\">\n        <p class=\"title\" itemprop=\"name\">\n               De Bacoli \u00e0 la c\u00f4te : excursions en bateau vers Naples, Sorrente ou Amalfi        <\/p>\n                <\/a>   \n        \n                            <div class=\"sub-title st-address d-flex\" itemprop=\"location\" itemscope itemtype=\"https:\/\/schema.org\/Place\">\n                    <span class=\"address\" itemprop=\"address\" itemscope itemtype=\"https:\/\/schema.org\/PostalAddress\">\n                        <span itemprop=\"streetAddress\"> <i class=\"stt-icon-location1\"><\/i> Via della Shoah, Bacoli<\/span>\n                    <\/span>\n\t\t\t\t\t                            <span class=\"duration\">\n\t\t\t\t\t\t\t\t<i class=\"input-icon st-border-radius field-icon fa\"><svg height=\"11px\" width=\"11px\" version=\"1.1\" id=\"Layer_1\" xmlns=\"http:\/\/www.w3.org\/2000\/svg\" xmlns:xlink=\"http:\/\/www.w3.org\/1999\/xlink\" x=\"0px\" y=\"0px\"\r\n     viewbox=\"0 0 24 24\" style=\"enable-background:new 0 0 24 24;\" xml:space=\"preserve\">\r\n\r\n<g fill=\"#013451\">\r\n    <path d=\"M12,23.25C5.797,23.25,0.75,18.203,0.75,12C0.75,5.797,5.797,0.75,12,0.75c6.203,0,11.25,5.047,11.25,11.25        C23.25,18.203,18.203,23.25,12,23.25z M12,2.25c-5.376,0-9.75,4.374-9.75,9.75s4.374,9.75,9.75,9.75s9.75-4.374,9.75-9.75        S17.376,2.25,12,2.25z\"\/>\r\n    <path d=\"M15.75,16.5c-0.2,0-0.389-0.078-0.53-0.22l-2.25-2.25c-0.302,0.145-0.632,0.22-0.969,0.22c-1.241,0-2.25-1.009-2.25-2.25        c0-0.96,0.615-1.808,1.5-2.121V5.25c0-0.414,0.336-0.75,0.75-0.75s0.75,0.336,0.75,0.75v4.629c0.885,0.314,1.5,1.162,1.5,2.121        c0,0.338-0.075,0.668-0.22,0.969l2.25,2.25c0.292,0.292,0.292,0.768,0,1.061C16.139,16.422,15.95,16.5,15.75,16.5z M12,11.25        c-0.414,0-0.75,0.336-0.75,0.75s0.336,0.75,0.75,0.75s0.75-0.336,0.75-0.75S12.414,11.25,12,11.25z\"\/>\r\n<\/g>\r\n<\/svg><\/i>\t\t\t\t\t\t\t\t8h  \n                        <\/span>\n                                        <\/div>\n            \n            <div class=\"excerpt\" style=\"height: 3rem;\">\n            Envie d'une exp\u00e9rience particuli\u00e8re ? R\u00e9servez une excursion en bateau sur la c\u00f4te amalfitaine pour admirer les...            <\/div>\n\n\n            <div class=\"reviews\" itemprop=\"starRating\" itemscope itemtype=\"https:\/\/schema.org\/Rating\"  style=\"display: block;padding-left: 15px;margin-top: 15px; height: 48px;\">\n                <i class=\"stt-icon-star1\"><\/i>\n                <span class=\"rate\" itemprop=\"ratingValue\" style=\"color: #0f3f5b;\">\n\t\t\t\t\t\t4.3 <span>\/<\/span> 5\n\t\t\t\t\t<\/span>\n\t\t\t\t\t<span class=\"rate-text\" style=\"color: #0f3f5b;\">\n\t\t\t\t\t\tExcellent\t\t\t\t\t<\/span>\n                <span class=\"summary\">\n                    (6 commentaires)\n                <\/span>\n            <\/div>\n            <div class=\"event-date d-none\" itemprop=\"startDate\" content=\"2026-04-26 10:07:42\">2026-04-26 10:07:42<\/div>\n            \n                     <div class=\"section-footer\">\n                                <div class=\"section_footer_content\" itemprop=\"priceRange\">\n                    <span class=\"price-tour\">\n                        <span class=\"price\">&nbsp;&nbsp;&nbsp;&nbsp;<span class=\"sale-top\">De  <span class=\"text-lg lh1em item\"> \u20ac105.00<\/span><\/span><br>&nbsp;&nbsp;&nbsp;&nbsp;une personne<\/span>\n                    <\/span>\n                    \n                                                <span class=\"unit\">\n\t\t\t\t\t\t        <a href=\"https:\/\/movery.it\/fr\/campania\/bacoli\/tour-in-barca-verso-napoli-sorrento-o-amalfi\/\" class=\"add_tour\">\n\t\t\t\t\t\t\t        Livre \n\t\t\t\t\t\t        <\/a>\n                            <\/span>\n                                        <\/div>\n            <\/div>\n        <\/div>\n    <\/div>\n<\/div><\/div><div class=\"item-slide\"><div class=\"services-item grid item-elementor mb-3\" itemscope itemtype=\"https:\/\/schema.org\/Trip\">\n    <div class=\"item service-border st-border-radius\">\n    <div class=\"header-services-item\" style=\"height: 50px; backround:black\">\n\n<div class=\"title\" >\n    Visites en Vespa<\/div>\n<div class=\"icon\">\n\n        <a href=\"#\" class=\"login\" data-bs-toggle=\"modal\" data-bs-target=\"#st-login-form\">\n        \n            <div class=\"service-add-wishlist\" title=\"Ajouter \u00e0 la liste de souhaits\">\n            <img decoding=\"async\"  src=\"https:\/\/movery.it\/assets\/icons\/ico-favgreen.svg\" height=\"15\" width=\"15\" class=\"movery-home-main-items-child-pic-share ignore-mouse-events\" alt=\"Partager\" \/>\n\n\n                <div class=\"lds-dual-ring\"><\/div>\n            <\/div>\n        <\/a>\n        <a href=\"https:\/\/movery.it\/fr\/campania\/napoli\/tour-in-vespa-in-costiera-amalfitana-con-partenza-da-napoli\/\">\n    <img decoding=\"async\"  src=\"https:\/\/movery.it\/assets\/icons\/card-shopping-cart.svg\" height=\"15\" width=\"15\" class=\"movery-home-main-items-child-pic-share ignore-mouse-events\" alt=\"Partager\" \/>\n\n    <\/a>\n    <a href=\"https:\/\/movery.it\/fr\/campania\/napoli\/tour-in-vespa-in-costiera-amalfitana-con-partenza-da-napoli\/\">\n    <img decoding=\"async\"  src=\"https:\/\/static.movery.it\/assets\/img\/icons\/ico-sharegreen.svg\" height=\"15\" width=\"15\" class=\"movery-home-main-items-child-pic-share ignore-mouse-events\" alt=\"Partager\" \/>\n    <\/a>\n    \n<\/div>\n\n<\/div>\n        <div class=\"featured-image\">\n            <div class=\"st-tag-feature-sale\">\n                \n                                                            <\/div>\n\n            <a href=\"https:\/\/movery.it\/fr\/campania\/napoli\/tour-in-vespa-in-costiera-amalfitana-con-partenza-da-napoli\/\">\n                <img decoding=\"async\" class=\"feature_tour_img\" itemprop=\"photo\" src=\"https:\/\/movery.it\/wp-content\/uploads\/2025\/05\/Amalfi-coast-tour_vespa-450x300.jpg\"\n                     alt=\"Excursion en Vespa sur la c\u00f4te amalfitaine, au c\u0153ur de la beaut\u00e9 et de l&#039;histoire, au d\u00e9part de Naples\" \/>\n            <\/a>\n                    <\/div>\n        <div class=\"content-item\">\n        <a href=\"https:\/\/movery.it\/fr\/campania\/napoli\/tour-in-vespa-in-costiera-amalfitana-con-partenza-da-napoli\/\"  class=\"title-a\" style=\"height: 3rem;overflow: hidden;\">\n        <p class=\"title\" itemprop=\"name\">\n               Excursion en Vespa sur la c\u00f4te amalfitaine, au c\u0153ur de la beaut\u00e9 et de l'histoire, au d\u00e9part de Naples        <\/p>\n                <\/a>   \n        \n                            <div class=\"sub-title st-address d-flex\" itemprop=\"location\" itemscope itemtype=\"https:\/\/schema.org\/Place\">\n                    <span class=\"address\" itemprop=\"address\" itemscope itemtype=\"https:\/\/schema.org\/PostalAddress\">\n                        <span itemprop=\"streetAddress\"> <i class=\"stt-icon-location1\"><\/i> Via Santa Lucia 36\/A, Naples<\/span>\n                    <\/span>\n\t\t\t\t\t                            <span class=\"duration\">\n\t\t\t\t\t\t\t\t<i class=\"input-icon st-border-radius field-icon fa\"><svg height=\"11px\" width=\"11px\" version=\"1.1\" id=\"Layer_1\" xmlns=\"http:\/\/www.w3.org\/2000\/svg\" xmlns:xlink=\"http:\/\/www.w3.org\/1999\/xlink\" x=\"0px\" y=\"0px\"\r\n     viewbox=\"0 0 24 24\" style=\"enable-background:new 0 0 24 24;\" xml:space=\"preserve\">\r\n\r\n<g fill=\"#013451\">\r\n    <path d=\"M12,23.25C5.797,23.25,0.75,18.203,0.75,12C0.75,5.797,5.797,0.75,12,0.75c6.203,0,11.25,5.047,11.25,11.25        C23.25,18.203,18.203,23.25,12,23.25z M12,2.25c-5.376,0-9.75,4.374-9.75,9.75s4.374,9.75,9.75,9.75s9.75-4.374,9.75-9.75        S17.376,2.25,12,2.25z\"\/>\r\n    <path d=\"M15.75,16.5c-0.2,0-0.389-0.078-0.53-0.22l-2.25-2.25c-0.302,0.145-0.632,0.22-0.969,0.22c-1.241,0-2.25-1.009-2.25-2.25        c0-0.96,0.615-1.808,1.5-2.121V5.25c0-0.414,0.336-0.75,0.75-0.75s0.75,0.336,0.75,0.75v4.629c0.885,0.314,1.5,1.162,1.5,2.121        c0,0.338-0.075,0.668-0.22,0.969l2.25,2.25c0.292,0.292,0.292,0.768,0,1.061C16.139,16.422,15.95,16.5,15.75,16.5z M12,11.25        c-0.414,0-0.75,0.336-0.75,0.75s0.336,0.75,0.75,0.75s0.75-0.336,0.75-0.75S12.414,11.25,12,11.25z\"\/>\r\n<\/g>\r\n<\/svg><\/i>\t\t\t\t\t\t\t\t9h  \n                        <\/span>\n                                        <\/div>\n            \n            <div class=\"excerpt\" style=\"height: 3rem;\">\n            Excursions en Vespa pour admirer les vues les plus \u00e9vocatrices de la c\u00f4te amalfitaine d'un point de vue diff\u00e9rent....            <\/div>\n\n\n            <div class=\"reviews\" itemprop=\"starRating\" itemscope itemtype=\"https:\/\/schema.org\/Rating\"  style=\"display: block;padding-left: 15px;margin-top: 15px; height: 48px;\">\n                <i class=\"stt-icon-star1\"><\/i>\n                <span class=\"rate\" itemprop=\"ratingValue\" style=\"color: #0f3f5b;\">\n\t\t\t\t\t\t4.8 <span>\/<\/span> 5\n\t\t\t\t\t<\/span>\n\t\t\t\t\t<span class=\"rate-text\" style=\"color: #0f3f5b;\">\n\t\t\t\t\t\tExcellent\t\t\t\t\t<\/span>\n                <span class=\"summary\">\n                    (5 commentaires)\n                <\/span>\n            <\/div>\n            <div class=\"event-date d-none\" itemprop=\"startDate\" content=\"2026-04-26 10:07:42\">2026-04-26 10:07:42<\/div>\n            \n                     <div class=\"section-footer\">\n                                <div class=\"section_footer_content\" itemprop=\"priceRange\">\n                    <span class=\"price-tour\">\n                        <span class=\"price\">&nbsp;&nbsp;&nbsp;&nbsp;<span class=\"sale-top\">De  <span class=\"text-lg lh1em item\"> \u20ac300.00<\/span><\/span><br>&nbsp;&nbsp;&nbsp;&nbsp;une personne<\/span>\n                    <\/span>\n                    \n                                                <span class=\"unit\">\n\t\t\t\t\t\t        <a href=\"https:\/\/movery.it\/fr\/campania\/napoli\/tour-in-vespa-in-costiera-amalfitana-con-partenza-da-napoli\/\" class=\"add_tour\">\n\t\t\t\t\t\t\t        Livre \n\t\t\t\t\t\t        <\/a>\n                            <\/span>\n                                        <\/div>\n            <\/div>\n        <\/div>\n    <\/div>\n<\/div><\/div><div class=\"item-slide\"><div class=\"services-item grid item-elementor mb-3\" itemscope itemtype=\"https:\/\/schema.org\/Trip\">\n    <div class=\"item service-border st-border-radius\">\n    <div class=\"header-services-item\" style=\"height: 50px; backround:black\">\n\n<div class=\"title\" >\n    Excursions en bateau<\/div>\n<div class=\"icon\">\n\n        <a href=\"#\" class=\"login\" data-bs-toggle=\"modal\" data-bs-target=\"#st-login-form\">\n        \n            <div class=\"service-add-wishlist\" title=\"Ajouter \u00e0 la liste de souhaits\">\n            <img loading=\"lazy\" decoding=\"async\"  src=\"https:\/\/movery.it\/assets\/icons\/ico-favgreen.svg\" height=\"15\" width=\"15\" class=\"movery-home-main-items-child-pic-share ignore-mouse-events\" alt=\"Partager\">\n\n\n                <div class=\"lds-dual-ring\"><\/div>\n            <\/div>\n        <\/a>\n        <a href=\"https:\/\/movery.it\/fr\/campania\/ischia\/minicrociera-a-positano-e-amalfi-in-partenza-da-ischia-porto\/\">\n    <img loading=\"lazy\" decoding=\"async\"  src=\"https:\/\/movery.it\/assets\/icons\/card-shopping-cart.svg\" height=\"15\" width=\"15\" class=\"movery-home-main-items-child-pic-share ignore-mouse-events\" alt=\"Partager\">\n\n    <\/a>\n    <a href=\"https:\/\/movery.it\/fr\/campania\/ischia\/minicrociera-a-positano-e-amalfi-in-partenza-da-ischia-porto\/\">\n    <img loading=\"lazy\" decoding=\"async\"  src=\"https:\/\/static.movery.it\/assets\/img\/icons\/ico-sharegreen.svg\" height=\"15\" width=\"15\" class=\"movery-home-main-items-child-pic-share ignore-mouse-events\" alt=\"Partager\">\n    <\/a>\n    \n<\/div>\n\n<\/div>\n        <div class=\"featured-image\">\n            <div class=\"st-tag-feature-sale\">\n                \n                                                            <\/div>\n\n            <a href=\"https:\/\/movery.it\/fr\/campania\/ischia\/minicrociera-a-positano-e-amalfi-in-partenza-da-ischia-porto\/\">\n                <img decoding=\"async\" class=\"feature_tour_img\" itemprop=\"photo\" src=\"https:\/\/movery.it\/wp-content\/uploads\/2025\/04\/costiera_positano_amalfi-450x300.jpg\"\n                     alt=\"Minicroisi\u00e8re \u00e0 destination de Positano et Amalfi au d\u00e9part d&#039;Ischia Porto\"\/>\n            <\/a>\n                    <\/div>\n        <div class=\"content-item\">\n        <a href=\"https:\/\/movery.it\/fr\/campania\/ischia\/minicrociera-a-positano-e-amalfi-in-partenza-da-ischia-porto\/\"  class=\"title-a\" style=\"height: 3rem;overflow: hidden;\">\n        <p class=\"title\" itemprop=\"name\">\n               Minicroisi\u00e8re \u00e0 destination de Positano et Amalfi au d\u00e9part d'Ischia Porto        <\/p>\n                <\/a>   \n        \n                            <div class=\"sub-title st-address d-flex\" itemprop=\"location\" itemscope itemtype=\"https:\/\/schema.org\/Place\">\n                    <span class=\"address\" itemprop=\"address\" itemscope itemtype=\"https:\/\/schema.org\/PostalAddress\">\n                        <span itemprop=\"streetAddress\"> <i class=\"stt-icon-location1\"><\/i> Ischia Porto<\/span>\n                    <\/span>\n\t\t\t\t\t                            <span class=\"duration\">\n\t\t\t\t\t\t\t\t<i class=\"input-icon st-border-radius field-icon fa\"><svg height=\"11px\" width=\"11px\" version=\"1.1\" id=\"Layer_1\" xmlns=\"http:\/\/www.w3.org\/2000\/svg\" xmlns:xlink=\"http:\/\/www.w3.org\/1999\/xlink\" x=\"0px\" y=\"0px\"\r\n     viewbox=\"0 0 24 24\" style=\"enable-background:new 0 0 24 24;\" xml:space=\"preserve\">\r\n\r\n<g fill=\"#013451\">\r\n    <path d=\"M12,23.25C5.797,23.25,0.75,18.203,0.75,12C0.75,5.797,5.797,0.75,12,0.75c6.203,0,11.25,5.047,11.25,11.25        C23.25,18.203,18.203,23.25,12,23.25z M12,2.25c-5.376,0-9.75,4.374-9.75,9.75s4.374,9.75,9.75,9.75s9.75-4.374,9.75-9.75        S17.376,2.25,12,2.25z\"\/>\r\n    <path d=\"M15.75,16.5c-0.2,0-0.389-0.078-0.53-0.22l-2.25-2.25c-0.302,0.145-0.632,0.22-0.969,0.22c-1.241,0-2.25-1.009-2.25-2.25        c0-0.96,0.615-1.808,1.5-2.121V5.25c0-0.414,0.336-0.75,0.75-0.75s0.75,0.336,0.75,0.75v4.629c0.885,0.314,1.5,1.162,1.5,2.121        c0,0.338-0.075,0.668-0.22,0.969l2.25,2.25c0.292,0.292,0.292,0.768,0,1.061C16.139,16.422,15.95,16.5,15.75,16.5z M12,11.25        c-0.414,0-0.75,0.336-0.75,0.75s0.336,0.75,0.75,0.75s0.75-0.336,0.75-0.75S12.414,11.25,12,11.25z\"\/>\r\n<\/g>\r\n<\/svg><\/i>\t\t\t\t\t\t\t\t8h  \n                        <\/span>\n                                        <\/div>\n            \n            <div class=\"excerpt\" style=\"height: 3rem;\">\n            Soleil, mer et bonne cuisine : voil\u00e0 ce que vous trouverez lors de cette mini-croisi\u00e8re \u00e0 Positano en...            <\/div>\n\n\n            <div class=\"reviews\" itemprop=\"starRating\" itemscope itemtype=\"https:\/\/schema.org\/Rating\"  style=\"display: block;padding-left: 15px;margin-top: 15px; height: 48px;\">\n                <i class=\"stt-icon-star1\"><\/i>\n                <span class=\"rate\" itemprop=\"ratingValue\" style=\"color: #0f3f5b;\">\n\t\t\t\t\t\t4.3 <span>\/<\/span> 5\n\t\t\t\t\t<\/span>\n\t\t\t\t\t<span class=\"rate-text\" style=\"color: #0f3f5b;\">\n\t\t\t\t\t\tExcellent\t\t\t\t\t<\/span>\n                <span class=\"summary\">\n                    (3 commentaires)\n                <\/span>\n            <\/div>\n            <div class=\"event-date d-none\" itemprop=\"startDate\" content=\"2026-04-26 10:07:42\">2026-04-26 10:07:42<\/div>\n            \n                     <div class=\"section-footer\">\n                                <div class=\"section_footer_content\" itemprop=\"priceRange\">\n                    <span class=\"price-tour\">\n                        <span class=\"price\">&nbsp;&nbsp;&nbsp;&nbsp;<span class=\"sale-top\">De  <span class=\"text-lg lh1em item\"> \u20ac70.00<\/span><\/span><br>&nbsp;&nbsp;&nbsp;&nbsp;une personne<\/span>\n                    <\/span>\n                    \n                                                <span class=\"unit\">\n\t\t\t\t\t\t        <a href=\"https:\/\/movery.it\/fr\/campania\/ischia\/minicrociera-a-positano-e-amalfi-in-partenza-da-ischia-porto\/\" class=\"add_tour\">\n\t\t\t\t\t\t\t        Livre \n\t\t\t\t\t\t        <\/a>\n                            <\/span>\n                                        <\/div>\n            <\/div>\n        <\/div>\n    <\/div>\n<\/div><\/div><div class=\"item-slide\"><div class=\"services-item grid item-elementor mb-3\" itemscope itemtype=\"https:\/\/schema.org\/Trip\">\n    <div class=\"item service-border st-border-radius\">\n    <div class=\"header-services-item\" style=\"height: 50px; backround:black\">\n\n<div class=\"title\" >\n    Excursions en bateau<\/div>\n<div class=\"icon\">\n\n        <a href=\"#\" class=\"login\" data-bs-toggle=\"modal\" data-bs-target=\"#st-login-form\">\n        \n            <div class=\"service-add-wishlist\" title=\"Ajouter \u00e0 la liste de souhaits\">\n            <img loading=\"lazy\" decoding=\"async\"  src=\"https:\/\/movery.it\/assets\/icons\/ico-favgreen.svg\" height=\"15\" width=\"15\" class=\"movery-home-main-items-child-pic-share ignore-mouse-events\" alt=\"Partager\">\n\n\n                <div class=\"lds-dual-ring\"><\/div>\n            <\/div>\n        <\/a>\n        <a href=\"https:\/\/movery.it\/fr\/campania\/costiera-amalfitana\/minicrociera-fullday-alla-scoperta-della-costiera-amalfitana-partenza-da-salerno\/\">\n    <img loading=\"lazy\" decoding=\"async\"  src=\"https:\/\/movery.it\/assets\/icons\/card-shopping-cart.svg\" height=\"15\" width=\"15\" class=\"movery-home-main-items-child-pic-share ignore-mouse-events\" alt=\"Partager\">\n\n    <\/a>\n    <a href=\"https:\/\/movery.it\/fr\/campania\/costiera-amalfitana\/minicrociera-fullday-alla-scoperta-della-costiera-amalfitana-partenza-da-salerno\/\">\n    <img loading=\"lazy\" decoding=\"async\"  src=\"https:\/\/static.movery.it\/assets\/img\/icons\/ico-sharegreen.svg\" height=\"15\" width=\"15\" class=\"movery-home-main-items-child-pic-share ignore-mouse-events\" alt=\"Partager\">\n    <\/a>\n    \n<\/div>\n\n<\/div>\n        <div class=\"featured-image\">\n            <div class=\"st-tag-feature-sale\">\n                \n                                                            <\/div>\n\n            <a href=\"https:\/\/movery.it\/fr\/campania\/costiera-amalfitana\/minicrociera-fullday-alla-scoperta-della-costiera-amalfitana-partenza-da-salerno\/\">\n                <img decoding=\"async\" class=\"feature_tour_img\" itemprop=\"photo\" src=\"https:\/\/movery.it\/wp-content\/uploads\/2024\/08\/minicrociera-fullday-costiera-amalfitana-2-450x300.jpg\"\n                     alt=\"Minicroisi\u00e8re partag\u00e9e d&#039;une journ\u00e9e \u00e0 la d\u00e9couverte de la c\u00f4te amalfitaine au d\u00e9part de Salerne\"\/>\n            <\/a>\n                    <\/div>\n        <div class=\"content-item\">\n        <a href=\"https:\/\/movery.it\/fr\/campania\/costiera-amalfitana\/minicrociera-fullday-alla-scoperta-della-costiera-amalfitana-partenza-da-salerno\/\"  class=\"title-a\" style=\"height: 3rem;overflow: hidden;\">\n        <p class=\"title\" itemprop=\"name\">\n               Minicroisi\u00e8re partag\u00e9e d'une journ\u00e9e \u00e0 la d\u00e9couverte de la c\u00f4te amalfitaine au d\u00e9part de Salerne        <\/p>\n                <\/a>   \n        \n                            <div class=\"sub-title st-address d-flex\" itemprop=\"location\" itemscope itemtype=\"https:\/\/schema.org\/Place\">\n                    <span class=\"address\" itemprop=\"address\" itemscope itemtype=\"https:\/\/schema.org\/PostalAddress\">\n                        <span itemprop=\"streetAddress\"> <i class=\"stt-icon-location1\"><\/i> Molo Manfredi port de Salerne, Salerne, SA, Italie<\/span>\n                    <\/span>\n\t\t\t\t\t                            <span class=\"duration\">\n\t\t\t\t\t\t\t\t<i class=\"input-icon st-border-radius field-icon fa\"><svg height=\"11px\" width=\"11px\" version=\"1.1\" id=\"Layer_1\" xmlns=\"http:\/\/www.w3.org\/2000\/svg\" xmlns:xlink=\"http:\/\/www.w3.org\/1999\/xlink\" x=\"0px\" y=\"0px\"\r\n     viewbox=\"0 0 24 24\" style=\"enable-background:new 0 0 24 24;\" xml:space=\"preserve\">\r\n\r\n<g fill=\"#013451\">\r\n    <path d=\"M12,23.25C5.797,23.25,0.75,18.203,0.75,12C0.75,5.797,5.797,0.75,12,0.75c6.203,0,11.25,5.047,11.25,11.25        C23.25,18.203,18.203,23.25,12,23.25z M12,2.25c-5.376,0-9.75,4.374-9.75,9.75s4.374,9.75,9.75,9.75s9.75-4.374,9.75-9.75        S17.376,2.25,12,2.25z\"\/>\r\n    <path d=\"M15.75,16.5c-0.2,0-0.389-0.078-0.53-0.22l-2.25-2.25c-0.302,0.145-0.632,0.22-0.969,0.22c-1.241,0-2.25-1.009-2.25-2.25        c0-0.96,0.615-1.808,1.5-2.121V5.25c0-0.414,0.336-0.75,0.75-0.75s0.75,0.336,0.75,0.75v4.629c0.885,0.314,1.5,1.162,1.5,2.121        c0,0.338-0.075,0.668-0.22,0.969l2.25,2.25c0.292,0.292,0.292,0.768,0,1.061C16.139,16.422,15.95,16.5,15.75,16.5z M12,11.25        c-0.414,0-0.75,0.336-0.75,0.75s0.336,0.75,0.75,0.75s0.75-0.336,0.75-0.75S12.414,11.25,12,11.25z\"\/>\r\n<\/g>\r\n<\/svg><\/i>\t\t\t\t\t\t\t\t8h  \n                        <\/span>\n                                        <\/div>\n            \n            <div class=\"excerpt\" style=\"height: 3rem;\">\n            D\u00e9couvrez les merveilles de la c\u00f4te amalfitaine lors d'une mini-croisi\u00e8re inoubliable. Partez de Molo Manfredi, \u00e0 Porto...            <\/div>\n\n\n            <div class=\"reviews\" itemprop=\"starRating\" itemscope itemtype=\"https:\/\/schema.org\/Rating\"  style=\"display: block;padding-left: 15px;margin-top: 15px; height: 48px;\">\n                <i class=\"stt-icon-star1\"><\/i>\n                <span class=\"rate\" itemprop=\"ratingValue\" style=\"color: #0f3f5b;\">\n\t\t\t\t\t\t4.8 <span>\/<\/span> 5\n\t\t\t\t\t<\/span>\n\t\t\t\t\t<span class=\"rate-text\" style=\"color: #0f3f5b;\">\n\t\t\t\t\t\tExcellent\t\t\t\t\t<\/span>\n                <span class=\"summary\">\n                    (5 commentaires)\n                <\/span>\n            <\/div>\n            <div class=\"event-date d-none\" itemprop=\"startDate\" content=\"2026-04-26 10:07:42\">2026-04-26 10:07:42<\/div>\n            \n                     <div class=\"section-footer\">\n                                <div class=\"section_footer_content\" itemprop=\"priceRange\">\n                    <span class=\"price-tour\">\n                        <span class=\"price\">&nbsp;&nbsp;&nbsp;&nbsp;<span class=\"sale-top\">De  <span class=\"text-lg lh1em item\"> \u20ac150.00<\/span><\/span><br>&nbsp;&nbsp;&nbsp;&nbsp;une personne<\/span>\n                    <\/span>\n                    \n                                                <span class=\"unit\">\n\t\t\t\t\t\t        <a href=\"https:\/\/movery.it\/fr\/campania\/costiera-amalfitana\/minicrociera-fullday-alla-scoperta-della-costiera-amalfitana-partenza-da-salerno\/\" class=\"add_tour\">\n\t\t\t\t\t\t\t        Livre \n\t\t\t\t\t\t        <\/a>\n                            <\/span>\n                                        <\/div>\n            <\/div>\n        <\/div>\n    <\/div>\n<\/div><\/div><div class=\"item-slide\"><div class=\"services-item grid item-elementor mb-3\" itemscope itemtype=\"https:\/\/schema.org\/Trip\">\n    <div class=\"item service-border st-border-radius\">\n        <div class=\"header-services-item\" style=\"height: 50px; backround:black\">\n\n            <div class=\"title\">\n                Aventure            <\/div>\n            <div class=\"icon\">\n\n                                    <a href=\"#\" class=\"login\" data-bs-toggle=\"modal\" data-bs-target=\"#st-login-form\">\n\n                        <div class=\"service-add-wishlist\" title=\"Ajouter \u00e0 la liste de souhaits\">\n                            <img loading=\"lazy\" decoding=\"async\" src=\"https:\/\/movery.it\/assets\/icons\/ico-favgreen.svg\" height=\"15\" width=\"15\" class=\"movery-home-main-items-child-pic-share ignore-mouse-events\" alt=\"Partager\">\n\n\n                            <div class=\"lds-dual-ring\"><\/div>\n                        <\/div>\n                    <\/a>\n                                <a href=\"https:\/\/movery.it\/fr\/campania\/costiera-amalfitana\/escursione-in-quad-monte-faito-e-vico-equense\/\">\n                    <img loading=\"lazy\" decoding=\"async\" src=\"https:\/\/movery.it\/assets\/icons\/card-shopping-cart.svg\" height=\"15\" width=\"15\" class=\"movery-home-main-items-child-pic-share ignore-mouse-events\" alt=\"Partager\">\n\n                <\/a>\n                <a href=\"https:\/\/movery.it\/fr\/campania\/costiera-amalfitana\/escursione-in-quad-monte-faito-e-vico-equense\/\">\n                    <img loading=\"lazy\" decoding=\"async\" src=\"https:\/\/static.movery.it\/assets\/img\/icons\/ico-sharegreen.svg\" height=\"15\" width=\"15\" class=\"movery-home-main-items-child-pic-share ignore-mouse-events\" alt=\"Partager\">\n                <\/a>\n\n            <\/div>\n\n        <\/div>\n        <div class=\"featured-image\">\n            <div class=\"st-tag-feature-sale\">\n                                                \n            <\/div>\n\n            <a href=\"https:\/\/movery.it\/fr\/campania\/costiera-amalfitana\/escursione-in-quad-monte-faito-e-vico-equense\/\">\n                <img decoding=\"async\" class=\"feature_activity_img\" itemprop=\"photo\" src=\"https:\/\/movery.it\/wp-content\/uploads\/2024\/03\/pexels-paulo-freitas-11029189-scaled-450x300.jpg\" alt=\"Excursion en quad entre Monte Faito et Vico Equense avec d\u00e9gustation de produits typiques\" \/>\n            <\/a>\n                    <\/div>\n        <div class=\"content-item\">\n            <a href=\"https:\/\/movery.it\/fr\/campania\/costiera-amalfitana\/escursione-in-quad-monte-faito-e-vico-equense\/\" class=\"title-a\" style=\"height: 3rem;overflow: hidden;\">\n                <p class=\"title\" itemprop=\"name\">\n                    Excursion en quad entre Monte Faito et Vico Equense avec d\u00e9gustation de produits typiques                <\/p>\n            <\/a>\n            \n\n                            <div class=\"sub-title st-address d-flex\" itemprop=\"location\" itemscope itemtype=\"https:\/\/schema.org\/Place\">\n                    <span class=\"address\" itemprop=\"address\" itemscope itemtype=\"https:\/\/schema.org\/PostalAddress\">\n                        <span itemprop=\"streetAddress\"> <i class=\"stt-icon-location1\"><\/i> Sorrento, ville m\u00e9tropolitaine de Naples, Italie<\/span>\n                    <\/span>\n\t\t\t\t\t                            <span class=\"duration\">\n\t\t\t\t\t\t\t\t<i class=\"input-icon st-border-radius field-icon fa\"><svg height=\"11px\" width=\"11px\" version=\"1.1\" id=\"Layer_1\" xmlns=\"http:\/\/www.w3.org\/2000\/svg\" xmlns:xlink=\"http:\/\/www.w3.org\/1999\/xlink\" x=\"0px\" y=\"0px\"\r\n     viewbox=\"0 0 24 24\" style=\"enable-background:new 0 0 24 24;\" xml:space=\"preserve\">\r\n\r\n<g fill=\"#013451\">\r\n    <path d=\"M12,23.25C5.797,23.25,0.75,18.203,0.75,12C0.75,5.797,5.797,0.75,12,0.75c6.203,0,11.25,5.047,11.25,11.25        C23.25,18.203,18.203,23.25,12,23.25z M12,2.25c-5.376,0-9.75,4.374-9.75,9.75s4.374,9.75,9.75,9.75s9.75-4.374,9.75-9.75        S17.376,2.25,12,2.25z\"\/>\r\n    <path d=\"M15.75,16.5c-0.2,0-0.389-0.078-0.53-0.22l-2.25-2.25c-0.302,0.145-0.632,0.22-0.969,0.22c-1.241,0-2.25-1.009-2.25-2.25        c0-0.96,0.615-1.808,1.5-2.121V5.25c0-0.414,0.336-0.75,0.75-0.75s0.75,0.336,0.75,0.75v4.629c0.885,0.314,1.5,1.162,1.5,2.121        c0,0.338-0.075,0.668-0.22,0.969l2.25,2.25c0.292,0.292,0.292,0.768,0,1.061C16.139,16.422,15.95,16.5,15.75,16.5z M12,11.25        c-0.414,0-0.75,0.336-0.75,0.75s0.336,0.75,0.75,0.75s0.75-0.336,0.75-0.75S12.414,11.25,12,11.25z\"\/>\r\n<\/g>\r\n<\/svg><\/i>\t\t\t\t\t\t\t\t6h  \n                        <\/span>\n                                        <\/div>\n            \n            <div class=\"excerpt\" style=\"height: 3rem;\">\n                Vous voulez vous offrir une exp\u00e9rience de r\u00eave ? Avec cette excursion en quad, vous pourrez explorer la r\u00e9gion entre...            <\/div>\n\n\n            <div class=\"reviews\" itemprop=\"starRating\" itemscope itemtype=\"https:\/\/schema.org\/Rating\"  style=\"display: block;padding-left: 15px;margin-top: 15px; height: 48px;\">\n                <i class=\"stt-icon-star1\"><\/i>\n                <span class=\"rate\" itemprop=\"ratingValue\" style=\"color: #0f3f5b;\">\n\t\t\t\t\t\t0 <span>\/<\/span> 5\n\t\t\t\t\t<\/span>\n\t\t\t\t\t<span class=\"rate-text\" style=\"color: #0f3f5b;\">\n\t\t\t\t\t\tNon class\u00e9\t\t\t\t\t<\/span>\n                <span class=\"summary\">\n                    (0 commentaires)\n                <\/span>\n            <\/div>\n            <div class=\"event-date d-none\" itemprop=\"startDate\" content=\"2026-04-26 10:07:42\">2026-04-26 10:07:42<\/div>\n\n                        <div class=\"section-footer\">\n                                <div class=\"section_footer_content\" itemprop=\"priceRange\">\n                    <span class=\"price-tour\" >\n                        <span class=\"price\">&nbsp;&nbsp;&nbsp;&nbsp;<span class=\"sale-top\">De  <span class=\"text-lg lh1em item\"> \u20ac109.00<\/span><\/span><br>&nbsp;&nbsp;&nbsp;&nbsp;une personne<\/span>\n                    <\/span>\n\n                                                <span class=\"unit\">\n\t\t\t\t\t\t        <a href=\"https:\/\/movery.it\/fr\/campania\/costiera-amalfitana\/escursione-in-quad-monte-faito-e-vico-equense\/\" class=\"add_tour\">\n\t\t\t\t\t\t\t        Livre \n\t\t\t\t\t\t        <\/a>\n                            <\/span>\n                                        <\/div>\n            <\/div>\n        <\/div>\n    <\/div>\n<\/div><\/div><\/div>            <\/div>\n        <\/div>\n    <\/div>\n    \n    \t\t<div class=\"elementor-shortcode\"><\/div>\n\t\t\t\t<\/div>\n\t\t\t\t<\/div>\n\t\t\t\t\t<\/div>\n\t\t\t\t<\/div>\n\t\t<div class=\"elementor-element elementor-element-f366606 e-flex e-con-boxed e-con e-parent\" data-id=\"f366606\" data-element_type=\"container\">\n\t\t\t\t\t<div class=\"e-con-inner\">\n\t\t\t\t<div class=\"elementor-element elementor-element-d677575 elementor-widget elementor-widget-text-editor\" data-id=\"d677575\" data-element_type=\"widget\" data-widget_type=\"text-editor.default\">\n\t\t\t\t<div class=\"elementor-widget-container\">\n\t\t\t\t\t\t\t<h2 class=\"wp-block-heading\"><span class=\"ez-toc-section\" id=\"Dove_mangiare_ad_Amalfi_centro_ristoranti_tipici_e_vista_mare\"><\/span>Dove mangiare ad Amalfi centro: ristoranti tipici e vista mare<span class=\"ez-toc-section-end\"><\/span><\/h2>\n<p><!-- \/wp:heading --><!-- wp:paragraph --><\/p>\n<p>Nel cuore di Amalfi \u00e8 possibile vivere un\u2019esperienza gastronomica completa grazie a una selezione di ristoranti situati a pochi passi dal Duomo e dal lungomare. Tra le opzioni pi\u00f9 autentiche spicca <strong>Da Maria<\/strong>, una trattoria storica perfetta per assaporare la cucina tradizionale campana in un ambiente informale e accogliente. A breve distanza, Ristorante <strong>L&#8217;Abside<\/strong> propone piatti tipici rivisitati in chiave contemporanea, ideale per chi cerca qualit\u00e0 e cura nei dettagli. Nei vicoli del centro si trova anche <strong>Taverna degli Apostoli, <\/strong>perfetta per una cena pi\u00f9 intima con specialit\u00e0 di mare, mentre Marina Grande rappresenta una delle location pi\u00f9 iconiche grazie alla posizione direttamente sulla spiaggia, ideale per una cena con vista sul mare.<\/p>\n<p><!-- \/wp:paragraph --><!-- wp:heading --><\/p>\n<h2 class=\"wp-block-heading\"><span class=\"ez-toc-section\" id=\"Dove_dormire_ad_Amalfi_centro_hotel_comodi_e_strutture_di_charme\"><\/span>Dove dormire ad Amalfi centro: hotel comodi e strutture di charme<span class=\"ez-toc-section-end\"><\/span><\/h2>\n<p><!-- \/wp:heading --><!-- wp:paragraph --><\/p>\n<p>Soggiornare nel centro di Amalfi consente di muoversi facilmente a piedi e vivere appieno l\u2019atmosfera della costiera. Tra le soluzioni pi\u00f9 pratiche c\u2019\u00e8 <strong>Hotel Amalfi, <\/strong>situato a pochi metri dal <strong>Cath\u00e9drale <\/strong>e perfetto per chi cerca comodit\u00e0 e posizione strategica. Un\u2019altra opzione centrale \u00e8 <strong>Amalfi Hotel Centrale,<\/strong> ideale per avere tutti i principali punti di interesse a portata di mano. Per un soggiorno pi\u00f9 raccolto e autentico, <strong>Amalfi Centro B&amp;B<\/strong> offre ambienti curati e una posizione privilegiata nel cuore del borgo, mentre Hotel Floridiana rappresenta una scelta di charme con un ottimo rapporto tra comfort e centralit\u00e0.<\/p>\n<p><!-- \/wp:paragraph --><!-- wp:paragraph --><\/p>\n<p>Choisir le <strong>Costiera Amalfitana per il ponte del 1 maggio<\/strong> significa vivere una destinazione completa, capace di unire <strong>mare, cultura, gastronomia ed esperienze immersive<\/strong> in pochi giorni. Grazie alla possibilit\u00e0 di prenotare facilmente tour ed esperienze tramite Movery, il viaggio diventa ancora pi\u00f9 semplice da organizzare e allo stesso tempo pi\u00f9 ricco di contenuti.<\/p>\t\t\t\t\t\t<\/div>\n\t\t\t\t<\/div>\n\t\t\t\t\t<\/div>\n\t\t\t\t<\/div>\n\t\t<div class=\"elementor-element elementor-element-7e78953 e-flex e-con-boxed e-con e-parent\" data-id=\"7e78953\" data-element_type=\"container\">\n\t\t\t\t\t<div class=\"e-con-inner\">\n\t\t\t\t\t<\/div>\n\t\t\t\t<\/div>\n\t\t\t\t<\/div>","protected":false},"excerpt":{"rendered":"<p>Per il ponte del 1 maggio, la Costiera Amalfitana si conferma una delle mete pi\u00f9&#8230;<\/p>","protected":false},"author":21,"featured_media":40215,"comment_status":"closed","ping_status":"closed","sticky":true,"template":"","format":"standard","meta":{"_seopress_robots_primary_cat":"none","_seopress_titles_title":"Ponte 1 Maggio in Costiera Amalfitana: itinerario 3 giorni tra Positano, Amalfi e Ravello","_seopress_titles_desc":"Un itinerario completo di 3 giorni per il ponte del 1 maggio in Costiera Amalfitana tra borghi iconici come Positano, Amalfi e Ravello, esperienze autentiche prenotabili su Movery, tour in barca e in Vespa, cooking class e attivit\u00e0 outdoor. Una guida pratica con suggerimenti su cosa fare, dove mangiare e dove dormire nel cuore della costiera.","_seopress_robots_index":"","content-type":"","footnotes":""},"categories":[319,310,307,316,313],"tags":[],"locations":[167,196,199,236,789],"class_list":["post-59013","post","type-post","status-publish","format-standard","has-post-thumbnail","hentry","category-eventi","category-luoghi-delle-storie","category-passi-memoria","category-viaggia-in-compagnia","category-sapori-tipici","locations-campania","locations-capri","locations-castellammare-di-stabia","locations-costiera-amalfitana","locations-costiera-cilento"],"pp_statuses_selecting_workflow":false,"pp_workflow_action":"current","pp_status_selection":"publish","_links":{"self":[{"href":"https:\/\/movery.it\/fr\/wp-json\/wp\/v2\/posts\/59013","targetHints":{"allow":["GET"]}}],"collection":[{"href":"https:\/\/movery.it\/fr\/wp-json\/wp\/v2\/posts"}],"about":[{"href":"https:\/\/movery.it\/fr\/wp-json\/wp\/v2\/types\/post"}],"author":[{"embeddable":true,"href":"https:\/\/movery.it\/fr\/wp-json\/wp\/v2\/users\/21"}],"replies":[{"embeddable":true,"href":"https:\/\/movery.it\/fr\/wp-json\/wp\/v2\/comments?post=59013"}],"version-history":[{"count":6,"href":"https:\/\/movery.it\/fr\/wp-json\/wp\/v2\/posts\/59013\/revisions"}],"predecessor-version":[{"id":59022,"href":"https:\/\/movery.it\/fr\/wp-json\/wp\/v2\/posts\/59013\/revisions\/59022"}],"wp:featuredmedia":[{"embeddable":true,"href":"https:\/\/movery.it\/fr\/wp-json\/wp\/v2\/media\/40215"}],"wp:attachment":[{"href":"https:\/\/movery.it\/fr\/wp-json\/wp\/v2\/media?parent=59013"}],"wp:term":[{"taxonomy":"category","embeddable":true,"href":"https:\/\/movery.it\/fr\/wp-json\/wp\/v2\/categories?post=59013"},{"taxonomy":"post_tag","embeddable":true,"href":"https:\/\/movery.it\/fr\/wp-json\/wp\/v2\/tags?post=59013"},{"taxonomy":"locations","embeddable":true,"href":"https:\/\/movery.it\/fr\/wp-json\/wp\/v2\/locations?post=59013"}],"curies":[{"name":"wp","href":"https:\/\/api.w.org\/{rel}","templated":true}]}}